{"id":113,"date":"2012-09-21T11:35:26","date_gmt":"2012-09-21T11:35:26","guid":{"rendered":"https:\/\/www.imosver.com\/blog\/?p=113"},"modified":"2021-04-07T16:10:15","modified_gmt":"2021-04-07T14:10:15","slug":"75-anos-de-el-hobbit-de-tolkien","status":"publish","type":"post","link":"https:\/\/www.imosver.com\/blog\/75-anos-de-el-hobbit-de-tolkien\/","title":{"rendered":"75 a\u00f1os de El Hobbit de Tolkien"},"content":{"rendered":"<p style=\"text-align: justify;\"><a href=\"https:\/\/www.imosver.com\/blog\/75-anos-de-el-hobbit-de-tolkien\/el-hobbit-edicion-especial-75-aniversario\/\" rel=\"attachment wp-att-114\"><img loading=\"lazy\" class=\"alignleft size-full wp-image-114\" title=\"el hobbit edicion especial 75 aniversario\" src=\"https:\/\/www.imosver.com\/blog\/wp-content\/uploads\/2012\/09\/el-hobbit-edicion-especial-75-aniversario.jpg\" alt=\"el hobbit edicion especial 75 aniversario\" width=\"200\" height=\"297\" \/><\/a>El 21 de septiembre de 1937 sal\u00eda a la venta la historia de c\u00f3mo Bilbo Bols\u00f3n abandona la Comarca para adentrarse en la aventura de encontrar un tesoro que est\u00e1 en manos de un drag\u00f3n, junto a algunos enanos y magos. Y es que hoy hace exactamente 75 a\u00f1os que JRR Tolkien public\u00f3 <a title=\"el hobbit\" href=\"https:\/\/www.imosver.com\/es\/libro\/el-hobbit_0850010009\" target=\"_blank\" rel=\"noopener\"><strong>El Hobbit<\/strong><\/a>.<\/p>\n<p style=\"text-align: justify;\">Con el paso de los a\u00f1os esta historia, mucho m\u00e1s sencilla que <a title=\"el se\u00f1or de los anillos\" href=\"https:\/\/www.imosver.com\/es\/libro\/el-senor-de-los-anillos-i-la-comunidad-del-anillo_0850010006\" target=\"_blank\" rel=\"noopener\"><strong>El Se\u00f1or de los Anillos<\/strong><\/a>, se ha ido conviertiendo en una novela de culto a pesar del escaso \u00e9xito que tuvo al principio.<\/p>\n<p style=\"text-align: justify;\">Muestra de este \u00e9xito es la expectaci\u00f3n que se est\u00e1 creando alrededor de la pel\u00edcula que Peter Jackson est\u00e1 preparando sobre el libro, y de la que esta semana se ha hecho p\u00fablico el tr\u00e1iler.<\/p>\n<p style=\"text-align: justify;\">Como no pod\u00eda ser de otra manera las editoriales han rendido un homenaje a este aniversario conla publicaci\u00f3n por parte de Minotauro de <a title=\"el hobbit edicion especial 75 aniversario\" href=\"https:\/\/www.imosver.com\/es\/libro\/el-hobbit-edicion-especial-75-aniversario_9970011430\" target=\"_blank\" rel=\"noopener\"><strong>EL HOBBIT EDICI\u00d3N ESPECIAL 75 ANIVERSARIO<\/strong><\/a>, un pack compuesto por una reproducci\u00f3n de la edici\u00f3n original de 1937 que\u00a0incluye las ilustraciones dise\u00f1adas por el propio Tolkien. Esta\u00a0edici\u00f3n limitada est\u00e1 formada por 3.500 ejemplares numerados que ir\u00e1n\u00a0acompa\u00f1ados de una elegante funda de piel grabada con los motivos de\u00a0El Libro Rojo y el Mapa de Thr\u00f3r.<\/p>\n","protected":false},"excerpt":{"rendered":"<p>El 21 de septiembre de 1937 sal\u00eda a la venta la historia de c\u00f3mo Bilbo Bols\u00f3n abandona la Comarca para adentrarse en la aventura de encontrar un tesoro que est\u00e1 en manos de un drag\u00f3n, junto a algunos enanos y magos. Y es que hoy hace exactamente 75 a\u00f1os que JRR Tolkien public\u00f3 El Hobbit. [&hellip;]<\/p>\n","protected":false},"author":2,"featured_media":0,"comment_status":"open","ping_status":"open","sticky":false,"template":"","format":"standard","meta":{"tdm_status":"","tdm_grid_status":""},"categories":[165],"tags":[12,28,29,10,30],"yoast_head":"<!-- This site is optimized with the Yoast SEO plugin v17.2 - https:\/\/yoast.com\/wordpress\/plugins\/seo\/ -->\n<meta name=\"robots\" content=\"index, follow, max-snippet:-1, max-image-preview:large, max-video-preview:-1\" \/>\n<link rel=\"canonical\" href=\"https:\/\/www.imosver.com\/blog\/75-anos-de-el-hobbit-de-tolkien\/\" \/>\n<meta property=\"og:locale\" content=\"es_ES\" \/>\n<meta property=\"og:type\" content=\"article\" \/>\n<meta property=\"og:title\" content=\"75 a\u00f1os de El Hobbit de Tolkien - Blog imosver\" \/>\n<meta property=\"og:description\" content=\"El 21 de septiembre de 1937 sal\u00eda a la venta la historia de c\u00f3mo Bilbo Bols\u00f3n abandona la Comarca para adentrarse en la aventura de encontrar un tesoro que est\u00e1 en manos de un drag\u00f3n, junto a algunos enanos y magos. Y es que hoy hace exactamente 75 a\u00f1os que JRR Tolkien public\u00f3 El Hobbit. [&hellip;]\" \/>\n<meta property=\"og:url\" content=\"https:\/\/www.imosver.com\/blog\/75-anos-de-el-hobbit-de-tolkien\/\" \/>\n<meta property=\"og:site_name\" content=\"Blog imosver\" \/>\n<meta property=\"article:publisher\" content=\"https:\/\/www.facebook.com\/imosver\" \/>\n<meta property=\"article:published_time\" content=\"2012-09-21T11:35:26+00:00\" \/>\n<meta property=\"article:modified_time\" content=\"2021-04-07T14:10:15+00:00\" \/>\n<meta property=\"og:image\" content=\"https:\/\/www.imosver.com\/blog\/wp-content\/uploads\/2012\/09\/el-hobbit-edicion-especial-75-aniversario.jpg\" \/>\n<meta name=\"twitter:card\" content=\"summary_large_image\" \/>\n<meta name=\"twitter:creator\" content=\"@Imosver\" \/>\n<meta name=\"twitter:site\" content=\"@Imosver\" \/>\n<meta name=\"twitter:label1\" content=\"Escrito por\" \/>\n\t<meta name=\"twitter:data1\" content=\"Imosver\" \/>\n\t<meta name=\"twitter:label2\" content=\"Tiempo de lectura\" \/>\n\t<meta name=\"twitter:data2\" content=\"1 minuto\" \/>\n<script type=\"application\/ld+json\" class=\"yoast-schema-graph\">{\"@context\":\"https:\/\/schema.org\",\"@graph\":[{\"@type\":\"Organization\",\"@id\":\"https:\/\/www.imosver.com\/blog\/#organization\",\"name\":\"Imosver\",\"url\":\"https:\/\/www.imosver.com\/blog\/\",\"sameAs\":[\"https:\/\/www.facebook.com\/imosver\",\"https:\/\/www.instagram.com\/imosver\/\",\"https:\/\/www.linkedin.com\/company\/3086458\/admin\/\",\"https:\/\/www.pinterest.es\/imosver\/\",\"https:\/\/twitter.com\/Imosver\"],\"logo\":{\"@type\":\"ImageObject\",\"@id\":\"https:\/\/www.imosver.com\/blog\/#logo\",\"inLanguage\":\"es\",\"url\":\"https:\/\/www.imosver.com\/blog\/wp-content\/uploads\/2026\/01\/logo.png\",\"contentUrl\":\"https:\/\/www.imosver.com\/blog\/wp-content\/uploads\/2026\/01\/logo.png\",\"width\":523,\"height\":120,\"caption\":\"Imosver\"},\"image\":{\"@id\":\"https:\/\/www.imosver.com\/blog\/#logo\"}},{\"@type\":\"WebSite\",\"@id\":\"https:\/\/www.imosver.com\/blog\/#website\",\"url\":\"https:\/\/www.imosver.com\/blog\/\",\"name\":\"Blog imosver\",\"description\":\"Blog Imosver\",\"publisher\":{\"@id\":\"https:\/\/www.imosver.com\/blog\/#organization\"},\"potentialAction\":[{\"@type\":\"SearchAction\",\"target\":{\"@type\":\"EntryPoint\",\"urlTemplate\":\"https:\/\/www.imosver.com\/blog\/?s={search_term_string}\"},\"query-input\":\"required name=search_term_string\"}],\"inLanguage\":\"es\"},{\"@type\":\"ImageObject\",\"@id\":\"https:\/\/www.imosver.com\/blog\/75-anos-de-el-hobbit-de-tolkien\/#primaryimage\",\"inLanguage\":\"es\",\"url\":\"https:\/\/www.imosver.com\/blog\/wp-content\/uploads\/2012\/09\/el-hobbit-edicion-especial-75-aniversario.jpg\",\"contentUrl\":\"https:\/\/www.imosver.com\/blog\/wp-content\/uploads\/2012\/09\/el-hobbit-edicion-especial-75-aniversario.jpg\",\"width\":\"200\",\"height\":\"297\",\"caption\":\"el hobbit edicion especial 75 aniversario\"},{\"@type\":\"WebPage\",\"@id\":\"https:\/\/www.imosver.com\/blog\/75-anos-de-el-hobbit-de-tolkien\/#webpage\",\"url\":\"https:\/\/www.imosver.com\/blog\/75-anos-de-el-hobbit-de-tolkien\/\",\"name\":\"75 a\\u00f1os de El Hobbit de Tolkien - Blog imosver\",\"isPartOf\":{\"@id\":\"https:\/\/www.imosver.com\/blog\/#website\"},\"primaryImageOfPage\":{\"@id\":\"https:\/\/www.imosver.com\/blog\/75-anos-de-el-hobbit-de-tolkien\/#primaryimage\"},\"datePublished\":\"2012-09-21T11:35:26+00:00\",\"dateModified\":\"2021-04-07T14:10:15+00:00\",\"breadcrumb\":{\"@id\":\"https:\/\/www.imosver.com\/blog\/75-anos-de-el-hobbit-de-tolkien\/#breadcrumb\"},\"inLanguage\":\"es\",\"potentialAction\":[{\"@type\":\"ReadAction\",\"target\":[\"https:\/\/www.imosver.com\/blog\/75-anos-de-el-hobbit-de-tolkien\/\"]}]},{\"@type\":\"BreadcrumbList\",\"@id\":\"https:\/\/www.imosver.com\/blog\/75-anos-de-el-hobbit-de-tolkien\/#breadcrumb\",\"itemListElement\":[{\"@type\":\"ListItem\",\"position\":1,\"name\":\"Portada\",\"item\":\"https:\/\/www.imosver.com\/blog\/\"},{\"@type\":\"ListItem\",\"position\":2,\"name\":\"75 a\\u00f1os de El Hobbit de Tolkien\"}]},{\"@type\":\"Article\",\"@id\":\"https:\/\/www.imosver.com\/blog\/75-anos-de-el-hobbit-de-tolkien\/#article\",\"isPartOf\":{\"@id\":\"https:\/\/www.imosver.com\/blog\/75-anos-de-el-hobbit-de-tolkien\/#webpage\"},\"author\":{\"@id\":\"https:\/\/www.imosver.com\/blog\/#\/schema\/person\/4894cc3afc687758ce752d7938e0519d\"},\"headline\":\"75 a\\u00f1os de El Hobbit de Tolkien\",\"datePublished\":\"2012-09-21T11:35:26+00:00\",\"dateModified\":\"2021-04-07T14:10:15+00:00\",\"mainEntityOfPage\":{\"@id\":\"https:\/\/www.imosver.com\/blog\/75-anos-de-el-hobbit-de-tolkien\/#webpage\"},\"wordCount\":229,\"commentCount\":0,\"publisher\":{\"@id\":\"https:\/\/www.imosver.com\/blog\/#organization\"},\"image\":{\"@id\":\"https:\/\/www.imosver.com\/blog\/75-anos-de-el-hobbit-de-tolkien\/#primaryimage\"},\"thumbnailUrl\":\"https:\/\/www.imosver.com\/blog\/wp-content\/uploads\/2012\/09\/el-hobbit-edicion-especial-75-aniversario.jpg\",\"keywords\":[\"comprar libros\",\"el hobbit\",\"el hobbit edicion especial 75 aniversario\",\"imosver\",\"Tolkien\"],\"articleSection\":[\"Actualidad\"],\"inLanguage\":\"es\",\"potentialAction\":[{\"@type\":\"CommentAction\",\"name\":\"Comment\",\"target\":[\"https:\/\/www.imosver.com\/blog\/75-anos-de-el-hobbit-de-tolkien\/#respond\"]}]},{\"@type\":\"Person\",\"@id\":\"https:\/\/www.imosver.com\/blog\/#\/schema\/person\/4894cc3afc687758ce752d7938e0519d\",\"name\":\"Imosver\",\"image\":{\"@type\":\"ImageObject\",\"@id\":\"https:\/\/www.imosver.com\/blog\/#personlogo\",\"inLanguage\":\"es\",\"url\":\"https:\/\/secure.gravatar.com\/avatar\/00c6911b29e428161a36327744b2bc61?s=96&r=g\",\"contentUrl\":\"https:\/\/secure.gravatar.com\/avatar\/00c6911b29e428161a36327744b2bc61?s=96&r=g\",\"caption\":\"Imosver\"},\"url\":\"https:\/\/www.imosver.com\/blog\/author\/imosver\/\"}]}<\/script>\n<!-- \/ Yoast SEO plugin. -->","yoast_head_json":{"robots":{"index":"index","follow":"follow","max-snippet":"max-snippet:-1","max-image-preview":"max-image-preview:large","max-video-preview":"max-video-preview:-1"},"canonical":"https:\/\/www.imosver.com\/blog\/75-anos-de-el-hobbit-de-tolkien\/","og_locale":"es_ES","og_type":"article","og_title":"75 a\u00f1os de El Hobbit de Tolkien - Blog imosver","og_description":"El 21 de septiembre de 1937 sal\u00eda a la venta la historia de c\u00f3mo Bilbo Bols\u00f3n abandona la Comarca para adentrarse en la aventura de encontrar un tesoro que est\u00e1 en manos de un drag\u00f3n, junto a algunos enanos y magos. Y es que hoy hace exactamente 75 a\u00f1os que JRR Tolkien public\u00f3 El Hobbit. [&hellip;]","og_url":"https:\/\/www.imosver.com\/blog\/75-anos-de-el-hobbit-de-tolkien\/","og_site_name":"Blog imosver","article_publisher":"https:\/\/www.facebook.com\/imosver","article_published_time":"2012-09-21T11:35:26+00:00","article_modified_time":"2021-04-07T14:10:15+00:00","og_image":[{"url":"https:\/\/www.imosver.com\/blog\/wp-content\/uploads\/2012\/09\/el-hobbit-edicion-especial-75-aniversario.jpg"}],"twitter_card":"summary_large_image","twitter_creator":"@Imosver","twitter_site":"@Imosver","twitter_misc":{"Escrito por":"Imosver","Tiempo de lectura":"1 minuto"},"schema":{"@context":"https:\/\/schema.org","@graph":[{"@type":"Organization","@id":"https:\/\/www.imosver.com\/blog\/#organization","name":"Imosver","url":"https:\/\/www.imosver.com\/blog\/","sameAs":["https:\/\/www.facebook.com\/imosver","https:\/\/www.instagram.com\/imosver\/","https:\/\/www.linkedin.com\/company\/3086458\/admin\/","https:\/\/www.pinterest.es\/imosver\/","https:\/\/twitter.com\/Imosver"],"logo":{"@type":"ImageObject","@id":"https:\/\/www.imosver.com\/blog\/#logo","inLanguage":"es","url":"https:\/\/www.imosver.com\/blog\/wp-content\/uploads\/2026\/01\/logo.png","contentUrl":"https:\/\/www.imosver.com\/blog\/wp-content\/uploads\/2026\/01\/logo.png","width":523,"height":120,"caption":"Imosver"},"image":{"@id":"https:\/\/www.imosver.com\/blog\/#logo"}},{"@type":"WebSite","@id":"https:\/\/www.imosver.com\/blog\/#website","url":"https:\/\/www.imosver.com\/blog\/","name":"Blog imosver","description":"Blog Imosver","publisher":{"@id":"https:\/\/www.imosver.com\/blog\/#organization"},"potentialAction":[{"@type":"SearchAction","target":{"@type":"EntryPoint","urlTemplate":"https:\/\/www.imosver.com\/blog\/?s={search_term_string}"},"query-input":"required name=search_term_string"}],"inLanguage":"es"},{"@type":"ImageObject","@id":"https:\/\/www.imosver.com\/blog\/75-anos-de-el-hobbit-de-tolkien\/#primaryimage","inLanguage":"es","url":"https:\/\/www.imosver.com\/blog\/wp-content\/uploads\/2012\/09\/el-hobbit-edicion-especial-75-aniversario.jpg","contentUrl":"https:\/\/www.imosver.com\/blog\/wp-content\/uploads\/2012\/09\/el-hobbit-edicion-especial-75-aniversario.jpg","width":"200","height":"297","caption":"el hobbit edicion especial 75 aniversario"},{"@type":"WebPage","@id":"https:\/\/www.imosver.com\/blog\/75-anos-de-el-hobbit-de-tolkien\/#webpage","url":"https:\/\/www.imosver.com\/blog\/75-anos-de-el-hobbit-de-tolkien\/","name":"75 a\u00f1os de El Hobbit de Tolkien - Blog imosver","isPartOf":{"@id":"https:\/\/www.imosver.com\/blog\/#website"},"primaryImageOfPage":{"@id":"https:\/\/www.imosver.com\/blog\/75-anos-de-el-hobbit-de-tolkien\/#primaryimage"},"datePublished":"2012-09-21T11:35:26+00:00","dateModified":"2021-04-07T14:10:15+00:00","breadcrumb":{"@id":"https:\/\/www.imosver.com\/blog\/75-anos-de-el-hobbit-de-tolkien\/#breadcrumb"},"inLanguage":"es","potentialAction":[{"@type":"ReadAction","target":["https:\/\/www.imosver.com\/blog\/75-anos-de-el-hobbit-de-tolkien\/"]}]},{"@type":"BreadcrumbList","@id":"https:\/\/www.imosver.com\/blog\/75-anos-de-el-hobbit-de-tolkien\/#breadcrumb","itemListElement":[{"@type":"ListItem","position":1,"name":"Portada","item":"https:\/\/www.imosver.com\/blog\/"},{"@type":"ListItem","position":2,"name":"75 a\u00f1os de El Hobbit de Tolkien"}]},{"@type":"Article","@id":"https:\/\/www.imosver.com\/blog\/75-anos-de-el-hobbit-de-tolkien\/#article","isPartOf":{"@id":"https:\/\/www.imosver.com\/blog\/75-anos-de-el-hobbit-de-tolkien\/#webpage"},"author":{"@id":"https:\/\/www.imosver.com\/blog\/#\/schema\/person\/4894cc3afc687758ce752d7938e0519d"},"headline":"75 a\u00f1os de El Hobbit de Tolkien","datePublished":"2012-09-21T11:35:26+00:00","dateModified":"2021-04-07T14:10:15+00:00","mainEntityOfPage":{"@id":"https:\/\/www.imosver.com\/blog\/75-anos-de-el-hobbit-de-tolkien\/#webpage"},"wordCount":229,"commentCount":0,"publisher":{"@id":"https:\/\/www.imosver.com\/blog\/#organization"},"image":{"@id":"https:\/\/www.imosver.com\/blog\/75-anos-de-el-hobbit-de-tolkien\/#primaryimage"},"thumbnailUrl":"https:\/\/www.imosver.com\/blog\/wp-content\/uploads\/2012\/09\/el-hobbit-edicion-especial-75-aniversario.jpg","keywords":["comprar libros","el hobbit","el hobbit edicion especial 75 aniversario","imosver","Tolkien"],"articleSection":["Actualidad"],"inLanguage":"es","potentialAction":[{"@type":"CommentAction","name":"Comment","target":["https:\/\/www.imosver.com\/blog\/75-anos-de-el-hobbit-de-tolkien\/#respond"]}]},{"@type":"Person","@id":"https:\/\/www.imosver.com\/blog\/#\/schema\/person\/4894cc3afc687758ce752d7938e0519d","name":"Imosver","image":{"@type":"ImageObject","@id":"https:\/\/www.imosver.com\/blog\/#personlogo","inLanguage":"es","url":"https:\/\/secure.gravatar.com\/avatar\/00c6911b29e428161a36327744b2bc61?s=96&r=g","contentUrl":"https:\/\/secure.gravatar.com\/avatar\/00c6911b29e428161a36327744b2bc61?s=96&r=g","caption":"Imosver"},"url":"https:\/\/www.imosver.com\/blog\/author\/imosver\/"}]}},"_links":{"self":[{"href":"https:\/\/www.imosver.com\/blog\/wp-json\/wp\/v2\/posts\/113"}],"collection":[{"href":"https:\/\/www.imosver.com\/blog\/wp-json\/wp\/v2\/posts"}],"about":[{"href":"https:\/\/www.imosver.com\/blog\/wp-json\/wp\/v2\/types\/post"}],"author":[{"embeddable":true,"href":"https:\/\/www.imosver.com\/blog\/wp-json\/wp\/v2\/users\/2"}],"replies":[{"embeddable":true,"href":"https:\/\/www.imosver.com\/blog\/wp-json\/wp\/v2\/comments?post=113"}],"version-history":[{"count":4,"href":"https:\/\/www.imosver.com\/blog\/wp-json\/wp\/v2\/posts\/113\/revisions"}],"predecessor-version":[{"id":8299,"href":"https:\/\/www.imosver.com\/blog\/wp-json\/wp\/v2\/posts\/113\/revisions\/8299"}],"wp:attachment":[{"href":"https:\/\/www.imosver.com\/blog\/wp-json\/wp\/v2\/media?parent=113"}],"wp:term":[{"taxonomy":"category","embeddable":true,"href":"https:\/\/www.imosver.com\/blog\/wp-json\/wp\/v2\/categories?post=113"},{"taxonomy":"post_tag","embeddable":true,"href":"https:\/\/www.imosver.com\/blog\/wp-json\/wp\/v2\/tags?post=113"}],"curies":[{"name":"wp","href":"https:\/\/api.w.org\/{rel}","templated":true}]}}