{"id":1179,"date":"2013-05-07T08:21:21","date_gmt":"2013-05-07T08:21:21","guid":{"rendered":"https:\/\/www.imosver.com\/blog\/?p=1179"},"modified":"2021-04-07T16:14:22","modified_gmt":"2021-04-07T14:14:22","slug":"coronada-de-moscas-de-margo-glantz","status":"publish","type":"post","link":"https:\/\/www.imosver.com\/blog\/coronada-de-moscas-de-margo-glantz\/","title":{"rendered":"Coronada de Moscas de Margo Glantz"},"content":{"rendered":"<p style=\"text-align: justify;\"><a href=\"https:\/\/www.imosver.com\/blog\/wp-content\/uploads\/2013\/05\/Coronada-de-moscas.jpg\"><img loading=\"lazy\" class=\"alignleft size-medium wp-image-1180\" title=\"Coronada de moscas\" src=\"https:\/\/www.imosver.com\/blog\/wp-content\/uploads\/2013\/05\/Coronada-de-moscas-200x300.jpg\" alt=\"\" width=\"200\" height=\"300\" srcset=\"https:\/\/www.imosver.com\/blog\/wp-content\/uploads\/2013\/05\/Coronada-de-moscas-200x300.jpg 200w, https:\/\/www.imosver.com\/blog\/wp-content\/uploads\/2013\/05\/Coronada-de-moscas-199x300.jpg 199w, https:\/\/www.imosver.com\/blog\/wp-content\/uploads\/2013\/05\/Coronada-de-moscas.jpg 300w\" sizes=\"(max-width: 200px) 100vw, 200px\" \/><\/a><a title=\"Margo Glantz\" href=\"https:\/\/www.imosver.com\/es\/autor\/glantz-margo\/\" target=\"_blank\" rel=\"noopener\"><strong>Margo Glantz<\/strong><\/a> es una luz en las letras mexicanas de nuestros d\u00edas, su calidad e innegable estilo son una fuerte influencia, su proceso anal\u00edtico inspirador. Sin duda su letras han brillado en el ensayo, un g\u00e9nero que le ha dado la libertad de explorar en la forma y el fondo de innumerables temas, as\u00ed es <a title=\"Coronada de Moscas\" href=\"https:\/\/www.imosver.com\/es\/libro\/coronada-de-moscas_0010008620\" target=\"_blank\" rel=\"noopener\"><strong>Coronada de Moscas<\/strong><\/a> libro h\u00edbrido entre la ficci\u00f3n y el ensayo que recopila la experiencia de la autora a trav\u00e9s de sus diferentes viajes a la India. \u00a0Lo extranjero, lo otro, lo que no soy yo, siempre es una delicia en los ojos ajenos, siempre dedicamos largas veladas a escuchar an\u00e9cdotas de viajes o a contar las propias, el afuera, ese m\u00e1s all\u00e1 que se materializa en el extranjero siempre tiene algo m\u00e1gico que, al final nos deja mucho m\u00e1s cercanos con el lugar, despu\u00e9s de esto incluso el paraje m\u00e1s lejano nos parece familiar.<\/p>\n<p style=\"text-align: justify;\">Adem\u00e1s de todo esto podemos sumar que el libro no son s\u00f3lo palabras, es tambi\u00e9n una verdadera experiencia visual aderezada por las fotograf\u00edas de Alina L\u00f3pez C\u00e1mara, un verdadero deleite visual. Adem\u00e1s que est\u00e1 aderezado con elementos y detalles que lo hacen un libro muy especial y placentero. No es uno de esos viajes \u00e9picos llenos de aventuras tipo griegas.<\/p>\n<p style=\"text-align: justify;\">El viaje que se describe en este libro es de una belleza incalculable, al verla con los ojos de la escritora la India se transmuta sentimos que podemos entenderla mejor, es un viaje de descubrimientos y enamoramiento por el entorno y la gente. \u00a0Margo Glantz, no es una simple turista es un testigo de la belleza del lugar.<\/p>\n<p style=\"text-align: justify;\">Lo m\u00e1s hermoso de este libro es que hay un sentimiento sensorial a lo largo de la lectura, m\u00e1s all\u00e1 de las fotograf\u00edas la escritura misma es intensamente sensorial, lo que refleja a la percepci\u00f3n la experiencia de la autora durante los 3 meses que pas\u00f3 en la India. Entre las l\u00edneas se puede vislumbrar, textura, formas y colores, que a pesar que est\u00e1n en el imaginario sobre este pa\u00eds, nunca lo hab\u00edamos imaginado de una intensidad y nitidez tan armoniosa y profunda. Su vena acad\u00e9mica no se pod\u00eda quedar fuera, ya que para esta edici\u00f3n no s\u00f3lo realiz\u00f3 ella misma el viaje sino que se document\u00f3 con la literatura m\u00e1s selecta e interesante acerca del pa\u00eds.<\/p>\n<p style=\"text-align: justify;\">Este libro es para los amantes de la India, que sin duda alguna lo encontrar\u00e1n lleno de nuevos rincones por descubrir, recovecos inimaginables y podr\u00e1n ver la India desde una perspectiva de v\u00edvida poes\u00eda, pero tambi\u00e9n este libro es para los que est\u00e1n buscando un viaje, los que no conocen el pa\u00eds y quiz\u00e1 nunca pensaron en conocerlo, pero les interesa la experiencia transmitida a trav\u00e9s de la historia. <strong>Coronada de moscas es un libro para todos aquellos que quieren viajar a trav\u00e9s de la mente de una de las escritoras m\u00e1s brillantes de nuestros d\u00edas<\/strong>.<\/p>\n<p style=\"text-align: justify;\">(Escrito por\u00a0<span style=\"color: #000080;\"><a title=\"www.buscarlibros.com\" href=\"http:\/\/www.buscarlibros.com\/\" target=\"_blank\" rel=\"noopener\">www.buscarlibros.com<\/a><\/span>, una web de b\u00fasqueda de libros, donde se puede comparar precios entre librer\u00edas online)<\/p>\n","protected":false},"excerpt":{"rendered":"<p>Margo Glantz es una luz en las letras mexicanas de nuestros d\u00edas, su calidad e innegable estilo son una fuerte influencia, su proceso anal\u00edtico inspirador. Sin duda su letras han brillado en el ensayo, un g\u00e9nero que le ha dado la libertad de explorar en la forma y el fondo de innumerables temas, as\u00ed es [&hellip;]<\/p>\n","protected":false},"author":2,"featured_media":0,"comment_status":"open","ping_status":"open","sticky":false,"template":"","format":"standard","meta":{"tdm_status":"","tdm_grid_status":""},"categories":[165],"tags":[324,261,325],"yoast_head":"<!-- This site is optimized with the Yoast SEO plugin v17.2 - https:\/\/yoast.com\/wordpress\/plugins\/seo\/ -->\n<meta name=\"robots\" content=\"index, follow, max-snippet:-1, max-image-preview:large, max-video-preview:-1\" \/>\n<link rel=\"canonical\" href=\"https:\/\/www.imosver.com\/blog\/coronada-de-moscas-de-margo-glantz\/\" \/>\n<meta property=\"og:locale\" content=\"es_ES\" \/>\n<meta property=\"og:type\" content=\"article\" \/>\n<meta property=\"og:title\" content=\"Coronada de Moscas de Margo Glantz - Blog imosver\" \/>\n<meta property=\"og:description\" content=\"Margo Glantz es una luz en las letras mexicanas de nuestros d\u00edas, su calidad e innegable estilo son una fuerte influencia, su proceso anal\u00edtico inspirador. Sin duda su letras han brillado en el ensayo, un g\u00e9nero que le ha dado la libertad de explorar en la forma y el fondo de innumerables temas, as\u00ed es [&hellip;]\" \/>\n<meta property=\"og:url\" content=\"https:\/\/www.imosver.com\/blog\/coronada-de-moscas-de-margo-glantz\/\" \/>\n<meta property=\"og:site_name\" content=\"Blog imosver\" \/>\n<meta property=\"article:publisher\" content=\"https:\/\/www.facebook.com\/imosver\" \/>\n<meta property=\"article:published_time\" content=\"2013-05-07T08:21:21+00:00\" \/>\n<meta property=\"article:modified_time\" content=\"2021-04-07T14:14:22+00:00\" \/>\n<meta property=\"og:image\" content=\"https:\/\/www.imosver.com\/blog\/wp-content\/uploads\/2013\/05\/Coronada-de-moscas-200x300.jpg\" \/>\n<meta name=\"twitter:card\" content=\"summary_large_image\" \/>\n<meta name=\"twitter:creator\" content=\"@Imosver\" \/>\n<meta name=\"twitter:site\" content=\"@Imosver\" \/>\n<meta name=\"twitter:label1\" content=\"Escrito por\" \/>\n\t<meta name=\"twitter:data1\" content=\"Imosver\" \/>\n\t<meta name=\"twitter:label2\" content=\"Tiempo de lectura\" \/>\n\t<meta name=\"twitter:data2\" content=\"3 minutos\" \/>\n<script type=\"application\/ld+json\" class=\"yoast-schema-graph\">{\"@context\":\"https:\/\/schema.org\",\"@graph\":[{\"@type\":\"Organization\",\"@id\":\"https:\/\/www.imosver.com\/blog\/#organization\",\"name\":\"Imosver\",\"url\":\"https:\/\/www.imosver.com\/blog\/\",\"sameAs\":[\"https:\/\/www.facebook.com\/imosver\",\"https:\/\/www.instagram.com\/imosver\/\",\"https:\/\/www.linkedin.com\/company\/3086458\/admin\/\",\"https:\/\/www.pinterest.es\/imosver\/\",\"https:\/\/twitter.com\/Imosver\"],\"logo\":{\"@type\":\"ImageObject\",\"@id\":\"https:\/\/www.imosver.com\/blog\/#logo\",\"inLanguage\":\"es\",\"url\":\"https:\/\/www.imosver.com\/blog\/wp-content\/uploads\/2026\/01\/logo.png\",\"contentUrl\":\"https:\/\/www.imosver.com\/blog\/wp-content\/uploads\/2026\/01\/logo.png\",\"width\":523,\"height\":120,\"caption\":\"Imosver\"},\"image\":{\"@id\":\"https:\/\/www.imosver.com\/blog\/#logo\"}},{\"@type\":\"WebSite\",\"@id\":\"https:\/\/www.imosver.com\/blog\/#website\",\"url\":\"https:\/\/www.imosver.com\/blog\/\",\"name\":\"Blog imosver\",\"description\":\"Blog Imosver\",\"publisher\":{\"@id\":\"https:\/\/www.imosver.com\/blog\/#organization\"},\"potentialAction\":[{\"@type\":\"SearchAction\",\"target\":{\"@type\":\"EntryPoint\",\"urlTemplate\":\"https:\/\/www.imosver.com\/blog\/?s={search_term_string}\"},\"query-input\":\"required name=search_term_string\"}],\"inLanguage\":\"es\"},{\"@type\":\"ImageObject\",\"@id\":\"https:\/\/www.imosver.com\/blog\/coronada-de-moscas-de-margo-glantz\/#primaryimage\",\"inLanguage\":\"es\",\"url\":\"https:\/\/www.imosver.com\/blog\/wp-content\/uploads\/2013\/05\/Coronada-de-moscas.jpg\",\"contentUrl\":\"https:\/\/www.imosver.com\/blog\/wp-content\/uploads\/2013\/05\/Coronada-de-moscas.jpg\",\"width\":\"300\",\"height\":\"452\"},{\"@type\":\"WebPage\",\"@id\":\"https:\/\/www.imosver.com\/blog\/coronada-de-moscas-de-margo-glantz\/#webpage\",\"url\":\"https:\/\/www.imosver.com\/blog\/coronada-de-moscas-de-margo-glantz\/\",\"name\":\"Coronada de Moscas de Margo Glantz - Blog imosver\",\"isPartOf\":{\"@id\":\"https:\/\/www.imosver.com\/blog\/#website\"},\"primaryImageOfPage\":{\"@id\":\"https:\/\/www.imosver.com\/blog\/coronada-de-moscas-de-margo-glantz\/#primaryimage\"},\"datePublished\":\"2013-05-07T08:21:21+00:00\",\"dateModified\":\"2021-04-07T14:14:22+00:00\",\"breadcrumb\":{\"@id\":\"https:\/\/www.imosver.com\/blog\/coronada-de-moscas-de-margo-glantz\/#breadcrumb\"},\"inLanguage\":\"es\",\"potentialAction\":[{\"@type\":\"ReadAction\",\"target\":[\"https:\/\/www.imosver.com\/blog\/coronada-de-moscas-de-margo-glantz\/\"]}]},{\"@type\":\"BreadcrumbList\",\"@id\":\"https:\/\/www.imosver.com\/blog\/coronada-de-moscas-de-margo-glantz\/#breadcrumb\",\"itemListElement\":[{\"@type\":\"ListItem\",\"position\":1,\"name\":\"Portada\",\"item\":\"https:\/\/www.imosver.com\/blog\/\"},{\"@type\":\"ListItem\",\"position\":2,\"name\":\"Coronada de Moscas de Margo Glantz\"}]},{\"@type\":\"Article\",\"@id\":\"https:\/\/www.imosver.com\/blog\/coronada-de-moscas-de-margo-glantz\/#article\",\"isPartOf\":{\"@id\":\"https:\/\/www.imosver.com\/blog\/coronada-de-moscas-de-margo-glantz\/#webpage\"},\"author\":{\"@id\":\"https:\/\/www.imosver.com\/blog\/#\/schema\/person\/4894cc3afc687758ce752d7938e0519d\"},\"headline\":\"Coronada de Moscas de Margo Glantz\",\"datePublished\":\"2013-05-07T08:21:21+00:00\",\"dateModified\":\"2021-04-07T14:14:22+00:00\",\"mainEntityOfPage\":{\"@id\":\"https:\/\/www.imosver.com\/blog\/coronada-de-moscas-de-margo-glantz\/#webpage\"},\"wordCount\":551,\"commentCount\":0,\"publisher\":{\"@id\":\"https:\/\/www.imosver.com\/blog\/#organization\"},\"image\":{\"@id\":\"https:\/\/www.imosver.com\/blog\/coronada-de-moscas-de-margo-glantz\/#primaryimage\"},\"thumbnailUrl\":\"https:\/\/www.imosver.com\/blog\/wp-content\/uploads\/2013\/05\/Coronada-de-moscas-200x300.jpg\",\"keywords\":[\"Coronada de moscas\",\"libros recomendados\",\"Margo Glantz\"],\"articleSection\":[\"Actualidad\"],\"inLanguage\":\"es\",\"potentialAction\":[{\"@type\":\"CommentAction\",\"name\":\"Comment\",\"target\":[\"https:\/\/www.imosver.com\/blog\/coronada-de-moscas-de-margo-glantz\/#respond\"]}]},{\"@type\":\"Person\",\"@id\":\"https:\/\/www.imosver.com\/blog\/#\/schema\/person\/4894cc3afc687758ce752d7938e0519d\",\"name\":\"Imosver\",\"image\":{\"@type\":\"ImageObject\",\"@id\":\"https:\/\/www.imosver.com\/blog\/#personlogo\",\"inLanguage\":\"es\",\"url\":\"https:\/\/secure.gravatar.com\/avatar\/00c6911b29e428161a36327744b2bc61?s=96&r=g\",\"contentUrl\":\"https:\/\/secure.gravatar.com\/avatar\/00c6911b29e428161a36327744b2bc61?s=96&r=g\",\"caption\":\"Imosver\"},\"url\":\"https:\/\/www.imosver.com\/blog\/author\/imosver\/\"}]}<\/script>\n<!-- \/ Yoast SEO plugin. -->","yoast_head_json":{"robots":{"index":"index","follow":"follow","max-snippet":"max-snippet:-1","max-image-preview":"max-image-preview:large","max-video-preview":"max-video-preview:-1"},"canonical":"https:\/\/www.imosver.com\/blog\/coronada-de-moscas-de-margo-glantz\/","og_locale":"es_ES","og_type":"article","og_title":"Coronada de Moscas de Margo Glantz - Blog imosver","og_description":"Margo Glantz es una luz en las letras mexicanas de nuestros d\u00edas, su calidad e innegable estilo son una fuerte influencia, su proceso anal\u00edtico inspirador. Sin duda su letras han brillado en el ensayo, un g\u00e9nero que le ha dado la libertad de explorar en la forma y el fondo de innumerables temas, as\u00ed es [&hellip;]","og_url":"https:\/\/www.imosver.com\/blog\/coronada-de-moscas-de-margo-glantz\/","og_site_name":"Blog imosver","article_publisher":"https:\/\/www.facebook.com\/imosver","article_published_time":"2013-05-07T08:21:21+00:00","article_modified_time":"2021-04-07T14:14:22+00:00","og_image":[{"url":"https:\/\/www.imosver.com\/blog\/wp-content\/uploads\/2013\/05\/Coronada-de-moscas-200x300.jpg"}],"twitter_card":"summary_large_image","twitter_creator":"@Imosver","twitter_site":"@Imosver","twitter_misc":{"Escrito por":"Imosver","Tiempo de lectura":"3 minutos"},"schema":{"@context":"https:\/\/schema.org","@graph":[{"@type":"Organization","@id":"https:\/\/www.imosver.com\/blog\/#organization","name":"Imosver","url":"https:\/\/www.imosver.com\/blog\/","sameAs":["https:\/\/www.facebook.com\/imosver","https:\/\/www.instagram.com\/imosver\/","https:\/\/www.linkedin.com\/company\/3086458\/admin\/","https:\/\/www.pinterest.es\/imosver\/","https:\/\/twitter.com\/Imosver"],"logo":{"@type":"ImageObject","@id":"https:\/\/www.imosver.com\/blog\/#logo","inLanguage":"es","url":"https:\/\/www.imosver.com\/blog\/wp-content\/uploads\/2026\/01\/logo.png","contentUrl":"https:\/\/www.imosver.com\/blog\/wp-content\/uploads\/2026\/01\/logo.png","width":523,"height":120,"caption":"Imosver"},"image":{"@id":"https:\/\/www.imosver.com\/blog\/#logo"}},{"@type":"WebSite","@id":"https:\/\/www.imosver.com\/blog\/#website","url":"https:\/\/www.imosver.com\/blog\/","name":"Blog imosver","description":"Blog Imosver","publisher":{"@id":"https:\/\/www.imosver.com\/blog\/#organization"},"potentialAction":[{"@type":"SearchAction","target":{"@type":"EntryPoint","urlTemplate":"https:\/\/www.imosver.com\/blog\/?s={search_term_string}"},"query-input":"required name=search_term_string"}],"inLanguage":"es"},{"@type":"ImageObject","@id":"https:\/\/www.imosver.com\/blog\/coronada-de-moscas-de-margo-glantz\/#primaryimage","inLanguage":"es","url":"https:\/\/www.imosver.com\/blog\/wp-content\/uploads\/2013\/05\/Coronada-de-moscas.jpg","contentUrl":"https:\/\/www.imosver.com\/blog\/wp-content\/uploads\/2013\/05\/Coronada-de-moscas.jpg","width":"300","height":"452"},{"@type":"WebPage","@id":"https:\/\/www.imosver.com\/blog\/coronada-de-moscas-de-margo-glantz\/#webpage","url":"https:\/\/www.imosver.com\/blog\/coronada-de-moscas-de-margo-glantz\/","name":"Coronada de Moscas de Margo Glantz - Blog imosver","isPartOf":{"@id":"https:\/\/www.imosver.com\/blog\/#website"},"primaryImageOfPage":{"@id":"https:\/\/www.imosver.com\/blog\/coronada-de-moscas-de-margo-glantz\/#primaryimage"},"datePublished":"2013-05-07T08:21:21+00:00","dateModified":"2021-04-07T14:14:22+00:00","breadcrumb":{"@id":"https:\/\/www.imosver.com\/blog\/coronada-de-moscas-de-margo-glantz\/#breadcrumb"},"inLanguage":"es","potentialAction":[{"@type":"ReadAction","target":["https:\/\/www.imosver.com\/blog\/coronada-de-moscas-de-margo-glantz\/"]}]},{"@type":"BreadcrumbList","@id":"https:\/\/www.imosver.com\/blog\/coronada-de-moscas-de-margo-glantz\/#breadcrumb","itemListElement":[{"@type":"ListItem","position":1,"name":"Portada","item":"https:\/\/www.imosver.com\/blog\/"},{"@type":"ListItem","position":2,"name":"Coronada de Moscas de Margo Glantz"}]},{"@type":"Article","@id":"https:\/\/www.imosver.com\/blog\/coronada-de-moscas-de-margo-glantz\/#article","isPartOf":{"@id":"https:\/\/www.imosver.com\/blog\/coronada-de-moscas-de-margo-glantz\/#webpage"},"author":{"@id":"https:\/\/www.imosver.com\/blog\/#\/schema\/person\/4894cc3afc687758ce752d7938e0519d"},"headline":"Coronada de Moscas de Margo Glantz","datePublished":"2013-05-07T08:21:21+00:00","dateModified":"2021-04-07T14:14:22+00:00","mainEntityOfPage":{"@id":"https:\/\/www.imosver.com\/blog\/coronada-de-moscas-de-margo-glantz\/#webpage"},"wordCount":551,"commentCount":0,"publisher":{"@id":"https:\/\/www.imosver.com\/blog\/#organization"},"image":{"@id":"https:\/\/www.imosver.com\/blog\/coronada-de-moscas-de-margo-glantz\/#primaryimage"},"thumbnailUrl":"https:\/\/www.imosver.com\/blog\/wp-content\/uploads\/2013\/05\/Coronada-de-moscas-200x300.jpg","keywords":["Coronada de moscas","libros recomendados","Margo Glantz"],"articleSection":["Actualidad"],"inLanguage":"es","potentialAction":[{"@type":"CommentAction","name":"Comment","target":["https:\/\/www.imosver.com\/blog\/coronada-de-moscas-de-margo-glantz\/#respond"]}]},{"@type":"Person","@id":"https:\/\/www.imosver.com\/blog\/#\/schema\/person\/4894cc3afc687758ce752d7938e0519d","name":"Imosver","image":{"@type":"ImageObject","@id":"https:\/\/www.imosver.com\/blog\/#personlogo","inLanguage":"es","url":"https:\/\/secure.gravatar.com\/avatar\/00c6911b29e428161a36327744b2bc61?s=96&r=g","contentUrl":"https:\/\/secure.gravatar.com\/avatar\/00c6911b29e428161a36327744b2bc61?s=96&r=g","caption":"Imosver"},"url":"https:\/\/www.imosver.com\/blog\/author\/imosver\/"}]}},"_links":{"self":[{"href":"https:\/\/www.imosver.com\/blog\/wp-json\/wp\/v2\/posts\/1179"}],"collection":[{"href":"https:\/\/www.imosver.com\/blog\/wp-json\/wp\/v2\/posts"}],"about":[{"href":"https:\/\/www.imosver.com\/blog\/wp-json\/wp\/v2\/types\/post"}],"author":[{"embeddable":true,"href":"https:\/\/www.imosver.com\/blog\/wp-json\/wp\/v2\/users\/2"}],"replies":[{"embeddable":true,"href":"https:\/\/www.imosver.com\/blog\/wp-json\/wp\/v2\/comments?post=1179"}],"version-history":[{"count":5,"href":"https:\/\/www.imosver.com\/blog\/wp-json\/wp\/v2\/posts\/1179\/revisions"}],"predecessor-version":[{"id":8796,"href":"https:\/\/www.imosver.com\/blog\/wp-json\/wp\/v2\/posts\/1179\/revisions\/8796"}],"wp:attachment":[{"href":"https:\/\/www.imosver.com\/blog\/wp-json\/wp\/v2\/media?parent=1179"}],"wp:term":[{"taxonomy":"category","embeddable":true,"href":"https:\/\/www.imosver.com\/blog\/wp-json\/wp\/v2\/categories?post=1179"},{"taxonomy":"post_tag","embeddable":true,"href":"https:\/\/www.imosver.com\/blog\/wp-json\/wp\/v2\/tags?post=1179"}],"curies":[{"name":"wp","href":"https:\/\/api.w.org\/{rel}","templated":true}]}}