{"id":1203,"date":"2013-05-10T07:06:37","date_gmt":"2013-05-10T07:06:37","guid":{"rendered":"https:\/\/www.imosver.com\/blog\/?p=1203"},"modified":"2013-05-10T07:06:37","modified_gmt":"2013-05-10T07:06:37","slug":"el-cartero-malo-cuentos-cortos-de-rabindranath-tagore","status":"publish","type":"post","link":"https:\/\/www.imosver.com\/blog\/el-cartero-malo-cuentos-cortos-de-rabindranath-tagore\/","title":{"rendered":"El cartero malo. Cuentos cortos de Rabindranath Tagore"},"content":{"rendered":"<p style=\"text-align: justify;\"><a href=\"https:\/\/www.imosver.com\/blog\/wp-content\/uploads\/2013\/05\/NI\u00d1O-INDIO-ESCRIBIENDO.jpg\"><img loading=\"lazy\" class=\"alignleft size-medium wp-image-1204\" title=\"NI\u00d1O INDIO ESCRIBIENDO\" src=\"https:\/\/www.imosver.com\/blog\/wp-content\/uploads\/2013\/05\/NI\u00d1O-INDIO-ESCRIBIENDO-200x236.jpg\" alt=\"\" width=\"200\" height=\"236\" srcset=\"https:\/\/www.imosver.com\/blog\/wp-content\/uploads\/2013\/05\/NI\u00d1O-INDIO-ESCRIBIENDO-200x236.jpg 200w, https:\/\/www.imosver.com\/blog\/wp-content\/uploads\/2013\/05\/NI\u00d1O-INDIO-ESCRIBIENDO-253x300.jpg 253w, https:\/\/www.imosver.com\/blog\/wp-content\/uploads\/2013\/05\/NI\u00d1O-INDIO-ESCRIBIENDO.jpg 384w\" sizes=\"(max-width: 200px) 100vw, 200px\" \/><\/a><\/p>\n<p style=\"text-align: justify;\">Oye el gong, est\u00e1 dando las cuatro y hermano tiene que volver ya del colegio. \u00bfQu\u00e9 te pasa, di madre, porque est\u00e1s tan rara? \u00bfEs que no has tenido hoy carta de pap\u00e1?<\/p>\n<p style=\"text-align: justify;\">A todo el pueblo le trajo hoy el cartero una carta, yo lo he visto.<\/p>\n<p style=\"text-align: justify;\">Solo las cartas de pap\u00e1 se las guarda en un saco para le\u00e9rselas \u00e9l.<\/p>\n<p style=\"text-align: justify;\">\u00a1Madre! \u00a1Estoy seguro de que el cartero es muy malo!&#8230;.Pero no est\u00e9s triste por eso, madre.<\/p>\n<p style=\"text-align: justify;\">Mira, ma\u00f1ana es la feria del pueblo. Que vaya la criada y compre plumas y papel. Yo mismo te voy a escribir todas las cartas de pap\u00e1. Y ver\u00e1s que no encuentras ni una falta.<\/p>\n<p style=\"text-align: justify;\">Te escribir\u00e9 derechito desde la A hasta la K&#8230;.\u00bfPor qu\u00e9 te est\u00e1s riendo, madre?<\/p>\n<p style=\"text-align: justify;\">\u00bfTe crees que yo no s\u00e9 escribir tan bien como pap\u00e1?<\/p>\n<p style=\"text-align: justify;\">Ya ver\u00e1s, yo rayar\u00e9 el papel con una regla, y pondr\u00e9 mucho cuidado, y har\u00e9 bien grandes las letras.<\/p>\n<p style=\"text-align: justify;\">Y cuando concluya, \u00bfpiensas que voy a ser tonto como pap\u00e1, que echa las cartas en el saco de ese cartero feo?<\/p>\n<p style=\"text-align: justify;\">\u00a1Te la traer\u00e9 yo mismo al momento y te ayudar\u00e9 a deletrearla! \u00a1Ya s\u00e9 que al cartero no le gusta darte las cartas m\u00e1s buenas!<\/p>\n<p style=\"text-align: justify;\"><a href=\"https:\/\/www.imosver.com\/es\/autor\/rabindranath-tagore\/\" target=\"_blank\"><strong>Rabindranath Tagore<\/strong><\/a>, naci\u00f3 en Calcuta el 7 de Mayo de 1861. Fue poeta, fil\u00f3sofo, artista, dramaturgo, m\u00fasico, novelista y autor de canciones. En 1913 lleg\u00f3 a ser el primer autor no europeo ganador del Premio Nobel de Literatura.<\/p>\n<p style=\"text-align: justify;\">El m\u00e1s peque\u00f1o de una\u00a0 familia de catorce hijos, se convirti\u00f3 en un sabio al crecer. De su boca salieron frases legendarias como estas:<\/p>\n<p style=\"text-align: justify;\">\u201cSi lloras por haber perdido el sol, las l\u00e1grimas no te dejar\u00e1n ver las estrellas\u201d<\/p>\n<p style=\"text-align: justify;\">\u201cDormia&#8230;, dorm\u00eda y so\u00f1aba que la vida no era m\u00e1s que alegr\u00eda. Me despert\u00e9 y v\u00ed que la vida no era m\u00e1s que servir&#8230;.y el servir era alegr\u00eda\u201d<\/p>\n<p style=\"text-align: justify;\">\u201cAgradece a la llama su luz, pero no olvides el pi\u00e9 del candil que paciente la sostiene\u201d,<\/p>\n<p style=\"text-align: justify;\">\u201cEl bosque ser\u00eda muy triste si solo cantaran los p\u00e1jaros que mejor lo hacen\u201d<\/p>\n<p style=\"text-align: justify;\">\u201cLa poes\u00eda es el eco de la melod\u00eda del universo en el coraz\u00f3n de los humanos\u201d<\/p>\n<p style=\"text-align: justify;\">Una mente privilegiada de que os recomendamos la lectura de alguno de sus libros. Hoy os\u00a0 dejamos <a title=\"La Casa del Mundo\" href=\"https:\/\/www.imosver.com\/es\/libro\/la-casa-y-el-mundo_9970013897\" target=\"_blank\"><strong>La casa y el mundo<\/strong><\/a> \u00a0&#8230;.<\/p>\n<p style=\"text-align: justify;\">\u00a1Buen fin de semana!<\/p>\n","protected":false},"excerpt":{"rendered":"<p>Oye el gong, est\u00e1 dando las cuatro y hermano tiene que volver ya del colegio. \u00bfQu\u00e9 te pasa, di madre, porque est\u00e1s tan rara? \u00bfEs que no has tenido hoy carta de pap\u00e1? A todo el pueblo le trajo hoy el cartero una carta, yo lo he visto. Solo las cartas de pap\u00e1 se las [&hellip;]<\/p>\n","protected":false},"author":2,"featured_media":0,"comment_status":"open","ping_status":"open","sticky":false,"template":"","format":"standard","meta":{"tdm_status":"","tdm_grid_status":""},"categories":[180],"tags":[333,10,334,148],"yoast_head":"<!-- This site is optimized with the Yoast SEO plugin v17.2 - https:\/\/yoast.com\/wordpress\/plugins\/seo\/ -->\n<meta name=\"robots\" content=\"index, follow, max-snippet:-1, max-image-preview:large, max-video-preview:-1\" \/>\n<link rel=\"canonical\" href=\"https:\/\/www.imosver.com\/blog\/el-cartero-malo-cuentos-cortos-de-rabindranath-tagore\/\" \/>\n<meta property=\"og:locale\" content=\"es_ES\" \/>\n<meta property=\"og:type\" content=\"article\" \/>\n<meta property=\"og:title\" content=\"El cartero malo. Cuentos cortos de Rabindranath Tagore - Blog imosver\" \/>\n<meta property=\"og:description\" content=\"Oye el gong, est\u00e1 dando las cuatro y hermano tiene que volver ya del colegio. \u00bfQu\u00e9 te pasa, di madre, porque est\u00e1s tan rara? \u00bfEs que no has tenido hoy carta de pap\u00e1? A todo el pueblo le trajo hoy el cartero una carta, yo lo he visto. Solo las cartas de pap\u00e1 se las [&hellip;]\" \/>\n<meta property=\"og:url\" content=\"https:\/\/www.imosver.com\/blog\/el-cartero-malo-cuentos-cortos-de-rabindranath-tagore\/\" \/>\n<meta property=\"og:site_name\" content=\"Blog imosver\" \/>\n<meta property=\"article:publisher\" content=\"https:\/\/www.facebook.com\/imosver\" \/>\n<meta property=\"article:published_time\" content=\"2013-05-10T07:06:37+00:00\" \/>\n<meta property=\"og:image\" content=\"https:\/\/www.imosver.com\/blog\/wp-content\/uploads\/2013\/05\/NI\u00d1O-INDIO-ESCRIBIENDO-200x236.jpg\" \/>\n<meta name=\"twitter:card\" content=\"summary_large_image\" \/>\n<meta name=\"twitter:creator\" content=\"@Imosver\" \/>\n<meta name=\"twitter:site\" content=\"@Imosver\" \/>\n<meta name=\"twitter:label1\" content=\"Escrito por\" \/>\n\t<meta name=\"twitter:data1\" content=\"Imosver\" \/>\n\t<meta name=\"twitter:label2\" content=\"Tiempo de lectura\" \/>\n\t<meta name=\"twitter:data2\" content=\"2 minutos\" \/>\n<script type=\"application\/ld+json\" class=\"yoast-schema-graph\">{\"@context\":\"https:\/\/schema.org\",\"@graph\":[{\"@type\":\"Organization\",\"@id\":\"https:\/\/www.imosver.com\/blog\/#organization\",\"name\":\"Imosver\",\"url\":\"https:\/\/www.imosver.com\/blog\/\",\"sameAs\":[\"https:\/\/www.facebook.com\/imosver\",\"https:\/\/www.instagram.com\/imosver\/\",\"https:\/\/www.linkedin.com\/company\/3086458\/admin\/\",\"https:\/\/www.pinterest.es\/imosver\/\",\"https:\/\/twitter.com\/Imosver\"],\"logo\":{\"@type\":\"ImageObject\",\"@id\":\"https:\/\/www.imosver.com\/blog\/#logo\",\"inLanguage\":\"es\",\"url\":\"https:\/\/www.imosver.com\/blog\/wp-content\/uploads\/2026\/01\/logo.png\",\"contentUrl\":\"https:\/\/www.imosver.com\/blog\/wp-content\/uploads\/2026\/01\/logo.png\",\"width\":523,\"height\":120,\"caption\":\"Imosver\"},\"image\":{\"@id\":\"https:\/\/www.imosver.com\/blog\/#logo\"}},{\"@type\":\"WebSite\",\"@id\":\"https:\/\/www.imosver.com\/blog\/#website\",\"url\":\"https:\/\/www.imosver.com\/blog\/\",\"name\":\"Blog imosver\",\"description\":\"Blog Imosver\",\"publisher\":{\"@id\":\"https:\/\/www.imosver.com\/blog\/#organization\"},\"potentialAction\":[{\"@type\":\"SearchAction\",\"target\":{\"@type\":\"EntryPoint\",\"urlTemplate\":\"https:\/\/www.imosver.com\/blog\/?s={search_term_string}\"},\"query-input\":\"required name=search_term_string\"}],\"inLanguage\":\"es\"},{\"@type\":\"ImageObject\",\"@id\":\"https:\/\/www.imosver.com\/blog\/el-cartero-malo-cuentos-cortos-de-rabindranath-tagore\/#primaryimage\",\"inLanguage\":\"es\",\"url\":\"https:\/\/www.imosver.com\/blog\/wp-content\/uploads\/2013\/05\/NI\\u00d1O-INDIO-ESCRIBIENDO.jpg\",\"contentUrl\":\"https:\/\/www.imosver.com\/blog\/wp-content\/uploads\/2013\/05\/NI\\u00d1O-INDIO-ESCRIBIENDO.jpg\",\"width\":\"384\",\"height\":\"454\"},{\"@type\":\"WebPage\",\"@id\":\"https:\/\/www.imosver.com\/blog\/el-cartero-malo-cuentos-cortos-de-rabindranath-tagore\/#webpage\",\"url\":\"https:\/\/www.imosver.com\/blog\/el-cartero-malo-cuentos-cortos-de-rabindranath-tagore\/\",\"name\":\"El cartero malo. Cuentos cortos de Rabindranath Tagore - Blog imosver\",\"isPartOf\":{\"@id\":\"https:\/\/www.imosver.com\/blog\/#website\"},\"primaryImageOfPage\":{\"@id\":\"https:\/\/www.imosver.com\/blog\/el-cartero-malo-cuentos-cortos-de-rabindranath-tagore\/#primaryimage\"},\"datePublished\":\"2013-05-10T07:06:37+00:00\",\"dateModified\":\"2013-05-10T07:06:37+00:00\",\"breadcrumb\":{\"@id\":\"https:\/\/www.imosver.com\/blog\/el-cartero-malo-cuentos-cortos-de-rabindranath-tagore\/#breadcrumb\"},\"inLanguage\":\"es\",\"potentialAction\":[{\"@type\":\"ReadAction\",\"target\":[\"https:\/\/www.imosver.com\/blog\/el-cartero-malo-cuentos-cortos-de-rabindranath-tagore\/\"]}]},{\"@type\":\"BreadcrumbList\",\"@id\":\"https:\/\/www.imosver.com\/blog\/el-cartero-malo-cuentos-cortos-de-rabindranath-tagore\/#breadcrumb\",\"itemListElement\":[{\"@type\":\"ListItem\",\"position\":1,\"name\":\"Portada\",\"item\":\"https:\/\/www.imosver.com\/blog\/\"},{\"@type\":\"ListItem\",\"position\":2,\"name\":\"El cartero malo. Cuentos cortos de Rabindranath Tagore\"}]},{\"@type\":\"Article\",\"@id\":\"https:\/\/www.imosver.com\/blog\/el-cartero-malo-cuentos-cortos-de-rabindranath-tagore\/#article\",\"isPartOf\":{\"@id\":\"https:\/\/www.imosver.com\/blog\/el-cartero-malo-cuentos-cortos-de-rabindranath-tagore\/#webpage\"},\"author\":{\"@id\":\"https:\/\/www.imosver.com\/blog\/#\/schema\/person\/4894cc3afc687758ce752d7938e0519d\"},\"headline\":\"El cartero malo. Cuentos cortos de Rabindranath Tagore\",\"datePublished\":\"2013-05-10T07:06:37+00:00\",\"dateModified\":\"2013-05-10T07:06:37+00:00\",\"mainEntityOfPage\":{\"@id\":\"https:\/\/www.imosver.com\/blog\/el-cartero-malo-cuentos-cortos-de-rabindranath-tagore\/#webpage\"},\"wordCount\":415,\"commentCount\":0,\"publisher\":{\"@id\":\"https:\/\/www.imosver.com\/blog\/#organization\"},\"image\":{\"@id\":\"https:\/\/www.imosver.com\/blog\/el-cartero-malo-cuentos-cortos-de-rabindranath-tagore\/#primaryimage\"},\"thumbnailUrl\":\"https:\/\/www.imosver.com\/blog\/wp-content\/uploads\/2013\/05\/NI\\u00d1O-INDIO-ESCRIBIENDO-200x236.jpg\",\"keywords\":[\"cuentos cortos\",\"imosver\",\"rabindranath tagore\",\"tienda de libros\"],\"articleSection\":[\"Autores\"],\"inLanguage\":\"es\",\"potentialAction\":[{\"@type\":\"CommentAction\",\"name\":\"Comment\",\"target\":[\"https:\/\/www.imosver.com\/blog\/el-cartero-malo-cuentos-cortos-de-rabindranath-tagore\/#respond\"]}]},{\"@type\":\"Person\",\"@id\":\"https:\/\/www.imosver.com\/blog\/#\/schema\/person\/4894cc3afc687758ce752d7938e0519d\",\"name\":\"Imosver\",\"image\":{\"@type\":\"ImageObject\",\"@id\":\"https:\/\/www.imosver.com\/blog\/#personlogo\",\"inLanguage\":\"es\",\"url\":\"https:\/\/secure.gravatar.com\/avatar\/00c6911b29e428161a36327744b2bc61?s=96&r=g\",\"contentUrl\":\"https:\/\/secure.gravatar.com\/avatar\/00c6911b29e428161a36327744b2bc61?s=96&r=g\",\"caption\":\"Imosver\"},\"url\":\"https:\/\/www.imosver.com\/blog\/author\/imosver\/\"}]}<\/script>\n<!-- \/ Yoast SEO plugin. -->","yoast_head_json":{"robots":{"index":"index","follow":"follow","max-snippet":"max-snippet:-1","max-image-preview":"max-image-preview:large","max-video-preview":"max-video-preview:-1"},"canonical":"https:\/\/www.imosver.com\/blog\/el-cartero-malo-cuentos-cortos-de-rabindranath-tagore\/","og_locale":"es_ES","og_type":"article","og_title":"El cartero malo. Cuentos cortos de Rabindranath Tagore - Blog imosver","og_description":"Oye el gong, est\u00e1 dando las cuatro y hermano tiene que volver ya del colegio. \u00bfQu\u00e9 te pasa, di madre, porque est\u00e1s tan rara? \u00bfEs que no has tenido hoy carta de pap\u00e1? A todo el pueblo le trajo hoy el cartero una carta, yo lo he visto. Solo las cartas de pap\u00e1 se las [&hellip;]","og_url":"https:\/\/www.imosver.com\/blog\/el-cartero-malo-cuentos-cortos-de-rabindranath-tagore\/","og_site_name":"Blog imosver","article_publisher":"https:\/\/www.facebook.com\/imosver","article_published_time":"2013-05-10T07:06:37+00:00","og_image":[{"url":"https:\/\/www.imosver.com\/blog\/wp-content\/uploads\/2013\/05\/NI\u00d1O-INDIO-ESCRIBIENDO-200x236.jpg"}],"twitter_card":"summary_large_image","twitter_creator":"@Imosver","twitter_site":"@Imosver","twitter_misc":{"Escrito por":"Imosver","Tiempo de lectura":"2 minutos"},"schema":{"@context":"https:\/\/schema.org","@graph":[{"@type":"Organization","@id":"https:\/\/www.imosver.com\/blog\/#organization","name":"Imosver","url":"https:\/\/www.imosver.com\/blog\/","sameAs":["https:\/\/www.facebook.com\/imosver","https:\/\/www.instagram.com\/imosver\/","https:\/\/www.linkedin.com\/company\/3086458\/admin\/","https:\/\/www.pinterest.es\/imosver\/","https:\/\/twitter.com\/Imosver"],"logo":{"@type":"ImageObject","@id":"https:\/\/www.imosver.com\/blog\/#logo","inLanguage":"es","url":"https:\/\/www.imosver.com\/blog\/wp-content\/uploads\/2026\/01\/logo.png","contentUrl":"https:\/\/www.imosver.com\/blog\/wp-content\/uploads\/2026\/01\/logo.png","width":523,"height":120,"caption":"Imosver"},"image":{"@id":"https:\/\/www.imosver.com\/blog\/#logo"}},{"@type":"WebSite","@id":"https:\/\/www.imosver.com\/blog\/#website","url":"https:\/\/www.imosver.com\/blog\/","name":"Blog imosver","description":"Blog Imosver","publisher":{"@id":"https:\/\/www.imosver.com\/blog\/#organization"},"potentialAction":[{"@type":"SearchAction","target":{"@type":"EntryPoint","urlTemplate":"https:\/\/www.imosver.com\/blog\/?s={search_term_string}"},"query-input":"required name=search_term_string"}],"inLanguage":"es"},{"@type":"ImageObject","@id":"https:\/\/www.imosver.com\/blog\/el-cartero-malo-cuentos-cortos-de-rabindranath-tagore\/#primaryimage","inLanguage":"es","url":"https:\/\/www.imosver.com\/blog\/wp-content\/uploads\/2013\/05\/NI\u00d1O-INDIO-ESCRIBIENDO.jpg","contentUrl":"https:\/\/www.imosver.com\/blog\/wp-content\/uploads\/2013\/05\/NI\u00d1O-INDIO-ESCRIBIENDO.jpg","width":"384","height":"454"},{"@type":"WebPage","@id":"https:\/\/www.imosver.com\/blog\/el-cartero-malo-cuentos-cortos-de-rabindranath-tagore\/#webpage","url":"https:\/\/www.imosver.com\/blog\/el-cartero-malo-cuentos-cortos-de-rabindranath-tagore\/","name":"El cartero malo. Cuentos cortos de Rabindranath Tagore - Blog imosver","isPartOf":{"@id":"https:\/\/www.imosver.com\/blog\/#website"},"primaryImageOfPage":{"@id":"https:\/\/www.imosver.com\/blog\/el-cartero-malo-cuentos-cortos-de-rabindranath-tagore\/#primaryimage"},"datePublished":"2013-05-10T07:06:37+00:00","dateModified":"2013-05-10T07:06:37+00:00","breadcrumb":{"@id":"https:\/\/www.imosver.com\/blog\/el-cartero-malo-cuentos-cortos-de-rabindranath-tagore\/#breadcrumb"},"inLanguage":"es","potentialAction":[{"@type":"ReadAction","target":["https:\/\/www.imosver.com\/blog\/el-cartero-malo-cuentos-cortos-de-rabindranath-tagore\/"]}]},{"@type":"BreadcrumbList","@id":"https:\/\/www.imosver.com\/blog\/el-cartero-malo-cuentos-cortos-de-rabindranath-tagore\/#breadcrumb","itemListElement":[{"@type":"ListItem","position":1,"name":"Portada","item":"https:\/\/www.imosver.com\/blog\/"},{"@type":"ListItem","position":2,"name":"El cartero malo. Cuentos cortos de Rabindranath Tagore"}]},{"@type":"Article","@id":"https:\/\/www.imosver.com\/blog\/el-cartero-malo-cuentos-cortos-de-rabindranath-tagore\/#article","isPartOf":{"@id":"https:\/\/www.imosver.com\/blog\/el-cartero-malo-cuentos-cortos-de-rabindranath-tagore\/#webpage"},"author":{"@id":"https:\/\/www.imosver.com\/blog\/#\/schema\/person\/4894cc3afc687758ce752d7938e0519d"},"headline":"El cartero malo. Cuentos cortos de Rabindranath Tagore","datePublished":"2013-05-10T07:06:37+00:00","dateModified":"2013-05-10T07:06:37+00:00","mainEntityOfPage":{"@id":"https:\/\/www.imosver.com\/blog\/el-cartero-malo-cuentos-cortos-de-rabindranath-tagore\/#webpage"},"wordCount":415,"commentCount":0,"publisher":{"@id":"https:\/\/www.imosver.com\/blog\/#organization"},"image":{"@id":"https:\/\/www.imosver.com\/blog\/el-cartero-malo-cuentos-cortos-de-rabindranath-tagore\/#primaryimage"},"thumbnailUrl":"https:\/\/www.imosver.com\/blog\/wp-content\/uploads\/2013\/05\/NI\u00d1O-INDIO-ESCRIBIENDO-200x236.jpg","keywords":["cuentos cortos","imosver","rabindranath tagore","tienda de libros"],"articleSection":["Autores"],"inLanguage":"es","potentialAction":[{"@type":"CommentAction","name":"Comment","target":["https:\/\/www.imosver.com\/blog\/el-cartero-malo-cuentos-cortos-de-rabindranath-tagore\/#respond"]}]},{"@type":"Person","@id":"https:\/\/www.imosver.com\/blog\/#\/schema\/person\/4894cc3afc687758ce752d7938e0519d","name":"Imosver","image":{"@type":"ImageObject","@id":"https:\/\/www.imosver.com\/blog\/#personlogo","inLanguage":"es","url":"https:\/\/secure.gravatar.com\/avatar\/00c6911b29e428161a36327744b2bc61?s=96&r=g","contentUrl":"https:\/\/secure.gravatar.com\/avatar\/00c6911b29e428161a36327744b2bc61?s=96&r=g","caption":"Imosver"},"url":"https:\/\/www.imosver.com\/blog\/author\/imosver\/"}]}},"_links":{"self":[{"href":"https:\/\/www.imosver.com\/blog\/wp-json\/wp\/v2\/posts\/1203"}],"collection":[{"href":"https:\/\/www.imosver.com\/blog\/wp-json\/wp\/v2\/posts"}],"about":[{"href":"https:\/\/www.imosver.com\/blog\/wp-json\/wp\/v2\/types\/post"}],"author":[{"embeddable":true,"href":"https:\/\/www.imosver.com\/blog\/wp-json\/wp\/v2\/users\/2"}],"replies":[{"embeddable":true,"href":"https:\/\/www.imosver.com\/blog\/wp-json\/wp\/v2\/comments?post=1203"}],"version-history":[{"count":2,"href":"https:\/\/www.imosver.com\/blog\/wp-json\/wp\/v2\/posts\/1203\/revisions"}],"predecessor-version":[{"id":1206,"href":"https:\/\/www.imosver.com\/blog\/wp-json\/wp\/v2\/posts\/1203\/revisions\/1206"}],"wp:attachment":[{"href":"https:\/\/www.imosver.com\/blog\/wp-json\/wp\/v2\/media?parent=1203"}],"wp:term":[{"taxonomy":"category","embeddable":true,"href":"https:\/\/www.imosver.com\/blog\/wp-json\/wp\/v2\/categories?post=1203"},{"taxonomy":"post_tag","embeddable":true,"href":"https:\/\/www.imosver.com\/blog\/wp-json\/wp\/v2\/tags?post=1203"}],"curies":[{"name":"wp","href":"https:\/\/api.w.org\/{rel}","templated":true}]}}