{"id":1224,"date":"2013-05-16T09:33:05","date_gmt":"2013-05-16T09:33:05","guid":{"rendered":"https:\/\/www.imosver.com\/blog\/?p=1224"},"modified":"2021-04-07T16:12:50","modified_gmt":"2021-04-07T14:12:50","slug":"especial-letras-gallegas","status":"publish","type":"post","link":"https:\/\/www.imosver.com\/blog\/especial-letras-gallegas\/","title":{"rendered":"Especial D\u00eda das Letras Galegas"},"content":{"rendered":"<p style=\"text-align: justify;\"><a href=\"https:\/\/www.imosver.com\/blog\/wp-content\/uploads\/2013\/05\/ROBERTO-VIDAL-BOLA\u00d1O-16-MAYO-2013.jpg\"><img loading=\"lazy\" class=\"alignleft size-medium wp-image-1226\" title=\"ROBERTO VIDAL BOLA\u00d1O 16 MAYO 2013\" src=\"https:\/\/www.imosver.com\/blog\/wp-content\/uploads\/2013\/05\/ROBERTO-VIDAL-BOLA\u00d1O-16-MAYO-2013-200x143.jpg\" alt=\"\" width=\"200\" height=\"143\" srcset=\"https:\/\/www.imosver.com\/blog\/wp-content\/uploads\/2013\/05\/ROBERTO-VIDAL-BOLA\u00d1O-16-MAYO-2013-200x143.jpg 200w, https:\/\/www.imosver.com\/blog\/wp-content\/uploads\/2013\/05\/ROBERTO-VIDAL-BOLA\u00d1O-16-MAYO-2013-417x300.jpg 417w, https:\/\/www.imosver.com\/blog\/wp-content\/uploads\/2013\/05\/ROBERTO-VIDAL-BOLA\u00d1O-16-MAYO-2013.jpg 560w\" sizes=\"(max-width: 200px) 100vw, 200px\" \/><\/a><\/p>\n<p style=\"text-align: justify;\">Hoy estrenamos nuestro segundo Especial, dedic\u00e1ndolo al <strong>D\u00eda das<\/strong>\u00a0<strong>Letras Galegas que se celebra cada a\u00f1o el 17 de mayo<\/strong> desde 1963,\u00a0 y cuyo significado es el recuerdo de todos los escritores en lengua gallega o defensores de la misma.<\/p>\n<p style=\"text-align: justify;\">La elecci\u00f3n de la <strong>fecha conmemora la publicaci\u00f3n<\/strong> en Vigo un siglo antes, del primer ejemplar de una de las obras m\u00e1s conocidas de la <strong>escritora gallega Rosal\u00eda de Castro<\/strong>, <strong>Cantares Gallegos<\/strong>.<\/p>\n<p style=\"text-align: justify;\">Este a\u00f1o <strong>el protagonista de esta celebraci\u00f3n es Roberto Vidal Bola\u00f1o<\/strong> escritor y actor de teatro compostelano nacido en 1950. Seg\u00fan palabras de Laura Ponte, experta en teatro gallego, el homenaje a Vidal Bola\u00f1o es un s\u00edmbolo,\u00a0 porque es la primera vez que el <strong>\u201cD\u00eda das<\/strong> <strong>Letras Galegas\u201d<\/strong>\u00a0 rinde homenaje a un <strong>autor \u00fanicamente dram\u00e1tico<\/strong>.<\/p>\n<p style=\"text-align: justify;\">Su obra es una mezcla de movimientos diferentes que incluye tendencias realistas, simbolistas, surrealistas y expresionistas, reconociendo a su vez una <strong>marcada influencia<\/strong> <strong>del teatro de Valle-Incl\u00e1n.<\/strong><\/p>\n<p style=\"text-align: justify;\">Apasionado defensor de todo lo gallego, fue un <strong>activo impulsor de la lengua\u00a0 , la\u00a0 literatura, el\u00a0 teatro y\u00a0 la\u00a0 est\u00e9tica,\u00a0 tanto culta como popular de Galicia.\u00a0<\/strong><\/p>\n<p style=\"text-align: justify;\">Os recomendamos la lectura de esta obra <a href=\"https:\/\/www.imosver.com\/es\/libro\/dez-obras-na-vida-de-roberto-vidal-bolano_NOB0004385\" target=\"_blank\" rel=\"noopener\"><strong>Dez obras na vida de Roberto Vidal Bola\u00f1o<\/strong>\u00a0<\/a>que sin duda nos acercar\u00e1 a su\u00a0 figura tan carism\u00e1tica.<\/p>\n<p style=\"text-align: justify;\">Y ahora, el <strong>ranking de algunos de los libros m\u00e1s vendidos en gallego<\/strong>:<\/p>\n<p style=\"text-align: justify;\">Volve a coci\u00f1a de Larpeiros de Benigno Campos.<\/p>\n<p style=\"text-align: justify;\">Infiltrados de Alfonso Eire.<\/p>\n<p style=\"text-align: justify;\">Cantares Gallegos. Lectura actualizada de Rosal\u00eda Castro\u201d.<\/p>\n<p style=\"text-align: justify;\">Como falar e escribir en galego con correci\u00f3n e fluidez de Carlos Call\u00f3n.<\/p>\n<p style=\"text-align: justify;\">A praia dos afogados de Domingo Villar V\u00e1zquez.<\/p>\n<p style=\"text-align: justify;\">Todo ok de Diego Ameixeiras.<\/p>\n<p style=\"text-align: justify;\">Curso pr\u00e1ctico de cesteria de Antje Hov\u00ebl.<\/p>\n<p style=\"text-align: justify;\">Diccionario esencial galego \u2013 castel\u00e1n \/ castellano \u2013 gallego<\/p>\n<p style=\"text-align: justify;\">De roda en roda: m\u00fasicas e danzas do mundo de Suso Cancelas.<\/p>\n<p style=\"text-align: justify;\">Made in Galiza de Xos\u00e9 Lu\u00eds Gonz\u00e1lez Sende.<\/p>\n<p style=\"text-align: justify;\">\u00a1Feliz d\u00eda das Letras Galegas a todos os galegos do mundo!<\/p>\n","protected":false},"excerpt":{"rendered":"<p>Hoy estrenamos nuestro segundo Especial, dedic\u00e1ndolo al D\u00eda das\u00a0Letras Galegas que se celebra cada a\u00f1o el 17 de mayo desde 1963,\u00a0 y cuyo significado es el recuerdo de todos los escritores en lengua gallega o defensores de la misma. La elecci\u00f3n de la fecha conmemora la publicaci\u00f3n en Vigo un siglo antes, del primer ejemplar [&hellip;]<\/p>\n","protected":false},"author":2,"featured_media":0,"comment_status":"open","ping_status":"open","sticky":false,"template":"","format":"standard","meta":{"tdm_status":"","tdm_grid_status":""},"categories":[165],"tags":[344,2849,343],"yoast_head":"<!-- This site is optimized with the Yoast SEO plugin v17.2 - https:\/\/yoast.com\/wordpress\/plugins\/seo\/ -->\n<meta name=\"robots\" content=\"index, follow, max-snippet:-1, max-image-preview:large, max-video-preview:-1\" \/>\n<link rel=\"canonical\" href=\"https:\/\/www.imosver.com\/blog\/especial-letras-gallegas\/\" \/>\n<meta property=\"og:locale\" content=\"es_ES\" \/>\n<meta property=\"og:type\" content=\"article\" \/>\n<meta property=\"og:title\" content=\"Especial D\u00eda das Letras Galegas - Blog imosver\" \/>\n<meta property=\"og:description\" content=\"Hoy estrenamos nuestro segundo Especial, dedic\u00e1ndolo al D\u00eda das\u00a0Letras Galegas que se celebra cada a\u00f1o el 17 de mayo desde 1963,\u00a0 y cuyo significado es el recuerdo de todos los escritores en lengua gallega o defensores de la misma. La elecci\u00f3n de la fecha conmemora la publicaci\u00f3n en Vigo un siglo antes, del primer ejemplar [&hellip;]\" \/>\n<meta property=\"og:url\" content=\"https:\/\/www.imosver.com\/blog\/especial-letras-gallegas\/\" \/>\n<meta property=\"og:site_name\" content=\"Blog imosver\" \/>\n<meta property=\"article:publisher\" content=\"https:\/\/www.facebook.com\/imosver\" \/>\n<meta property=\"article:published_time\" content=\"2013-05-16T09:33:05+00:00\" \/>\n<meta property=\"article:modified_time\" content=\"2021-04-07T14:12:50+00:00\" \/>\n<meta property=\"og:image\" content=\"https:\/\/www.imosver.com\/blog\/wp-content\/uploads\/2013\/05\/ROBERTO-VIDAL-BOLA\u00d1O-16-MAYO-2013-200x143.jpg\" \/>\n<meta name=\"twitter:card\" content=\"summary_large_image\" \/>\n<meta name=\"twitter:creator\" content=\"@Imosver\" \/>\n<meta name=\"twitter:site\" content=\"@Imosver\" \/>\n<meta name=\"twitter:label1\" content=\"Escrito por\" \/>\n\t<meta name=\"twitter:data1\" content=\"Imosver\" \/>\n\t<meta name=\"twitter:label2\" content=\"Tiempo de lectura\" \/>\n\t<meta name=\"twitter:data2\" content=\"2 minutos\" \/>\n<script type=\"application\/ld+json\" class=\"yoast-schema-graph\">{\"@context\":\"https:\/\/schema.org\",\"@graph\":[{\"@type\":\"Organization\",\"@id\":\"https:\/\/www.imosver.com\/blog\/#organization\",\"name\":\"Imosver\",\"url\":\"https:\/\/www.imosver.com\/blog\/\",\"sameAs\":[\"https:\/\/www.facebook.com\/imosver\",\"https:\/\/www.instagram.com\/imosver\/\",\"https:\/\/www.linkedin.com\/company\/3086458\/admin\/\",\"https:\/\/www.pinterest.es\/imosver\/\",\"https:\/\/twitter.com\/Imosver\"],\"logo\":{\"@type\":\"ImageObject\",\"@id\":\"https:\/\/www.imosver.com\/blog\/#logo\",\"inLanguage\":\"es\",\"url\":\"https:\/\/www.imosver.com\/blog\/wp-content\/uploads\/2026\/01\/logo.png\",\"contentUrl\":\"https:\/\/www.imosver.com\/blog\/wp-content\/uploads\/2026\/01\/logo.png\",\"width\":523,\"height\":120,\"caption\":\"Imosver\"},\"image\":{\"@id\":\"https:\/\/www.imosver.com\/blog\/#logo\"}},{\"@type\":\"WebSite\",\"@id\":\"https:\/\/www.imosver.com\/blog\/#website\",\"url\":\"https:\/\/www.imosver.com\/blog\/\",\"name\":\"Blog imosver\",\"description\":\"Blog Imosver\",\"publisher\":{\"@id\":\"https:\/\/www.imosver.com\/blog\/#organization\"},\"potentialAction\":[{\"@type\":\"SearchAction\",\"target\":{\"@type\":\"EntryPoint\",\"urlTemplate\":\"https:\/\/www.imosver.com\/blog\/?s={search_term_string}\"},\"query-input\":\"required name=search_term_string\"}],\"inLanguage\":\"es\"},{\"@type\":\"ImageObject\",\"@id\":\"https:\/\/www.imosver.com\/blog\/especial-letras-gallegas\/#primaryimage\",\"inLanguage\":\"es\",\"url\":\"https:\/\/www.imosver.com\/blog\/wp-content\/uploads\/2013\/05\/ROBERTO-VIDAL-BOLA\\u00d1O-16-MAYO-2013.jpg\",\"contentUrl\":\"https:\/\/www.imosver.com\/blog\/wp-content\/uploads\/2013\/05\/ROBERTO-VIDAL-BOLA\\u00d1O-16-MAYO-2013.jpg\",\"width\":\"560\",\"height\":\"402\"},{\"@type\":\"WebPage\",\"@id\":\"https:\/\/www.imosver.com\/blog\/especial-letras-gallegas\/#webpage\",\"url\":\"https:\/\/www.imosver.com\/blog\/especial-letras-gallegas\/\",\"name\":\"Especial D\\u00eda das Letras Galegas - Blog imosver\",\"isPartOf\":{\"@id\":\"https:\/\/www.imosver.com\/blog\/#website\"},\"primaryImageOfPage\":{\"@id\":\"https:\/\/www.imosver.com\/blog\/especial-letras-gallegas\/#primaryimage\"},\"datePublished\":\"2013-05-16T09:33:05+00:00\",\"dateModified\":\"2021-04-07T14:12:50+00:00\",\"breadcrumb\":{\"@id\":\"https:\/\/www.imosver.com\/blog\/especial-letras-gallegas\/#breadcrumb\"},\"inLanguage\":\"es\",\"potentialAction\":[{\"@type\":\"ReadAction\",\"target\":[\"https:\/\/www.imosver.com\/blog\/especial-letras-gallegas\/\"]}]},{\"@type\":\"BreadcrumbList\",\"@id\":\"https:\/\/www.imosver.com\/blog\/especial-letras-gallegas\/#breadcrumb\",\"itemListElement\":[{\"@type\":\"ListItem\",\"position\":1,\"name\":\"Portada\",\"item\":\"https:\/\/www.imosver.com\/blog\/\"},{\"@type\":\"ListItem\",\"position\":2,\"name\":\"Especial D\\u00eda das Letras Galegas\"}]},{\"@type\":\"Article\",\"@id\":\"https:\/\/www.imosver.com\/blog\/especial-letras-gallegas\/#article\",\"isPartOf\":{\"@id\":\"https:\/\/www.imosver.com\/blog\/especial-letras-gallegas\/#webpage\"},\"author\":{\"@id\":\"https:\/\/www.imosver.com\/blog\/#\/schema\/person\/4894cc3afc687758ce752d7938e0519d\"},\"headline\":\"Especial D\\u00eda das Letras Galegas\",\"datePublished\":\"2013-05-16T09:33:05+00:00\",\"dateModified\":\"2021-04-07T14:12:50+00:00\",\"mainEntityOfPage\":{\"@id\":\"https:\/\/www.imosver.com\/blog\/especial-letras-gallegas\/#webpage\"},\"wordCount\":342,\"commentCount\":0,\"publisher\":{\"@id\":\"https:\/\/www.imosver.com\/blog\/#organization\"},\"image\":{\"@id\":\"https:\/\/www.imosver.com\/blog\/especial-letras-gallegas\/#primaryimage\"},\"thumbnailUrl\":\"https:\/\/www.imosver.com\/blog\/wp-content\/uploads\/2013\/05\/ROBERTO-VIDAL-BOLA\\u00d1O-16-MAYO-2013-200x143.jpg\",\"keywords\":[\"Dia das letras galegas\",\"Nuestros Especiales\",\"Roberto Vidal Bola\\u00f1o\"],\"articleSection\":[\"Actualidad\"],\"inLanguage\":\"es\",\"potentialAction\":[{\"@type\":\"CommentAction\",\"name\":\"Comment\",\"target\":[\"https:\/\/www.imosver.com\/blog\/especial-letras-gallegas\/#respond\"]}]},{\"@type\":\"Person\",\"@id\":\"https:\/\/www.imosver.com\/blog\/#\/schema\/person\/4894cc3afc687758ce752d7938e0519d\",\"name\":\"Imosver\",\"image\":{\"@type\":\"ImageObject\",\"@id\":\"https:\/\/www.imosver.com\/blog\/#personlogo\",\"inLanguage\":\"es\",\"url\":\"https:\/\/secure.gravatar.com\/avatar\/00c6911b29e428161a36327744b2bc61?s=96&r=g\",\"contentUrl\":\"https:\/\/secure.gravatar.com\/avatar\/00c6911b29e428161a36327744b2bc61?s=96&r=g\",\"caption\":\"Imosver\"},\"url\":\"https:\/\/www.imosver.com\/blog\/author\/imosver\/\"}]}<\/script>\n<!-- \/ Yoast SEO plugin. -->","yoast_head_json":{"robots":{"index":"index","follow":"follow","max-snippet":"max-snippet:-1","max-image-preview":"max-image-preview:large","max-video-preview":"max-video-preview:-1"},"canonical":"https:\/\/www.imosver.com\/blog\/especial-letras-gallegas\/","og_locale":"es_ES","og_type":"article","og_title":"Especial D\u00eda das Letras Galegas - Blog imosver","og_description":"Hoy estrenamos nuestro segundo Especial, dedic\u00e1ndolo al D\u00eda das\u00a0Letras Galegas que se celebra cada a\u00f1o el 17 de mayo desde 1963,\u00a0 y cuyo significado es el recuerdo de todos los escritores en lengua gallega o defensores de la misma. La elecci\u00f3n de la fecha conmemora la publicaci\u00f3n en Vigo un siglo antes, del primer ejemplar [&hellip;]","og_url":"https:\/\/www.imosver.com\/blog\/especial-letras-gallegas\/","og_site_name":"Blog imosver","article_publisher":"https:\/\/www.facebook.com\/imosver","article_published_time":"2013-05-16T09:33:05+00:00","article_modified_time":"2021-04-07T14:12:50+00:00","og_image":[{"url":"https:\/\/www.imosver.com\/blog\/wp-content\/uploads\/2013\/05\/ROBERTO-VIDAL-BOLA\u00d1O-16-MAYO-2013-200x143.jpg"}],"twitter_card":"summary_large_image","twitter_creator":"@Imosver","twitter_site":"@Imosver","twitter_misc":{"Escrito por":"Imosver","Tiempo de lectura":"2 minutos"},"schema":{"@context":"https:\/\/schema.org","@graph":[{"@type":"Organization","@id":"https:\/\/www.imosver.com\/blog\/#organization","name":"Imosver","url":"https:\/\/www.imosver.com\/blog\/","sameAs":["https:\/\/www.facebook.com\/imosver","https:\/\/www.instagram.com\/imosver\/","https:\/\/www.linkedin.com\/company\/3086458\/admin\/","https:\/\/www.pinterest.es\/imosver\/","https:\/\/twitter.com\/Imosver"],"logo":{"@type":"ImageObject","@id":"https:\/\/www.imosver.com\/blog\/#logo","inLanguage":"es","url":"https:\/\/www.imosver.com\/blog\/wp-content\/uploads\/2026\/01\/logo.png","contentUrl":"https:\/\/www.imosver.com\/blog\/wp-content\/uploads\/2026\/01\/logo.png","width":523,"height":120,"caption":"Imosver"},"image":{"@id":"https:\/\/www.imosver.com\/blog\/#logo"}},{"@type":"WebSite","@id":"https:\/\/www.imosver.com\/blog\/#website","url":"https:\/\/www.imosver.com\/blog\/","name":"Blog imosver","description":"Blog Imosver","publisher":{"@id":"https:\/\/www.imosver.com\/blog\/#organization"},"potentialAction":[{"@type":"SearchAction","target":{"@type":"EntryPoint","urlTemplate":"https:\/\/www.imosver.com\/blog\/?s={search_term_string}"},"query-input":"required name=search_term_string"}],"inLanguage":"es"},{"@type":"ImageObject","@id":"https:\/\/www.imosver.com\/blog\/especial-letras-gallegas\/#primaryimage","inLanguage":"es","url":"https:\/\/www.imosver.com\/blog\/wp-content\/uploads\/2013\/05\/ROBERTO-VIDAL-BOLA\u00d1O-16-MAYO-2013.jpg","contentUrl":"https:\/\/www.imosver.com\/blog\/wp-content\/uploads\/2013\/05\/ROBERTO-VIDAL-BOLA\u00d1O-16-MAYO-2013.jpg","width":"560","height":"402"},{"@type":"WebPage","@id":"https:\/\/www.imosver.com\/blog\/especial-letras-gallegas\/#webpage","url":"https:\/\/www.imosver.com\/blog\/especial-letras-gallegas\/","name":"Especial D\u00eda das Letras Galegas - Blog imosver","isPartOf":{"@id":"https:\/\/www.imosver.com\/blog\/#website"},"primaryImageOfPage":{"@id":"https:\/\/www.imosver.com\/blog\/especial-letras-gallegas\/#primaryimage"},"datePublished":"2013-05-16T09:33:05+00:00","dateModified":"2021-04-07T14:12:50+00:00","breadcrumb":{"@id":"https:\/\/www.imosver.com\/blog\/especial-letras-gallegas\/#breadcrumb"},"inLanguage":"es","potentialAction":[{"@type":"ReadAction","target":["https:\/\/www.imosver.com\/blog\/especial-letras-gallegas\/"]}]},{"@type":"BreadcrumbList","@id":"https:\/\/www.imosver.com\/blog\/especial-letras-gallegas\/#breadcrumb","itemListElement":[{"@type":"ListItem","position":1,"name":"Portada","item":"https:\/\/www.imosver.com\/blog\/"},{"@type":"ListItem","position":2,"name":"Especial D\u00eda das Letras Galegas"}]},{"@type":"Article","@id":"https:\/\/www.imosver.com\/blog\/especial-letras-gallegas\/#article","isPartOf":{"@id":"https:\/\/www.imosver.com\/blog\/especial-letras-gallegas\/#webpage"},"author":{"@id":"https:\/\/www.imosver.com\/blog\/#\/schema\/person\/4894cc3afc687758ce752d7938e0519d"},"headline":"Especial D\u00eda das Letras Galegas","datePublished":"2013-05-16T09:33:05+00:00","dateModified":"2021-04-07T14:12:50+00:00","mainEntityOfPage":{"@id":"https:\/\/www.imosver.com\/blog\/especial-letras-gallegas\/#webpage"},"wordCount":342,"commentCount":0,"publisher":{"@id":"https:\/\/www.imosver.com\/blog\/#organization"},"image":{"@id":"https:\/\/www.imosver.com\/blog\/especial-letras-gallegas\/#primaryimage"},"thumbnailUrl":"https:\/\/www.imosver.com\/blog\/wp-content\/uploads\/2013\/05\/ROBERTO-VIDAL-BOLA\u00d1O-16-MAYO-2013-200x143.jpg","keywords":["Dia das letras galegas","Nuestros Especiales","Roberto Vidal Bola\u00f1o"],"articleSection":["Actualidad"],"inLanguage":"es","potentialAction":[{"@type":"CommentAction","name":"Comment","target":["https:\/\/www.imosver.com\/blog\/especial-letras-gallegas\/#respond"]}]},{"@type":"Person","@id":"https:\/\/www.imosver.com\/blog\/#\/schema\/person\/4894cc3afc687758ce752d7938e0519d","name":"Imosver","image":{"@type":"ImageObject","@id":"https:\/\/www.imosver.com\/blog\/#personlogo","inLanguage":"es","url":"https:\/\/secure.gravatar.com\/avatar\/00c6911b29e428161a36327744b2bc61?s=96&r=g","contentUrl":"https:\/\/secure.gravatar.com\/avatar\/00c6911b29e428161a36327744b2bc61?s=96&r=g","caption":"Imosver"},"url":"https:\/\/www.imosver.com\/blog\/author\/imosver\/"}]}},"_links":{"self":[{"href":"https:\/\/www.imosver.com\/blog\/wp-json\/wp\/v2\/posts\/1224"}],"collection":[{"href":"https:\/\/www.imosver.com\/blog\/wp-json\/wp\/v2\/posts"}],"about":[{"href":"https:\/\/www.imosver.com\/blog\/wp-json\/wp\/v2\/types\/post"}],"author":[{"embeddable":true,"href":"https:\/\/www.imosver.com\/blog\/wp-json\/wp\/v2\/users\/2"}],"replies":[{"embeddable":true,"href":"https:\/\/www.imosver.com\/blog\/wp-json\/wp\/v2\/comments?post=1224"}],"version-history":[{"count":6,"href":"https:\/\/www.imosver.com\/blog\/wp-json\/wp\/v2\/posts\/1224\/revisions"}],"predecessor-version":[{"id":8509,"href":"https:\/\/www.imosver.com\/blog\/wp-json\/wp\/v2\/posts\/1224\/revisions\/8509"}],"wp:attachment":[{"href":"https:\/\/www.imosver.com\/blog\/wp-json\/wp\/v2\/media?parent=1224"}],"wp:term":[{"taxonomy":"category","embeddable":true,"href":"https:\/\/www.imosver.com\/blog\/wp-json\/wp\/v2\/categories?post=1224"},{"taxonomy":"post_tag","embeddable":true,"href":"https:\/\/www.imosver.com\/blog\/wp-json\/wp\/v2\/tags?post=1224"}],"curies":[{"name":"wp","href":"https:\/\/api.w.org\/{rel}","templated":true}]}}