{"id":1364,"date":"2013-06-25T08:44:27","date_gmt":"2013-06-25T08:44:27","guid":{"rendered":"https:\/\/www.imosver.com\/blog\/?p=1364"},"modified":"2021-04-07T16:14:22","modified_gmt":"2021-04-07T14:14:22","slug":"diario-de-ana-frank","status":"publish","type":"post","link":"https:\/\/www.imosver.com\/blog\/diario-de-ana-frank\/","title":{"rendered":"Diario de Ana Frank"},"content":{"rendered":"<p style=\"text-align: justify;\"><a href=\"https:\/\/www.imosver.com\/blog\/wp-content\/uploads\/2013\/06\/25-06-13-ANA-FRANK-FOTO.jpg\"><img loading=\"lazy\" class=\"alignleft size-medium wp-image-1366\" title=\"25-06-13 ANA FRANK FOTO\" src=\"https:\/\/www.imosver.com\/blog\/wp-content\/uploads\/2013\/06\/25-06-13-ANA-FRANK-FOTO-200x290.jpg\" alt=\"\" width=\"200\" height=\"290\" srcset=\"https:\/\/www.imosver.com\/blog\/wp-content\/uploads\/2013\/06\/25-06-13-ANA-FRANK-FOTO-200x290.jpg 200w, https:\/\/www.imosver.com\/blog\/wp-content\/uploads\/2013\/06\/25-06-13-ANA-FRANK-FOTO-206x300.jpg 206w, https:\/\/www.imosver.com\/blog\/wp-content\/uploads\/2013\/06\/25-06-13-ANA-FRANK-FOTO.jpg 300w\" sizes=\"(max-width: 200px) 100vw, 200px\" \/><\/a><\/p>\n<p style=\"text-align: justify;\">El Diario de Ana Frank lo record\u00e1bamos\u00a0 hace unos d\u00edas en nuestro blog cuando hablamos de\u00a0<a href=\"https:\/\/www.imosver.com\/blog\/libros-que-hay-que-leer\/\" target=\"_blank\" rel=\"noopener\">Los libros que hay que leer<\/a><\/p>\n<p style=\"text-align: justify;\">Si busc\u00e1is en casi todos los rankings de libros m\u00e1s le\u00eddos o m\u00e1s importantes de los \u00faltimos a\u00f1os, esta obra autobiogr\u00e1fica aparece siempre. En el a\u00f1o 1999, el peri\u00f3dico franc\u00e9s Le Monde, lo situ\u00f3 en el puesto 19\u00ba dentro de una lista elaborada por la empresa de sondeos Fnac, dentro de los 100 mejores libros de siglo XX.<\/p>\n<p style=\"text-align: justify;\">Annelis Marie\u00a0 Frank, que as\u00ed era su nombre completo, relat\u00f3 en formato diario,\u00a0 los dos largos a\u00f1os que vivi\u00f3 junto con su familia y otra familia jud\u00eda, escondida del ej\u00e9rcito y la barbarie nazi, en la buhardilla de unos almacenes en \u00c1msterdam, durante la Segunda Guerra Mundial, cuando las tropas hitlerianas ocuparon Holanda.<\/p>\n<p style=\"text-align: justify;\">Esta ni\u00f1a con tan solo 13 a\u00f1os, describi\u00f3 perfectamente en los tres cuadernos que conforman su Diario, al que llamaba cari\u00f1osamente \u201cKitty\u201d, como los ocho ocupantes del piso sobrevivieron en p\u00e9simas condiciones, con la ayuda de algunas personas del exterior, que les suministraban v\u00edveres y les manten\u00edan informados de la situaci\u00f3n al otro lado de su escondite.<\/p>\n<p style=\"text-align: justify;\">El Diario recoge el periodo de tiempo que va desde el 12 de junio de 1942 hasta el 1 de agosto de 1944. El 4 de agosto de 1944 fueron delatados por unos vecinos de los que se desconoce la identidad,\u00a0 detenidos por los agentes de las Gestapo y repartidos por diferentes campos de concentraci\u00f3n.<\/p>\n<p style=\"text-align: justify;\">Otto Frank, el padre de Ana, fue la \u00fanica persona del grupo que logr\u00f3 sobrevivir en los campos de concentraci\u00f3n. Las notas escritas por su hija, le fueron entregadas por un vecino de la casa-escondite, y por deseo de ella, pues as\u00ed lo manifest\u00f3 en su Diario, fueron publicadas en 1947, bajo el nombre de \u2018La casa de atr\u00e1s\u2019. La primera traducci\u00f3n publicada en Espa\u00f1a en 1955 se llam\u00f3 \u2018Las habitaciones de atr\u00e1s\u2019<\/p>\n<p style=\"text-align: justify;\">Los derechos de autor se donaron a la Fundaci\u00f3n Ana Frank\u00a0\u00a0<a href=\"http:\/\/www.annefrank.ch\/\">http:\/\/www.annefrank.ch\/<\/a>\u00a0, fundada por Otto Frank en 1963. En esta\u00a0 web, podr\u00e9is ver fotos, historia de la familia Frank, contexto hist\u00f3rico y muchas cosas m\u00e1s.<\/p>\n<p style=\"text-align: justify;\">Si os apetece leer su conmovedora historia, los que a\u00fan no lo hay\u00e1is hecho, aqu\u00ed os dejamos el enlace para comprar el libro en nuestra tienda,\u00a0<a href=\"https:\/\/www.imosver.com\/es\/libro\/diario-de-ana-frank_0089980259\" target=\"_blank\" rel=\"noopener\">Diario de Ana Frank<\/a>\u00a0\u2026.<\/p>\n<p style=\"text-align: justify;\">Como pod\u00e9is ver,\u00a0 no os contamos ni siquiera como muri\u00f3 Ana, aunque esto por supuesto tampoco lo cuenta ella en su Diario, porque merece la pena leer su libro y mucha de la gran documentaci\u00f3n que existe alrededor de esta joven jud\u00eda.<\/p>\n","protected":false},"excerpt":{"rendered":"<p>El Diario de Ana Frank lo record\u00e1bamos\u00a0 hace unos d\u00edas en nuestro blog cuando hablamos de\u00a0Los libros que hay que leer Si busc\u00e1is en casi todos los rankings de libros m\u00e1s le\u00eddos o m\u00e1s importantes de los \u00faltimos a\u00f1os, esta obra autobiogr\u00e1fica aparece siempre. En el a\u00f1o 1999, el peri\u00f3dico franc\u00e9s Le Monde, lo situ\u00f3 [&hellip;]<\/p>\n","protected":false},"author":2,"featured_media":0,"comment_status":"open","ping_status":"open","sticky":false,"template":"","format":"standard","meta":{"tdm_status":"","tdm_grid_status":""},"categories":[165],"tags":[],"yoast_head":"<!-- This site is optimized with the Yoast SEO plugin v17.2 - https:\/\/yoast.com\/wordpress\/plugins\/seo\/ -->\n<meta name=\"robots\" content=\"index, follow, max-snippet:-1, max-image-preview:large, max-video-preview:-1\" \/>\n<link rel=\"canonical\" href=\"https:\/\/www.imosver.com\/blog\/diario-de-ana-frank\/\" \/>\n<meta property=\"og:locale\" content=\"es_ES\" \/>\n<meta property=\"og:type\" content=\"article\" \/>\n<meta property=\"og:title\" content=\"Diario de Ana Frank - Blog imosver\" \/>\n<meta property=\"og:description\" content=\"El Diario de Ana Frank lo record\u00e1bamos\u00a0 hace unos d\u00edas en nuestro blog cuando hablamos de\u00a0Los libros que hay que leer Si busc\u00e1is en casi todos los rankings de libros m\u00e1s le\u00eddos o m\u00e1s importantes de los \u00faltimos a\u00f1os, esta obra autobiogr\u00e1fica aparece siempre. En el a\u00f1o 1999, el peri\u00f3dico franc\u00e9s Le Monde, lo situ\u00f3 [&hellip;]\" \/>\n<meta property=\"og:url\" content=\"https:\/\/www.imosver.com\/blog\/diario-de-ana-frank\/\" \/>\n<meta property=\"og:site_name\" content=\"Blog imosver\" \/>\n<meta property=\"article:publisher\" content=\"https:\/\/www.facebook.com\/imosver\" \/>\n<meta property=\"article:published_time\" content=\"2013-06-25T08:44:27+00:00\" \/>\n<meta property=\"article:modified_time\" content=\"2021-04-07T14:14:22+00:00\" \/>\n<meta property=\"og:image\" content=\"https:\/\/www.imosver.com\/blog\/wp-content\/uploads\/2013\/06\/25-06-13-ANA-FRANK-FOTO-200x290.jpg\" \/>\n<meta name=\"twitter:card\" content=\"summary_large_image\" \/>\n<meta name=\"twitter:creator\" content=\"@Imosver\" \/>\n<meta name=\"twitter:site\" content=\"@Imosver\" \/>\n<meta name=\"twitter:label1\" content=\"Escrito por\" \/>\n\t<meta name=\"twitter:data1\" content=\"Imosver\" \/>\n\t<meta name=\"twitter:label2\" content=\"Tiempo de lectura\" \/>\n\t<meta name=\"twitter:data2\" content=\"2 minutos\" \/>\n<script type=\"application\/ld+json\" class=\"yoast-schema-graph\">{\"@context\":\"https:\/\/schema.org\",\"@graph\":[{\"@type\":\"Organization\",\"@id\":\"https:\/\/www.imosver.com\/blog\/#organization\",\"name\":\"Imosver\",\"url\":\"https:\/\/www.imosver.com\/blog\/\",\"sameAs\":[\"https:\/\/www.facebook.com\/imosver\",\"https:\/\/www.instagram.com\/imosver\/\",\"https:\/\/www.linkedin.com\/company\/3086458\/admin\/\",\"https:\/\/www.pinterest.es\/imosver\/\",\"https:\/\/twitter.com\/Imosver\"],\"logo\":{\"@type\":\"ImageObject\",\"@id\":\"https:\/\/www.imosver.com\/blog\/#logo\",\"inLanguage\":\"es\",\"url\":\"https:\/\/www.imosver.com\/blog\/wp-content\/uploads\/2026\/01\/logo.png\",\"contentUrl\":\"https:\/\/www.imosver.com\/blog\/wp-content\/uploads\/2026\/01\/logo.png\",\"width\":523,\"height\":120,\"caption\":\"Imosver\"},\"image\":{\"@id\":\"https:\/\/www.imosver.com\/blog\/#logo\"}},{\"@type\":\"WebSite\",\"@id\":\"https:\/\/www.imosver.com\/blog\/#website\",\"url\":\"https:\/\/www.imosver.com\/blog\/\",\"name\":\"Blog imosver\",\"description\":\"Blog Imosver\",\"publisher\":{\"@id\":\"https:\/\/www.imosver.com\/blog\/#organization\"},\"potentialAction\":[{\"@type\":\"SearchAction\",\"target\":{\"@type\":\"EntryPoint\",\"urlTemplate\":\"https:\/\/www.imosver.com\/blog\/?s={search_term_string}\"},\"query-input\":\"required name=search_term_string\"}],\"inLanguage\":\"es\"},{\"@type\":\"ImageObject\",\"@id\":\"https:\/\/www.imosver.com\/blog\/diario-de-ana-frank\/#primaryimage\",\"inLanguage\":\"es\",\"url\":\"https:\/\/www.imosver.com\/blog\/wp-content\/uploads\/2013\/06\/25-06-13-ANA-FRANK-FOTO.jpg\",\"contentUrl\":\"https:\/\/www.imosver.com\/blog\/wp-content\/uploads\/2013\/06\/25-06-13-ANA-FRANK-FOTO.jpg\",\"width\":\"300\",\"height\":\"436\"},{\"@type\":\"WebPage\",\"@id\":\"https:\/\/www.imosver.com\/blog\/diario-de-ana-frank\/#webpage\",\"url\":\"https:\/\/www.imosver.com\/blog\/diario-de-ana-frank\/\",\"name\":\"Diario de Ana Frank - Blog imosver\",\"isPartOf\":{\"@id\":\"https:\/\/www.imosver.com\/blog\/#website\"},\"primaryImageOfPage\":{\"@id\":\"https:\/\/www.imosver.com\/blog\/diario-de-ana-frank\/#primaryimage\"},\"datePublished\":\"2013-06-25T08:44:27+00:00\",\"dateModified\":\"2021-04-07T14:14:22+00:00\",\"breadcrumb\":{\"@id\":\"https:\/\/www.imosver.com\/blog\/diario-de-ana-frank\/#breadcrumb\"},\"inLanguage\":\"es\",\"potentialAction\":[{\"@type\":\"ReadAction\",\"target\":[\"https:\/\/www.imosver.com\/blog\/diario-de-ana-frank\/\"]}]},{\"@type\":\"BreadcrumbList\",\"@id\":\"https:\/\/www.imosver.com\/blog\/diario-de-ana-frank\/#breadcrumb\",\"itemListElement\":[{\"@type\":\"ListItem\",\"position\":1,\"name\":\"Portada\",\"item\":\"https:\/\/www.imosver.com\/blog\/\"},{\"@type\":\"ListItem\",\"position\":2,\"name\":\"Diario de Ana Frank\"}]},{\"@type\":\"Article\",\"@id\":\"https:\/\/www.imosver.com\/blog\/diario-de-ana-frank\/#article\",\"isPartOf\":{\"@id\":\"https:\/\/www.imosver.com\/blog\/diario-de-ana-frank\/#webpage\"},\"author\":{\"@id\":\"https:\/\/www.imosver.com\/blog\/#\/schema\/person\/4894cc3afc687758ce752d7938e0519d\"},\"headline\":\"Diario de Ana Frank\",\"datePublished\":\"2013-06-25T08:44:27+00:00\",\"dateModified\":\"2021-04-07T14:14:22+00:00\",\"mainEntityOfPage\":{\"@id\":\"https:\/\/www.imosver.com\/blog\/diario-de-ana-frank\/#webpage\"},\"wordCount\":455,\"commentCount\":0,\"publisher\":{\"@id\":\"https:\/\/www.imosver.com\/blog\/#organization\"},\"image\":{\"@id\":\"https:\/\/www.imosver.com\/blog\/diario-de-ana-frank\/#primaryimage\"},\"thumbnailUrl\":\"https:\/\/www.imosver.com\/blog\/wp-content\/uploads\/2013\/06\/25-06-13-ANA-FRANK-FOTO-200x290.jpg\",\"articleSection\":[\"Actualidad\"],\"inLanguage\":\"es\",\"potentialAction\":[{\"@type\":\"CommentAction\",\"name\":\"Comment\",\"target\":[\"https:\/\/www.imosver.com\/blog\/diario-de-ana-frank\/#respond\"]}]},{\"@type\":\"Person\",\"@id\":\"https:\/\/www.imosver.com\/blog\/#\/schema\/person\/4894cc3afc687758ce752d7938e0519d\",\"name\":\"Imosver\",\"image\":{\"@type\":\"ImageObject\",\"@id\":\"https:\/\/www.imosver.com\/blog\/#personlogo\",\"inLanguage\":\"es\",\"url\":\"https:\/\/secure.gravatar.com\/avatar\/00c6911b29e428161a36327744b2bc61?s=96&r=g\",\"contentUrl\":\"https:\/\/secure.gravatar.com\/avatar\/00c6911b29e428161a36327744b2bc61?s=96&r=g\",\"caption\":\"Imosver\"},\"url\":\"https:\/\/www.imosver.com\/blog\/author\/imosver\/\"}]}<\/script>\n<!-- \/ Yoast SEO plugin. -->","yoast_head_json":{"robots":{"index":"index","follow":"follow","max-snippet":"max-snippet:-1","max-image-preview":"max-image-preview:large","max-video-preview":"max-video-preview:-1"},"canonical":"https:\/\/www.imosver.com\/blog\/diario-de-ana-frank\/","og_locale":"es_ES","og_type":"article","og_title":"Diario de Ana Frank - Blog imosver","og_description":"El Diario de Ana Frank lo record\u00e1bamos\u00a0 hace unos d\u00edas en nuestro blog cuando hablamos de\u00a0Los libros que hay que leer Si busc\u00e1is en casi todos los rankings de libros m\u00e1s le\u00eddos o m\u00e1s importantes de los \u00faltimos a\u00f1os, esta obra autobiogr\u00e1fica aparece siempre. En el a\u00f1o 1999, el peri\u00f3dico franc\u00e9s Le Monde, lo situ\u00f3 [&hellip;]","og_url":"https:\/\/www.imosver.com\/blog\/diario-de-ana-frank\/","og_site_name":"Blog imosver","article_publisher":"https:\/\/www.facebook.com\/imosver","article_published_time":"2013-06-25T08:44:27+00:00","article_modified_time":"2021-04-07T14:14:22+00:00","og_image":[{"url":"https:\/\/www.imosver.com\/blog\/wp-content\/uploads\/2013\/06\/25-06-13-ANA-FRANK-FOTO-200x290.jpg"}],"twitter_card":"summary_large_image","twitter_creator":"@Imosver","twitter_site":"@Imosver","twitter_misc":{"Escrito por":"Imosver","Tiempo de lectura":"2 minutos"},"schema":{"@context":"https:\/\/schema.org","@graph":[{"@type":"Organization","@id":"https:\/\/www.imosver.com\/blog\/#organization","name":"Imosver","url":"https:\/\/www.imosver.com\/blog\/","sameAs":["https:\/\/www.facebook.com\/imosver","https:\/\/www.instagram.com\/imosver\/","https:\/\/www.linkedin.com\/company\/3086458\/admin\/","https:\/\/www.pinterest.es\/imosver\/","https:\/\/twitter.com\/Imosver"],"logo":{"@type":"ImageObject","@id":"https:\/\/www.imosver.com\/blog\/#logo","inLanguage":"es","url":"https:\/\/www.imosver.com\/blog\/wp-content\/uploads\/2026\/01\/logo.png","contentUrl":"https:\/\/www.imosver.com\/blog\/wp-content\/uploads\/2026\/01\/logo.png","width":523,"height":120,"caption":"Imosver"},"image":{"@id":"https:\/\/www.imosver.com\/blog\/#logo"}},{"@type":"WebSite","@id":"https:\/\/www.imosver.com\/blog\/#website","url":"https:\/\/www.imosver.com\/blog\/","name":"Blog imosver","description":"Blog Imosver","publisher":{"@id":"https:\/\/www.imosver.com\/blog\/#organization"},"potentialAction":[{"@type":"SearchAction","target":{"@type":"EntryPoint","urlTemplate":"https:\/\/www.imosver.com\/blog\/?s={search_term_string}"},"query-input":"required name=search_term_string"}],"inLanguage":"es"},{"@type":"ImageObject","@id":"https:\/\/www.imosver.com\/blog\/diario-de-ana-frank\/#primaryimage","inLanguage":"es","url":"https:\/\/www.imosver.com\/blog\/wp-content\/uploads\/2013\/06\/25-06-13-ANA-FRANK-FOTO.jpg","contentUrl":"https:\/\/www.imosver.com\/blog\/wp-content\/uploads\/2013\/06\/25-06-13-ANA-FRANK-FOTO.jpg","width":"300","height":"436"},{"@type":"WebPage","@id":"https:\/\/www.imosver.com\/blog\/diario-de-ana-frank\/#webpage","url":"https:\/\/www.imosver.com\/blog\/diario-de-ana-frank\/","name":"Diario de Ana Frank - Blog imosver","isPartOf":{"@id":"https:\/\/www.imosver.com\/blog\/#website"},"primaryImageOfPage":{"@id":"https:\/\/www.imosver.com\/blog\/diario-de-ana-frank\/#primaryimage"},"datePublished":"2013-06-25T08:44:27+00:00","dateModified":"2021-04-07T14:14:22+00:00","breadcrumb":{"@id":"https:\/\/www.imosver.com\/blog\/diario-de-ana-frank\/#breadcrumb"},"inLanguage":"es","potentialAction":[{"@type":"ReadAction","target":["https:\/\/www.imosver.com\/blog\/diario-de-ana-frank\/"]}]},{"@type":"BreadcrumbList","@id":"https:\/\/www.imosver.com\/blog\/diario-de-ana-frank\/#breadcrumb","itemListElement":[{"@type":"ListItem","position":1,"name":"Portada","item":"https:\/\/www.imosver.com\/blog\/"},{"@type":"ListItem","position":2,"name":"Diario de Ana Frank"}]},{"@type":"Article","@id":"https:\/\/www.imosver.com\/blog\/diario-de-ana-frank\/#article","isPartOf":{"@id":"https:\/\/www.imosver.com\/blog\/diario-de-ana-frank\/#webpage"},"author":{"@id":"https:\/\/www.imosver.com\/blog\/#\/schema\/person\/4894cc3afc687758ce752d7938e0519d"},"headline":"Diario de Ana Frank","datePublished":"2013-06-25T08:44:27+00:00","dateModified":"2021-04-07T14:14:22+00:00","mainEntityOfPage":{"@id":"https:\/\/www.imosver.com\/blog\/diario-de-ana-frank\/#webpage"},"wordCount":455,"commentCount":0,"publisher":{"@id":"https:\/\/www.imosver.com\/blog\/#organization"},"image":{"@id":"https:\/\/www.imosver.com\/blog\/diario-de-ana-frank\/#primaryimage"},"thumbnailUrl":"https:\/\/www.imosver.com\/blog\/wp-content\/uploads\/2013\/06\/25-06-13-ANA-FRANK-FOTO-200x290.jpg","articleSection":["Actualidad"],"inLanguage":"es","potentialAction":[{"@type":"CommentAction","name":"Comment","target":["https:\/\/www.imosver.com\/blog\/diario-de-ana-frank\/#respond"]}]},{"@type":"Person","@id":"https:\/\/www.imosver.com\/blog\/#\/schema\/person\/4894cc3afc687758ce752d7938e0519d","name":"Imosver","image":{"@type":"ImageObject","@id":"https:\/\/www.imosver.com\/blog\/#personlogo","inLanguage":"es","url":"https:\/\/secure.gravatar.com\/avatar\/00c6911b29e428161a36327744b2bc61?s=96&r=g","contentUrl":"https:\/\/secure.gravatar.com\/avatar\/00c6911b29e428161a36327744b2bc61?s=96&r=g","caption":"Imosver"},"url":"https:\/\/www.imosver.com\/blog\/author\/imosver\/"}]}},"_links":{"self":[{"href":"https:\/\/www.imosver.com\/blog\/wp-json\/wp\/v2\/posts\/1364"}],"collection":[{"href":"https:\/\/www.imosver.com\/blog\/wp-json\/wp\/v2\/posts"}],"about":[{"href":"https:\/\/www.imosver.com\/blog\/wp-json\/wp\/v2\/types\/post"}],"author":[{"embeddable":true,"href":"https:\/\/www.imosver.com\/blog\/wp-json\/wp\/v2\/users\/2"}],"replies":[{"embeddable":true,"href":"https:\/\/www.imosver.com\/blog\/wp-json\/wp\/v2\/comments?post=1364"}],"version-history":[{"count":3,"href":"https:\/\/www.imosver.com\/blog\/wp-json\/wp\/v2\/posts\/1364\/revisions"}],"predecessor-version":[{"id":8793,"href":"https:\/\/www.imosver.com\/blog\/wp-json\/wp\/v2\/posts\/1364\/revisions\/8793"}],"wp:attachment":[{"href":"https:\/\/www.imosver.com\/blog\/wp-json\/wp\/v2\/media?parent=1364"}],"wp:term":[{"taxonomy":"category","embeddable":true,"href":"https:\/\/www.imosver.com\/blog\/wp-json\/wp\/v2\/categories?post=1364"},{"taxonomy":"post_tag","embeddable":true,"href":"https:\/\/www.imosver.com\/blog\/wp-json\/wp\/v2\/tags?post=1364"}],"curies":[{"name":"wp","href":"https:\/\/api.w.org\/{rel}","templated":true}]}}