{"id":1368,"date":"2013-06-26T09:33:23","date_gmt":"2013-06-26T09:33:23","guid":{"rendered":"https:\/\/www.imosver.com\/blog\/?p=1368"},"modified":"2021-04-07T15:33:15","modified_gmt":"2021-04-07T13:33:15","slug":"el-estres-de-los-padres-en-verano","status":"publish","type":"post","link":"https:\/\/www.imosver.com\/blog\/el-estres-de-los-padres-en-verano\/","title":{"rendered":"El estr\u00e9s de los padres en verano"},"content":{"rendered":"<p style=\"text-align: justify;\"><a href=\"https:\/\/www.imosver.com\/blog\/wp-content\/uploads\/2013\/06\/26-06-13-MADRE-ESTRESADA-FOTO.jpg\"><img loading=\"lazy\" class=\"alignleft size-medium wp-image-1369\" title=\"26-06-13 MADRE ESTRESADA FOTO\" src=\"https:\/\/www.imosver.com\/blog\/wp-content\/uploads\/2013\/06\/26-06-13-MADRE-ESTRESADA-FOTO-200x200.jpg\" alt=\"\" width=\"200\" height=\"200\" srcset=\"https:\/\/www.imosver.com\/blog\/wp-content\/uploads\/2013\/06\/26-06-13-MADRE-ESTRESADA-FOTO-200x200.jpg 200w, https:\/\/www.imosver.com\/blog\/wp-content\/uploads\/2013\/06\/26-06-13-MADRE-ESTRESADA-FOTO-150x150.jpg 150w, https:\/\/www.imosver.com\/blog\/wp-content\/uploads\/2013\/06\/26-06-13-MADRE-ESTRESADA-FOTO-300x300.jpg 300w, https:\/\/www.imosver.com\/blog\/wp-content\/uploads\/2013\/06\/26-06-13-MADRE-ESTRESADA-FOTO.jpg 420w\" sizes=\"(max-width: 200px) 100vw, 200px\" \/><\/a><\/p>\n<p style=\"text-align: justify;\">Las vacaciones de verano han comenzado y con ellas,\u00a0 tambi\u00e9n <strong>los malabarismos que<\/strong> <strong>debemos hacer\u00a0 los padres para compatibilizar el cuidado y entretenimiento de los ni\u00f1os con la falta de tiempo para ello, ya sea por motivos laborales,\u00a0 profesionales o de simple desorganizaci\u00f3n.<\/strong><\/p>\n<p style=\"text-align: justify;\">Este hecho nos sobrecarga a muchos progenitores,\u00a0 que nos vemos obligados a emitir <strong>varios SOS semanales<\/strong> para poder atender esta nueva vida diaria puesta \u2018patas arriba\u2019,\u00a0 por la ausencia de la rutina y orden del invierno.<\/p>\n<p style=\"text-align: justify;\"><strong>A mi me encanta cuando escucho a pap\u00e1s y mam\u00e1s hablar maravillas de este\u00a0 periodo<\/strong> <strong>vacacional de sus hijos, y objetivamente tiene muchas ventajas<\/strong>: desaparecen las prisas ma\u00f1aneras para desayunar y llegar puntual al colegio,\u00a0 desaparecen las prisas por las noches para cenar y meter a los ni\u00f1os en la cama con calzador para que descansen lo necesario, desaparecen los deberes,\u00a0 hoy en d\u00eda compartidos por padres e hijos, desaparecen los calcetines y el maravilloso arte de emparejarlos y hacer una curiosa bola con ellos, desaparecen las mal llamadas mochilas, yo las llamar\u00eda maletas, en las que nunca he visto solo lo necesario, suelen desaparecer o por lo menos disminuir los variados y numerosos virus que se empe\u00f1an en acompa\u00f1ar a nuestros peque\u00f1os todo el invierno&#8230;. O sea que tiene su parte positiva.<\/p>\n<p style=\"text-align: justify;\">Pues no. <strong>A mi dame madrugones y orden, calcetines y pantys, mochilas y maletas y hasta un poco de Dalsy, que sin abusar no me molesta.\u00a0<\/strong><\/p>\n<p style=\"text-align: justify;\">Los tres meses de verano se me hacen eternos y me invade una sensaci\u00f3n de descontrol sobre mi vida, familia y trabajo que me convierte en una <strong>madre permanentemente fuera de s\u00ed.<\/strong>\u00a0 Mi cuerpo y mi mente no se ponen de acuerdo haci\u00e9ndome pasar de la m\u00e1s absoluta hiperactividad a la m\u00e1s ap\u00e1tica de las desganas.<\/p>\n<p style=\"text-align: justify;\">La primera crisis se presenta\u00a0 fijo,\u00a0 el primer d\u00eda de vacaciones. De repente y sin previo aviso,\u00a0 <strong>necesito el doble de tiempo para hacer las mismas cosas que hac\u00eda hasta el d\u00eda<\/strong> <strong>anterior.<\/strong> Ni siquiera encuentro en mi habitual repertorio culinario comida que no sea demasiado pesada, demasiado ligera, demasiado caliente, demasiado fr\u00eda, demasiado verde&#8230;El \u00fanico men\u00fa que me acaba convenciendo para una familia numerosa con edades variadas, es el rebozado. <strong>Cualquier animal me vale si lo rebozo y lo complemento con una ensalada de lechuga y tomate.<\/strong><\/p>\n<p style=\"text-align: justify;\"><strong>Los que viv\u00eds en el interior y a\u00f1or\u00e1is la playa, os dir\u00e9 que sois unos privilegiados.<\/strong> No ten\u00e9is que\u00a0 convivir con las arenas que aparecen en el suelo, en las zapatillas, en las chanclas, en las bolsas, en los tubos de crema protectora que acaban convertidos en un peeling corporal, en el coche&#8230;.\u00bfSab\u00e9is la temperatura que puede alcanzar el interior de un coche despu\u00e9s de estar aparcado todo un d\u00eda en la playa? Los mismos guantes que utilizo para sacar la fuente de pollo del horno, los llevo en verano para poder tocar el volante del coche.<\/p>\n<p style=\"text-align: justify;\"><strong>Otro asunto que me desespera en verano es el tema de los ba\u00f1adores<\/strong>&#8230;.\u00bfno os\u00a0 desaparecen\u00a0 de casa de forma misteriosa ?\u00a0 A mi siempre me falta alguno de los del a\u00f1o anterior,\u00a0 \u00bfpero si en invierno no los han usado y el verano pasado exist\u00edan?. Actualmente cuesti\u00f3n sin resolver&#8230;.<\/p>\n<p style=\"text-align: justify;\">Pero bueno, el hombre tiene una gran capacidad de adaptaci\u00f3n (cuando digo el hombre, me refiero a la mujer), y poco a poco te vas metiendo en el verano profundo y las cosas van saliendo, mejor o peor,\u00a0 pero van saliendo. <strong>Campamentos, playa, piscina, deporte, cuadernillos de verano, m\u00e1s playa, m\u00e1s deporte, m\u00e1s piscina, no m\u00e1s cuadernillos de verano, van llenando los d\u00edas y hasta llegas a un punto de estabilidad, cuando ya te has convertido en una \u2018apagafuegos\u2019.<\/strong><\/p>\n<p style=\"text-align: justify;\"><strong>Y cuando crees que ya dominas la situaci\u00f3n, llega Septiembre<\/strong>, que \u00e9l solito merece un cap\u00edtulo aparte, y que me provoca la segunda gran crisis, esta m\u00e1s seria que la primera. Preguntas como&#8230; \u00bfqu\u00e9 he hecho yo para merecer esto? \u00bfa d\u00f3nde vamos? \u00bfde donde venimos? \u00bfporqu\u00e9 no para de crecerle el pi\u00e9 a mi hijo si ya tiene 15 a\u00f1os?&#8230;<\/p>\n<p style=\"text-align: justify;\">\u00a1En fin! Seguramente es todo psicol\u00f3gico, pues a pesar de los veranos, sigo aqu\u00ed, <strong>encantada de la vida so\u00f1ando con los 10 meses de colegio\u00a0 que me esperan para relajarme. Me los merezco.<\/strong><\/p>\n<p style=\"text-align: justify;\">Este post nos lo ha enviado una <strong>simp\u00e1tica amiga del blog de Imosver<\/strong>, que no quiere revelar su identidad pues teme que se la tache de\u00a0 \u201cmala madre\u201d. Nosotros no solo no la consideremos mala madre,\u00a0 sino que <strong>la felicitamos por su esfuerzo y dedicaci\u00f3n<\/strong>. Seguro que m\u00e1s de uno de nuestros lectores se siente identificado con ella.<\/p>\n<p style=\"text-align: justify;\">Os dejamos el libro <a href=\"https:\/\/www.imosver.com\/es\/libro\/en-la-cocina-con-la-drama-mama_0010008557\" target=\"_blank\" rel=\"noopener\"><strong>En la cocina con la drama mam\u00e1<\/strong><\/a>\u00a0\u00a0, porque hay que reirse&#8230;<\/p>\n","protected":false},"excerpt":{"rendered":"<p>Las vacaciones de verano han comenzado y con ellas,\u00a0 tambi\u00e9n los malabarismos que debemos hacer\u00a0 los padres para compatibilizar el cuidado y entretenimiento de los ni\u00f1os con la falta de tiempo para ello, ya sea por motivos laborales,\u00a0 profesionales o de simple desorganizaci\u00f3n. Este hecho nos sobrecarga a muchos progenitores,\u00a0 que nos vemos obligados a [&hellip;]<\/p>\n","protected":false},"author":2,"featured_media":0,"comment_status":"open","ping_status":"open","sticky":false,"template":"","format":"standard","meta":{"tdm_status":"","tdm_grid_status":""},"categories":[2858],"tags":[437,436],"yoast_head":"<!-- This site is optimized with the Yoast SEO plugin v17.2 - https:\/\/yoast.com\/wordpress\/plugins\/seo\/ -->\n<meta name=\"robots\" content=\"index, follow, max-snippet:-1, max-image-preview:large, max-video-preview:-1\" \/>\n<link rel=\"canonical\" href=\"https:\/\/www.imosver.com\/blog\/el-estres-de-los-padres-en-verano\/\" \/>\n<meta property=\"og:locale\" content=\"es_ES\" \/>\n<meta property=\"og:type\" content=\"article\" \/>\n<meta property=\"og:title\" content=\"El estr\u00e9s de los padres en verano - Blog imosver\" \/>\n<meta property=\"og:description\" content=\"Las vacaciones de verano han comenzado y con ellas,\u00a0 tambi\u00e9n los malabarismos que debemos hacer\u00a0 los padres para compatibilizar el cuidado y entretenimiento de los ni\u00f1os con la falta de tiempo para ello, ya sea por motivos laborales,\u00a0 profesionales o de simple desorganizaci\u00f3n. Este hecho nos sobrecarga a muchos progenitores,\u00a0 que nos vemos obligados a [&hellip;]\" \/>\n<meta property=\"og:url\" content=\"https:\/\/www.imosver.com\/blog\/el-estres-de-los-padres-en-verano\/\" \/>\n<meta property=\"og:site_name\" content=\"Blog imosver\" \/>\n<meta property=\"article:publisher\" content=\"https:\/\/www.facebook.com\/imosver\" \/>\n<meta property=\"article:published_time\" content=\"2013-06-26T09:33:23+00:00\" \/>\n<meta property=\"article:modified_time\" content=\"2021-04-07T13:33:15+00:00\" \/>\n<meta property=\"og:image\" content=\"https:\/\/www.imosver.com\/blog\/wp-content\/uploads\/2013\/06\/26-06-13-MADRE-ESTRESADA-FOTO-200x200.jpg\" \/>\n<meta name=\"twitter:card\" content=\"summary_large_image\" \/>\n<meta name=\"twitter:creator\" content=\"@Imosver\" \/>\n<meta name=\"twitter:site\" content=\"@Imosver\" \/>\n<meta name=\"twitter:label1\" content=\"Escrito por\" \/>\n\t<meta name=\"twitter:data1\" content=\"Imosver\" \/>\n\t<meta name=\"twitter:label2\" content=\"Tiempo de lectura\" \/>\n\t<meta name=\"twitter:data2\" content=\"4 minutos\" \/>\n<script type=\"application\/ld+json\" class=\"yoast-schema-graph\">{\"@context\":\"https:\/\/schema.org\",\"@graph\":[{\"@type\":\"Organization\",\"@id\":\"https:\/\/www.imosver.com\/blog\/#organization\",\"name\":\"Imosver\",\"url\":\"https:\/\/www.imosver.com\/blog\/\",\"sameAs\":[\"https:\/\/www.facebook.com\/imosver\",\"https:\/\/www.instagram.com\/imosver\/\",\"https:\/\/www.linkedin.com\/company\/3086458\/admin\/\",\"https:\/\/www.pinterest.es\/imosver\/\",\"https:\/\/twitter.com\/Imosver\"],\"logo\":{\"@type\":\"ImageObject\",\"@id\":\"https:\/\/www.imosver.com\/blog\/#logo\",\"inLanguage\":\"es\",\"url\":\"https:\/\/www.imosver.com\/blog\/wp-content\/uploads\/2026\/01\/logo.png\",\"contentUrl\":\"https:\/\/www.imosver.com\/blog\/wp-content\/uploads\/2026\/01\/logo.png\",\"width\":523,\"height\":120,\"caption\":\"Imosver\"},\"image\":{\"@id\":\"https:\/\/www.imosver.com\/blog\/#logo\"}},{\"@type\":\"WebSite\",\"@id\":\"https:\/\/www.imosver.com\/blog\/#website\",\"url\":\"https:\/\/www.imosver.com\/blog\/\",\"name\":\"Blog imosver\",\"description\":\"Blog Imosver\",\"publisher\":{\"@id\":\"https:\/\/www.imosver.com\/blog\/#organization\"},\"potentialAction\":[{\"@type\":\"SearchAction\",\"target\":{\"@type\":\"EntryPoint\",\"urlTemplate\":\"https:\/\/www.imosver.com\/blog\/?s={search_term_string}\"},\"query-input\":\"required name=search_term_string\"}],\"inLanguage\":\"es\"},{\"@type\":\"ImageObject\",\"@id\":\"https:\/\/www.imosver.com\/blog\/el-estres-de-los-padres-en-verano\/#primaryimage\",\"inLanguage\":\"es\",\"url\":\"https:\/\/www.imosver.com\/blog\/wp-content\/uploads\/2013\/06\/26-06-13-MADRE-ESTRESADA-FOTO.jpg\",\"contentUrl\":\"https:\/\/www.imosver.com\/blog\/wp-content\/uploads\/2013\/06\/26-06-13-MADRE-ESTRESADA-FOTO.jpg\",\"width\":\"420\",\"height\":\"420\"},{\"@type\":\"WebPage\",\"@id\":\"https:\/\/www.imosver.com\/blog\/el-estres-de-los-padres-en-verano\/#webpage\",\"url\":\"https:\/\/www.imosver.com\/blog\/el-estres-de-los-padres-en-verano\/\",\"name\":\"El estr\\u00e9s de los padres en verano - Blog imosver\",\"isPartOf\":{\"@id\":\"https:\/\/www.imosver.com\/blog\/#website\"},\"primaryImageOfPage\":{\"@id\":\"https:\/\/www.imosver.com\/blog\/el-estres-de-los-padres-en-verano\/#primaryimage\"},\"datePublished\":\"2013-06-26T09:33:23+00:00\",\"dateModified\":\"2021-04-07T13:33:15+00:00\",\"breadcrumb\":{\"@id\":\"https:\/\/www.imosver.com\/blog\/el-estres-de-los-padres-en-verano\/#breadcrumb\"},\"inLanguage\":\"es\",\"potentialAction\":[{\"@type\":\"ReadAction\",\"target\":[\"https:\/\/www.imosver.com\/blog\/el-estres-de-los-padres-en-verano\/\"]}]},{\"@type\":\"BreadcrumbList\",\"@id\":\"https:\/\/www.imosver.com\/blog\/el-estres-de-los-padres-en-verano\/#breadcrumb\",\"itemListElement\":[{\"@type\":\"ListItem\",\"position\":1,\"name\":\"Portada\",\"item\":\"https:\/\/www.imosver.com\/blog\/\"},{\"@type\":\"ListItem\",\"position\":2,\"name\":\"El estr\\u00e9s de los padres en verano\"}]},{\"@type\":\"Article\",\"@id\":\"https:\/\/www.imosver.com\/blog\/el-estres-de-los-padres-en-verano\/#article\",\"isPartOf\":{\"@id\":\"https:\/\/www.imosver.com\/blog\/el-estres-de-los-padres-en-verano\/#webpage\"},\"author\":{\"@id\":\"https:\/\/www.imosver.com\/blog\/#\/schema\/person\/4894cc3afc687758ce752d7938e0519d\"},\"headline\":\"El estr\\u00e9s de los padres en verano\",\"datePublished\":\"2013-06-26T09:33:23+00:00\",\"dateModified\":\"2021-04-07T13:33:15+00:00\",\"mainEntityOfPage\":{\"@id\":\"https:\/\/www.imosver.com\/blog\/el-estres-de-los-padres-en-verano\/#webpage\"},\"wordCount\":830,\"commentCount\":0,\"publisher\":{\"@id\":\"https:\/\/www.imosver.com\/blog\/#organization\"},\"image\":{\"@id\":\"https:\/\/www.imosver.com\/blog\/el-estres-de-los-padres-en-verano\/#primaryimage\"},\"thumbnailUrl\":\"https:\/\/www.imosver.com\/blog\/wp-content\/uploads\/2013\/06\/26-06-13-MADRE-ESTRESADA-FOTO-200x200.jpg\",\"keywords\":[\"el estr\\u00e9s del verano\",\"estr\\u00e9s de los padres\"],\"articleSection\":[\"Juvenil\"],\"inLanguage\":\"es\",\"potentialAction\":[{\"@type\":\"CommentAction\",\"name\":\"Comment\",\"target\":[\"https:\/\/www.imosver.com\/blog\/el-estres-de-los-padres-en-verano\/#respond\"]}]},{\"@type\":\"Person\",\"@id\":\"https:\/\/www.imosver.com\/blog\/#\/schema\/person\/4894cc3afc687758ce752d7938e0519d\",\"name\":\"Imosver\",\"image\":{\"@type\":\"ImageObject\",\"@id\":\"https:\/\/www.imosver.com\/blog\/#personlogo\",\"inLanguage\":\"es\",\"url\":\"https:\/\/secure.gravatar.com\/avatar\/00c6911b29e428161a36327744b2bc61?s=96&r=g\",\"contentUrl\":\"https:\/\/secure.gravatar.com\/avatar\/00c6911b29e428161a36327744b2bc61?s=96&r=g\",\"caption\":\"Imosver\"},\"url\":\"https:\/\/www.imosver.com\/blog\/author\/imosver\/\"}]}<\/script>\n<!-- \/ Yoast SEO plugin. -->","yoast_head_json":{"robots":{"index":"index","follow":"follow","max-snippet":"max-snippet:-1","max-image-preview":"max-image-preview:large","max-video-preview":"max-video-preview:-1"},"canonical":"https:\/\/www.imosver.com\/blog\/el-estres-de-los-padres-en-verano\/","og_locale":"es_ES","og_type":"article","og_title":"El estr\u00e9s de los padres en verano - Blog imosver","og_description":"Las vacaciones de verano han comenzado y con ellas,\u00a0 tambi\u00e9n los malabarismos que debemos hacer\u00a0 los padres para compatibilizar el cuidado y entretenimiento de los ni\u00f1os con la falta de tiempo para ello, ya sea por motivos laborales,\u00a0 profesionales o de simple desorganizaci\u00f3n. Este hecho nos sobrecarga a muchos progenitores,\u00a0 que nos vemos obligados a [&hellip;]","og_url":"https:\/\/www.imosver.com\/blog\/el-estres-de-los-padres-en-verano\/","og_site_name":"Blog imosver","article_publisher":"https:\/\/www.facebook.com\/imosver","article_published_time":"2013-06-26T09:33:23+00:00","article_modified_time":"2021-04-07T13:33:15+00:00","og_image":[{"url":"https:\/\/www.imosver.com\/blog\/wp-content\/uploads\/2013\/06\/26-06-13-MADRE-ESTRESADA-FOTO-200x200.jpg"}],"twitter_card":"summary_large_image","twitter_creator":"@Imosver","twitter_site":"@Imosver","twitter_misc":{"Escrito por":"Imosver","Tiempo de lectura":"4 minutos"},"schema":{"@context":"https:\/\/schema.org","@graph":[{"@type":"Organization","@id":"https:\/\/www.imosver.com\/blog\/#organization","name":"Imosver","url":"https:\/\/www.imosver.com\/blog\/","sameAs":["https:\/\/www.facebook.com\/imosver","https:\/\/www.instagram.com\/imosver\/","https:\/\/www.linkedin.com\/company\/3086458\/admin\/","https:\/\/www.pinterest.es\/imosver\/","https:\/\/twitter.com\/Imosver"],"logo":{"@type":"ImageObject","@id":"https:\/\/www.imosver.com\/blog\/#logo","inLanguage":"es","url":"https:\/\/www.imosver.com\/blog\/wp-content\/uploads\/2026\/01\/logo.png","contentUrl":"https:\/\/www.imosver.com\/blog\/wp-content\/uploads\/2026\/01\/logo.png","width":523,"height":120,"caption":"Imosver"},"image":{"@id":"https:\/\/www.imosver.com\/blog\/#logo"}},{"@type":"WebSite","@id":"https:\/\/www.imosver.com\/blog\/#website","url":"https:\/\/www.imosver.com\/blog\/","name":"Blog imosver","description":"Blog Imosver","publisher":{"@id":"https:\/\/www.imosver.com\/blog\/#organization"},"potentialAction":[{"@type":"SearchAction","target":{"@type":"EntryPoint","urlTemplate":"https:\/\/www.imosver.com\/blog\/?s={search_term_string}"},"query-input":"required name=search_term_string"}],"inLanguage":"es"},{"@type":"ImageObject","@id":"https:\/\/www.imosver.com\/blog\/el-estres-de-los-padres-en-verano\/#primaryimage","inLanguage":"es","url":"https:\/\/www.imosver.com\/blog\/wp-content\/uploads\/2013\/06\/26-06-13-MADRE-ESTRESADA-FOTO.jpg","contentUrl":"https:\/\/www.imosver.com\/blog\/wp-content\/uploads\/2013\/06\/26-06-13-MADRE-ESTRESADA-FOTO.jpg","width":"420","height":"420"},{"@type":"WebPage","@id":"https:\/\/www.imosver.com\/blog\/el-estres-de-los-padres-en-verano\/#webpage","url":"https:\/\/www.imosver.com\/blog\/el-estres-de-los-padres-en-verano\/","name":"El estr\u00e9s de los padres en verano - Blog imosver","isPartOf":{"@id":"https:\/\/www.imosver.com\/blog\/#website"},"primaryImageOfPage":{"@id":"https:\/\/www.imosver.com\/blog\/el-estres-de-los-padres-en-verano\/#primaryimage"},"datePublished":"2013-06-26T09:33:23+00:00","dateModified":"2021-04-07T13:33:15+00:00","breadcrumb":{"@id":"https:\/\/www.imosver.com\/blog\/el-estres-de-los-padres-en-verano\/#breadcrumb"},"inLanguage":"es","potentialAction":[{"@type":"ReadAction","target":["https:\/\/www.imosver.com\/blog\/el-estres-de-los-padres-en-verano\/"]}]},{"@type":"BreadcrumbList","@id":"https:\/\/www.imosver.com\/blog\/el-estres-de-los-padres-en-verano\/#breadcrumb","itemListElement":[{"@type":"ListItem","position":1,"name":"Portada","item":"https:\/\/www.imosver.com\/blog\/"},{"@type":"ListItem","position":2,"name":"El estr\u00e9s de los padres en verano"}]},{"@type":"Article","@id":"https:\/\/www.imosver.com\/blog\/el-estres-de-los-padres-en-verano\/#article","isPartOf":{"@id":"https:\/\/www.imosver.com\/blog\/el-estres-de-los-padres-en-verano\/#webpage"},"author":{"@id":"https:\/\/www.imosver.com\/blog\/#\/schema\/person\/4894cc3afc687758ce752d7938e0519d"},"headline":"El estr\u00e9s de los padres en verano","datePublished":"2013-06-26T09:33:23+00:00","dateModified":"2021-04-07T13:33:15+00:00","mainEntityOfPage":{"@id":"https:\/\/www.imosver.com\/blog\/el-estres-de-los-padres-en-verano\/#webpage"},"wordCount":830,"commentCount":0,"publisher":{"@id":"https:\/\/www.imosver.com\/blog\/#organization"},"image":{"@id":"https:\/\/www.imosver.com\/blog\/el-estres-de-los-padres-en-verano\/#primaryimage"},"thumbnailUrl":"https:\/\/www.imosver.com\/blog\/wp-content\/uploads\/2013\/06\/26-06-13-MADRE-ESTRESADA-FOTO-200x200.jpg","keywords":["el estr\u00e9s del verano","estr\u00e9s de los padres"],"articleSection":["Juvenil"],"inLanguage":"es","potentialAction":[{"@type":"CommentAction","name":"Comment","target":["https:\/\/www.imosver.com\/blog\/el-estres-de-los-padres-en-verano\/#respond"]}]},{"@type":"Person","@id":"https:\/\/www.imosver.com\/blog\/#\/schema\/person\/4894cc3afc687758ce752d7938e0519d","name":"Imosver","image":{"@type":"ImageObject","@id":"https:\/\/www.imosver.com\/blog\/#personlogo","inLanguage":"es","url":"https:\/\/secure.gravatar.com\/avatar\/00c6911b29e428161a36327744b2bc61?s=96&r=g","contentUrl":"https:\/\/secure.gravatar.com\/avatar\/00c6911b29e428161a36327744b2bc61?s=96&r=g","caption":"Imosver"},"url":"https:\/\/www.imosver.com\/blog\/author\/imosver\/"}]}},"_links":{"self":[{"href":"https:\/\/www.imosver.com\/blog\/wp-json\/wp\/v2\/posts\/1368"}],"collection":[{"href":"https:\/\/www.imosver.com\/blog\/wp-json\/wp\/v2\/posts"}],"about":[{"href":"https:\/\/www.imosver.com\/blog\/wp-json\/wp\/v2\/types\/post"}],"author":[{"embeddable":true,"href":"https:\/\/www.imosver.com\/blog\/wp-json\/wp\/v2\/users\/2"}],"replies":[{"embeddable":true,"href":"https:\/\/www.imosver.com\/blog\/wp-json\/wp\/v2\/comments?post=1368"}],"version-history":[{"count":3,"href":"https:\/\/www.imosver.com\/blog\/wp-json\/wp\/v2\/posts\/1368\/revisions"}],"predecessor-version":[{"id":8246,"href":"https:\/\/www.imosver.com\/blog\/wp-json\/wp\/v2\/posts\/1368\/revisions\/8246"}],"wp:attachment":[{"href":"https:\/\/www.imosver.com\/blog\/wp-json\/wp\/v2\/media?parent=1368"}],"wp:term":[{"taxonomy":"category","embeddable":true,"href":"https:\/\/www.imosver.com\/blog\/wp-json\/wp\/v2\/categories?post=1368"},{"taxonomy":"post_tag","embeddable":true,"href":"https:\/\/www.imosver.com\/blog\/wp-json\/wp\/v2\/tags?post=1368"}],"curies":[{"name":"wp","href":"https:\/\/api.w.org\/{rel}","templated":true}]}}