{"id":1389,"date":"2013-07-03T16:17:41","date_gmt":"2013-07-03T16:17:41","guid":{"rendered":"https:\/\/www.imosver.com\/blog\/?p=1389"},"modified":"2021-04-07T16:10:53","modified_gmt":"2021-04-07T14:10:53","slug":"axterix-y-los-pictos","status":"publish","type":"post","link":"https:\/\/www.imosver.com\/blog\/axterix-y-los-pictos\/","title":{"rendered":"Axterix y los pictos"},"content":{"rendered":"<p style=\"text-align: justify;\"><a href=\"https:\/\/www.imosver.com\/blog\/wp-content\/uploads\/2013\/07\/03-07-13-ASTERIX-Y-OBELIX.jpg\"><img loading=\"lazy\" class=\"alignleft size-medium wp-image-1390\" title=\"03-07-13 ASTERIX Y OBELIX\" src=\"https:\/\/www.imosver.com\/blog\/wp-content\/uploads\/2013\/07\/03-07-13-ASTERIX-Y-OBELIX-200x150.jpg\" alt=\"\" width=\"200\" height=\"150\" srcset=\"https:\/\/www.imosver.com\/blog\/wp-content\/uploads\/2013\/07\/03-07-13-ASTERIX-Y-OBELIX-200x150.jpg 200w, https:\/\/www.imosver.com\/blog\/wp-content\/uploads\/2013\/07\/03-07-13-ASTERIX-Y-OBELIX-400x300.jpg 400w, https:\/\/www.imosver.com\/blog\/wp-content\/uploads\/2013\/07\/03-07-13-ASTERIX-Y-OBELIX.jpg 500w\" sizes=\"(max-width: 200px) 100vw, 200px\" \/><\/a><\/p>\n<p style=\"text-align: justify;\">Junto a Las aventuras de Tint\u00edn del belga Herg\u00e9, Axt\u00e9rix el galo, es probablemente, la serie de historietas c\u00f3micas m\u00e1s popular del\u00a0 mundo.<\/p>\n<p style=\"text-align: justify;\">Sus creadores, Renn\u00e9 Goscinny, guionista, y Albert Uderzo, dibujante, publicaron por primera vez en la revista Pilote, el 29 de octubre de 1959. Ya fallecido Goscinny y con 84 a\u00f1os Uderzo, el grupo editorial Hachette nombra a Jean-Yves-Ferry, guionista de la nueva saga de Asterix en el a\u00f1o 2011.<\/p>\n<p style=\"text-align: justify;\">Axterix y los pictos,\u00a0 saldr\u00e1 a la luz el pr\u00f3ximo 24 de Octubre en su idioma original, el franc\u00e9s, y aunque mantendr\u00e1 el mismo estilo que consagraron sus creadores, introducir\u00e1 alguna sorpresa.<\/p>\n<p style=\"text-align: justify;\">Todos conocemos las aventuras del peque\u00f1o guerrero galo\u00a0 Ast\u00e9rix y su enorme y bonach\u00f3n amigo Obelix. Sus haza\u00f1as se desarrollan en el a\u00f1o 50 a.C., en una peque\u00f1a aldea de la Galia, \u00fanico territorio no conquistado por Julio Cesar. El ej\u00e9rcito romano en su permanente empe\u00f1o en ocupar la aldea gala y la resistencia del poblado liderada por Axt\u00e9rix,\u00a0 constituyen la trama general de la historia. Con la ayuda\u00a0 poci\u00f3n m\u00e1gica de Panor\u00e1mix, el druida de la aldea, los peque\u00f1os guerreros salen siempre victoriosos ante\u00a0 cualquier emboscada romana.<\/p>\n<p style=\"text-align: justify;\">En el nuevo cap\u00edtulo\u00a0 que saldr\u00e1 este a\u00f1o, ya escrito por el sucesor de Goscinny, los peque\u00f1os galos realizar\u00e1n un viaje a Escocia donde descubrir\u00e1n cosas incre\u00edbles para ellos como el whisky o el hogar del monstruo del Lago Ness.<\/p>\n<p style=\"text-align: justify;\">Ast\u00e9rix el galo, o Ast\u00e9rix y Obelix, como prefir\u00e1is llamarlos, gustan tanto a peque\u00f1os como a mayores. El contenido c\u00f3mico es importante, las peleas y estrategias de los guerreros encandilan a los ni\u00f1os y las alusiones hist\u00f3ricas atraen a los no tan j\u00f3venes.<\/p>\n<p style=\"text-align: justify;\">Pues ya sab\u00e9is, este c\u00f3mic no ha terminado. Esperemos que,\u00a0 a Asterix y los pictos, sigan muchas m\u00e1s aventuras. 350 millones de copias vendidas de sus tiras c\u00f3micas, traducidas a 107 idiomas\u00a0 avalan el gran entusiasmo que generan en el p\u00fablico lector.<\/p>\n<p style=\"text-align: justify;\">Lo esperaremos como #lecturarecomendada .\u00a0 Si quer\u00e9is ir ambient\u00e1ndoos en la\u00a0 peque\u00f1a aldea y sus personajes, aqu\u00ed os dejamos <a href=\"https:\/\/www.imosver.com\/es\/libro\/asterix-en-hispania_C819980183\" target=\"_blank\" rel=\"noopener\">Ast\u00e9rix en Hispania<\/a>\u00a0 y <a href=\"https:\/\/www.imosver.com\/es\/libro\/normandos_C819980087\" target=\"_blank\" rel=\"noopener\">Ast\u00e9rix y los normandos\u00a0<\/a><\/p>\n<p style=\"text-align: justify;\">Tambi\u00e9n pod\u00e9is visitar su <a href=\"http:\/\/es.asterix.com\/index.html.es\" target=\"_blank\" rel=\"noopener\">p\u00e1gina web<\/a><\/p>\n<p style=\"text-align: justify;\">\u00a1Hasta ma\u00f1ana!<\/p>\n","protected":false},"excerpt":{"rendered":"<p>Junto a Las aventuras de Tint\u00edn del belga Herg\u00e9, Axt\u00e9rix el galo, es probablemente, la serie de historietas c\u00f3micas m\u00e1s popular del\u00a0 mundo. Sus creadores, Renn\u00e9 Goscinny, guionista, y Albert Uderzo, dibujante, publicaron por primera vez en la revista Pilote, el 29 de octubre de 1959. Ya fallecido Goscinny y con 84 a\u00f1os Uderzo, el [&hellip;]<\/p>\n","protected":false},"author":2,"featured_media":0,"comment_status":"open","ping_status":"open","sticky":false,"template":"","format":"standard","meta":{"tdm_status":"","tdm_grid_status":""},"categories":[165],"tags":[447,448,449,451,450],"yoast_head":"<!-- This site is optimized with the Yoast SEO plugin v17.2 - https:\/\/yoast.com\/wordpress\/plugins\/seo\/ -->\n<meta name=\"robots\" content=\"index, follow, max-snippet:-1, max-image-preview:large, max-video-preview:-1\" \/>\n<link rel=\"canonical\" href=\"https:\/\/www.imosver.com\/blog\/axterix-y-los-pictos\/\" \/>\n<meta property=\"og:locale\" content=\"es_ES\" \/>\n<meta property=\"og:type\" content=\"article\" \/>\n<meta property=\"og:title\" content=\"Axterix y los pictos - Blog imosver\" \/>\n<meta property=\"og:description\" content=\"Junto a Las aventuras de Tint\u00edn del belga Herg\u00e9, Axt\u00e9rix el galo, es probablemente, la serie de historietas c\u00f3micas m\u00e1s popular del\u00a0 mundo. Sus creadores, Renn\u00e9 Goscinny, guionista, y Albert Uderzo, dibujante, publicaron por primera vez en la revista Pilote, el 29 de octubre de 1959. Ya fallecido Goscinny y con 84 a\u00f1os Uderzo, el [&hellip;]\" \/>\n<meta property=\"og:url\" content=\"https:\/\/www.imosver.com\/blog\/axterix-y-los-pictos\/\" \/>\n<meta property=\"og:site_name\" content=\"Blog imosver\" \/>\n<meta property=\"article:publisher\" content=\"https:\/\/www.facebook.com\/imosver\" \/>\n<meta property=\"article:published_time\" content=\"2013-07-03T16:17:41+00:00\" \/>\n<meta property=\"article:modified_time\" content=\"2021-04-07T14:10:53+00:00\" \/>\n<meta property=\"og:image\" content=\"https:\/\/www.imosver.com\/blog\/wp-content\/uploads\/2013\/07\/03-07-13-ASTERIX-Y-OBELIX-200x150.jpg\" \/>\n<meta name=\"twitter:card\" content=\"summary_large_image\" \/>\n<meta name=\"twitter:creator\" content=\"@Imosver\" \/>\n<meta name=\"twitter:site\" content=\"@Imosver\" \/>\n<meta name=\"twitter:label1\" content=\"Escrito por\" \/>\n\t<meta name=\"twitter:data1\" content=\"Imosver\" \/>\n\t<meta name=\"twitter:label2\" content=\"Tiempo de lectura\" \/>\n\t<meta name=\"twitter:data2\" content=\"2 minutos\" \/>\n<script type=\"application\/ld+json\" class=\"yoast-schema-graph\">{\"@context\":\"https:\/\/schema.org\",\"@graph\":[{\"@type\":\"Organization\",\"@id\":\"https:\/\/www.imosver.com\/blog\/#organization\",\"name\":\"Imosver\",\"url\":\"https:\/\/www.imosver.com\/blog\/\",\"sameAs\":[\"https:\/\/www.facebook.com\/imosver\",\"https:\/\/www.instagram.com\/imosver\/\",\"https:\/\/www.linkedin.com\/company\/3086458\/admin\/\",\"https:\/\/www.pinterest.es\/imosver\/\",\"https:\/\/twitter.com\/Imosver\"],\"logo\":{\"@type\":\"ImageObject\",\"@id\":\"https:\/\/www.imosver.com\/blog\/#logo\",\"inLanguage\":\"es\",\"url\":\"https:\/\/www.imosver.com\/blog\/wp-content\/uploads\/2026\/01\/logo.png\",\"contentUrl\":\"https:\/\/www.imosver.com\/blog\/wp-content\/uploads\/2026\/01\/logo.png\",\"width\":523,\"height\":120,\"caption\":\"Imosver\"},\"image\":{\"@id\":\"https:\/\/www.imosver.com\/blog\/#logo\"}},{\"@type\":\"WebSite\",\"@id\":\"https:\/\/www.imosver.com\/blog\/#website\",\"url\":\"https:\/\/www.imosver.com\/blog\/\",\"name\":\"Blog imosver\",\"description\":\"Blog Imosver\",\"publisher\":{\"@id\":\"https:\/\/www.imosver.com\/blog\/#organization\"},\"potentialAction\":[{\"@type\":\"SearchAction\",\"target\":{\"@type\":\"EntryPoint\",\"urlTemplate\":\"https:\/\/www.imosver.com\/blog\/?s={search_term_string}\"},\"query-input\":\"required name=search_term_string\"}],\"inLanguage\":\"es\"},{\"@type\":\"ImageObject\",\"@id\":\"https:\/\/www.imosver.com\/blog\/axterix-y-los-pictos\/#primaryimage\",\"inLanguage\":\"es\",\"url\":\"https:\/\/www.imosver.com\/blog\/wp-content\/uploads\/2013\/07\/03-07-13-ASTERIX-Y-OBELIX.jpg\",\"contentUrl\":\"https:\/\/www.imosver.com\/blog\/wp-content\/uploads\/2013\/07\/03-07-13-ASTERIX-Y-OBELIX.jpg\",\"width\":\"500\",\"height\":\"375\"},{\"@type\":\"WebPage\",\"@id\":\"https:\/\/www.imosver.com\/blog\/axterix-y-los-pictos\/#webpage\",\"url\":\"https:\/\/www.imosver.com\/blog\/axterix-y-los-pictos\/\",\"name\":\"Axterix y los pictos - Blog imosver\",\"isPartOf\":{\"@id\":\"https:\/\/www.imosver.com\/blog\/#website\"},\"primaryImageOfPage\":{\"@id\":\"https:\/\/www.imosver.com\/blog\/axterix-y-los-pictos\/#primaryimage\"},\"datePublished\":\"2013-07-03T16:17:41+00:00\",\"dateModified\":\"2021-04-07T14:10:53+00:00\",\"breadcrumb\":{\"@id\":\"https:\/\/www.imosver.com\/blog\/axterix-y-los-pictos\/#breadcrumb\"},\"inLanguage\":\"es\",\"potentialAction\":[{\"@type\":\"ReadAction\",\"target\":[\"https:\/\/www.imosver.com\/blog\/axterix-y-los-pictos\/\"]}]},{\"@type\":\"BreadcrumbList\",\"@id\":\"https:\/\/www.imosver.com\/blog\/axterix-y-los-pictos\/#breadcrumb\",\"itemListElement\":[{\"@type\":\"ListItem\",\"position\":1,\"name\":\"Portada\",\"item\":\"https:\/\/www.imosver.com\/blog\/\"},{\"@type\":\"ListItem\",\"position\":2,\"name\":\"Axterix y los pictos\"}]},{\"@type\":\"Article\",\"@id\":\"https:\/\/www.imosver.com\/blog\/axterix-y-los-pictos\/#article\",\"isPartOf\":{\"@id\":\"https:\/\/www.imosver.com\/blog\/axterix-y-los-pictos\/#webpage\"},\"author\":{\"@id\":\"https:\/\/www.imosver.com\/blog\/#\/schema\/person\/4894cc3afc687758ce752d7938e0519d\"},\"headline\":\"Axterix y los pictos\",\"datePublished\":\"2013-07-03T16:17:41+00:00\",\"dateModified\":\"2021-04-07T14:10:53+00:00\",\"mainEntityOfPage\":{\"@id\":\"https:\/\/www.imosver.com\/blog\/axterix-y-los-pictos\/#webpage\"},\"wordCount\":397,\"commentCount\":0,\"publisher\":{\"@id\":\"https:\/\/www.imosver.com\/blog\/#organization\"},\"image\":{\"@id\":\"https:\/\/www.imosver.com\/blog\/axterix-y-los-pictos\/#primaryimage\"},\"thumbnailUrl\":\"https:\/\/www.imosver.com\/blog\/wp-content\/uploads\/2013\/07\/03-07-13-ASTERIX-Y-OBELIX-200x150.jpg\",\"keywords\":[\"Ast\\u00e9rix y los pictos\",\"Ast\\u00e9rix y Obelix\",\"comics\",\"historietas famosas\",\"lectura para ni\\u00f1os\"],\"articleSection\":[\"Actualidad\"],\"inLanguage\":\"es\",\"potentialAction\":[{\"@type\":\"CommentAction\",\"name\":\"Comment\",\"target\":[\"https:\/\/www.imosver.com\/blog\/axterix-y-los-pictos\/#respond\"]}]},{\"@type\":\"Person\",\"@id\":\"https:\/\/www.imosver.com\/blog\/#\/schema\/person\/4894cc3afc687758ce752d7938e0519d\",\"name\":\"Imosver\",\"image\":{\"@type\":\"ImageObject\",\"@id\":\"https:\/\/www.imosver.com\/blog\/#personlogo\",\"inLanguage\":\"es\",\"url\":\"https:\/\/secure.gravatar.com\/avatar\/00c6911b29e428161a36327744b2bc61?s=96&r=g\",\"contentUrl\":\"https:\/\/secure.gravatar.com\/avatar\/00c6911b29e428161a36327744b2bc61?s=96&r=g\",\"caption\":\"Imosver\"},\"url\":\"https:\/\/www.imosver.com\/blog\/author\/imosver\/\"}]}<\/script>\n<!-- \/ Yoast SEO plugin. -->","yoast_head_json":{"robots":{"index":"index","follow":"follow","max-snippet":"max-snippet:-1","max-image-preview":"max-image-preview:large","max-video-preview":"max-video-preview:-1"},"canonical":"https:\/\/www.imosver.com\/blog\/axterix-y-los-pictos\/","og_locale":"es_ES","og_type":"article","og_title":"Axterix y los pictos - Blog imosver","og_description":"Junto a Las aventuras de Tint\u00edn del belga Herg\u00e9, Axt\u00e9rix el galo, es probablemente, la serie de historietas c\u00f3micas m\u00e1s popular del\u00a0 mundo. Sus creadores, Renn\u00e9 Goscinny, guionista, y Albert Uderzo, dibujante, publicaron por primera vez en la revista Pilote, el 29 de octubre de 1959. Ya fallecido Goscinny y con 84 a\u00f1os Uderzo, el [&hellip;]","og_url":"https:\/\/www.imosver.com\/blog\/axterix-y-los-pictos\/","og_site_name":"Blog imosver","article_publisher":"https:\/\/www.facebook.com\/imosver","article_published_time":"2013-07-03T16:17:41+00:00","article_modified_time":"2021-04-07T14:10:53+00:00","og_image":[{"url":"https:\/\/www.imosver.com\/blog\/wp-content\/uploads\/2013\/07\/03-07-13-ASTERIX-Y-OBELIX-200x150.jpg"}],"twitter_card":"summary_large_image","twitter_creator":"@Imosver","twitter_site":"@Imosver","twitter_misc":{"Escrito por":"Imosver","Tiempo de lectura":"2 minutos"},"schema":{"@context":"https:\/\/schema.org","@graph":[{"@type":"Organization","@id":"https:\/\/www.imosver.com\/blog\/#organization","name":"Imosver","url":"https:\/\/www.imosver.com\/blog\/","sameAs":["https:\/\/www.facebook.com\/imosver","https:\/\/www.instagram.com\/imosver\/","https:\/\/www.linkedin.com\/company\/3086458\/admin\/","https:\/\/www.pinterest.es\/imosver\/","https:\/\/twitter.com\/Imosver"],"logo":{"@type":"ImageObject","@id":"https:\/\/www.imosver.com\/blog\/#logo","inLanguage":"es","url":"https:\/\/www.imosver.com\/blog\/wp-content\/uploads\/2026\/01\/logo.png","contentUrl":"https:\/\/www.imosver.com\/blog\/wp-content\/uploads\/2026\/01\/logo.png","width":523,"height":120,"caption":"Imosver"},"image":{"@id":"https:\/\/www.imosver.com\/blog\/#logo"}},{"@type":"WebSite","@id":"https:\/\/www.imosver.com\/blog\/#website","url":"https:\/\/www.imosver.com\/blog\/","name":"Blog imosver","description":"Blog Imosver","publisher":{"@id":"https:\/\/www.imosver.com\/blog\/#organization"},"potentialAction":[{"@type":"SearchAction","target":{"@type":"EntryPoint","urlTemplate":"https:\/\/www.imosver.com\/blog\/?s={search_term_string}"},"query-input":"required name=search_term_string"}],"inLanguage":"es"},{"@type":"ImageObject","@id":"https:\/\/www.imosver.com\/blog\/axterix-y-los-pictos\/#primaryimage","inLanguage":"es","url":"https:\/\/www.imosver.com\/blog\/wp-content\/uploads\/2013\/07\/03-07-13-ASTERIX-Y-OBELIX.jpg","contentUrl":"https:\/\/www.imosver.com\/blog\/wp-content\/uploads\/2013\/07\/03-07-13-ASTERIX-Y-OBELIX.jpg","width":"500","height":"375"},{"@type":"WebPage","@id":"https:\/\/www.imosver.com\/blog\/axterix-y-los-pictos\/#webpage","url":"https:\/\/www.imosver.com\/blog\/axterix-y-los-pictos\/","name":"Axterix y los pictos - Blog imosver","isPartOf":{"@id":"https:\/\/www.imosver.com\/blog\/#website"},"primaryImageOfPage":{"@id":"https:\/\/www.imosver.com\/blog\/axterix-y-los-pictos\/#primaryimage"},"datePublished":"2013-07-03T16:17:41+00:00","dateModified":"2021-04-07T14:10:53+00:00","breadcrumb":{"@id":"https:\/\/www.imosver.com\/blog\/axterix-y-los-pictos\/#breadcrumb"},"inLanguage":"es","potentialAction":[{"@type":"ReadAction","target":["https:\/\/www.imosver.com\/blog\/axterix-y-los-pictos\/"]}]},{"@type":"BreadcrumbList","@id":"https:\/\/www.imosver.com\/blog\/axterix-y-los-pictos\/#breadcrumb","itemListElement":[{"@type":"ListItem","position":1,"name":"Portada","item":"https:\/\/www.imosver.com\/blog\/"},{"@type":"ListItem","position":2,"name":"Axterix y los pictos"}]},{"@type":"Article","@id":"https:\/\/www.imosver.com\/blog\/axterix-y-los-pictos\/#article","isPartOf":{"@id":"https:\/\/www.imosver.com\/blog\/axterix-y-los-pictos\/#webpage"},"author":{"@id":"https:\/\/www.imosver.com\/blog\/#\/schema\/person\/4894cc3afc687758ce752d7938e0519d"},"headline":"Axterix y los pictos","datePublished":"2013-07-03T16:17:41+00:00","dateModified":"2021-04-07T14:10:53+00:00","mainEntityOfPage":{"@id":"https:\/\/www.imosver.com\/blog\/axterix-y-los-pictos\/#webpage"},"wordCount":397,"commentCount":0,"publisher":{"@id":"https:\/\/www.imosver.com\/blog\/#organization"},"image":{"@id":"https:\/\/www.imosver.com\/blog\/axterix-y-los-pictos\/#primaryimage"},"thumbnailUrl":"https:\/\/www.imosver.com\/blog\/wp-content\/uploads\/2013\/07\/03-07-13-ASTERIX-Y-OBELIX-200x150.jpg","keywords":["Ast\u00e9rix y los pictos","Ast\u00e9rix y Obelix","comics","historietas famosas","lectura para ni\u00f1os"],"articleSection":["Actualidad"],"inLanguage":"es","potentialAction":[{"@type":"CommentAction","name":"Comment","target":["https:\/\/www.imosver.com\/blog\/axterix-y-los-pictos\/#respond"]}]},{"@type":"Person","@id":"https:\/\/www.imosver.com\/blog\/#\/schema\/person\/4894cc3afc687758ce752d7938e0519d","name":"Imosver","image":{"@type":"ImageObject","@id":"https:\/\/www.imosver.com\/blog\/#personlogo","inLanguage":"es","url":"https:\/\/secure.gravatar.com\/avatar\/00c6911b29e428161a36327744b2bc61?s=96&r=g","contentUrl":"https:\/\/secure.gravatar.com\/avatar\/00c6911b29e428161a36327744b2bc61?s=96&r=g","caption":"Imosver"},"url":"https:\/\/www.imosver.com\/blog\/author\/imosver\/"}]}},"_links":{"self":[{"href":"https:\/\/www.imosver.com\/blog\/wp-json\/wp\/v2\/posts\/1389"}],"collection":[{"href":"https:\/\/www.imosver.com\/blog\/wp-json\/wp\/v2\/posts"}],"about":[{"href":"https:\/\/www.imosver.com\/blog\/wp-json\/wp\/v2\/types\/post"}],"author":[{"embeddable":true,"href":"https:\/\/www.imosver.com\/blog\/wp-json\/wp\/v2\/users\/2"}],"replies":[{"embeddable":true,"href":"https:\/\/www.imosver.com\/blog\/wp-json\/wp\/v2\/comments?post=1389"}],"version-history":[{"count":4,"href":"https:\/\/www.imosver.com\/blog\/wp-json\/wp\/v2\/posts\/1389\/revisions"}],"predecessor-version":[{"id":8366,"href":"https:\/\/www.imosver.com\/blog\/wp-json\/wp\/v2\/posts\/1389\/revisions\/8366"}],"wp:attachment":[{"href":"https:\/\/www.imosver.com\/blog\/wp-json\/wp\/v2\/media?parent=1389"}],"wp:term":[{"taxonomy":"category","embeddable":true,"href":"https:\/\/www.imosver.com\/blog\/wp-json\/wp\/v2\/categories?post=1389"},{"taxonomy":"post_tag","embeddable":true,"href":"https:\/\/www.imosver.com\/blog\/wp-json\/wp\/v2\/tags?post=1389"}],"curies":[{"name":"wp","href":"https:\/\/api.w.org\/{rel}","templated":true}]}}