{"id":1393,"date":"2013-07-04T10:55:28","date_gmt":"2013-07-04T10:55:28","guid":{"rendered":"https:\/\/www.imosver.com\/blog\/?p=1393"},"modified":"2013-07-04T10:55:28","modified_gmt":"2013-07-04T10:55:28","slug":"mas-libros-digitales-menos-pirateria","status":"publish","type":"post","link":"https:\/\/www.imosver.com\/blog\/mas-libros-digitales-menos-pirateria\/","title":{"rendered":"Mas libros digitales. Menos pirater\u00eda"},"content":{"rendered":"<p style=\"text-align: justify;\"><a href=\"https:\/\/www.imosver.com\/blog\/wp-content\/uploads\/2013\/07\/04-07-13-LEYENDO-LIBRO-DIGITAL.jpg\"><img loading=\"lazy\" class=\"alignleft size-medium wp-image-1394\" title=\"04-07-13 LEYENDO LIBRO DIGITAL\" src=\"https:\/\/www.imosver.com\/blog\/wp-content\/uploads\/2013\/07\/04-07-13-LEYENDO-LIBRO-DIGITAL-200x120.jpg\" alt=\"\" width=\"200\" height=\"120\" srcset=\"https:\/\/www.imosver.com\/blog\/wp-content\/uploads\/2013\/07\/04-07-13-LEYENDO-LIBRO-DIGITAL-200x120.jpg 200w, https:\/\/www.imosver.com\/blog\/wp-content\/uploads\/2013\/07\/04-07-13-LEYENDO-LIBRO-DIGITAL.jpg 460w\" sizes=\"(max-width: 200px) 100vw, 200px\" \/><\/a><\/p>\n<p style=\"text-align: justify;\">Estos d\u00edas es noticia en casi todos los medios de comunicaci\u00f3n que <strong>las bibliotecas p\u00fablicas de nuestro pa\u00eds comenzar\u00e1n a prestar libros digitales a partir del pr\u00f3ximo a\u00f1o 2014.<\/strong><\/p>\n<p style=\"text-align: justify;\">El Ministerio de Educaci\u00f3n, Cultura y Deporte, ha destinado un presupuesto de <strong>2.064.000 euros para que los socios de las bibliotecas p\u00fablicas espa\u00f1olas<\/strong>, unos 12 millones, se beneficien de 200.000 licencias para la lectura de libros electr\u00f3nicos.<\/p>\n<p style=\"text-align: justify;\">Las comunidades aut\u00f3nomas que lo deseen podr\u00e1n ampliar esta oferta, incorporando sus propias aportaciones para complementar la oferta a los ciudadanos.<\/p>\n<p style=\"text-align: justify;\">Uno de los objetivos de esta iniciativa es <strong>reducir el n\u00famero de descargas ilegales<\/strong> que actualmente se producen relacionadas con la lectura digital, legalizando as\u00ed una actividad de la que el 68% de los usuarios que la practican,\u00a0 lo hacen mediante sistemas no l\u00edcitos. Ello supone unas <strong>p\u00e9rdidas econ\u00f3micas de 350 millones euros por pirater\u00eda<\/strong>.<\/p>\n<p style=\"text-align: justify;\">El los \u00faltimos a\u00f1os, <strong>el porcentaje de lectores en Espa\u00f1a est\u00e1 increment\u00e1ndose poco a<\/strong> <strong>poco<\/strong>, quiz\u00e1 motivado por el\u00a0 mayor n\u00famero de personas en situaci\u00f3n de desempleo que les permite disponer de m\u00e1s tiempo para este h\u00e1bito. Tambi\u00e9n a causa de la crisis econ\u00f3mica, las preferencias de ocio est\u00e1n cambiando. La lectura se presenta como una actividad barata y de f\u00e1cil acceso.<\/p>\n<p style=\"text-align: justify;\">La elecci\u00f3n de los 1.500 t\u00edtulos que incluir\u00e1 esta nueva medida del gobierno, se ha basado en el estudio presentado por la <a href=\"http:\/\/www.federacioneditores.org\/\" target=\"_blank\">Federaci\u00f3n de Gremios de Editores de Espa\u00f1a<\/a>\u00a0, FGEE , <strong>\u2018H\u00e1bitos de lectura y compra de libros 2012\u2019.<\/strong><\/p>\n<p style=\"text-align: justify;\">Sin duda, es una buena noticia para el sector editorial, que dentro del complicada situaci\u00f3n econ\u00f3mica de nuestro pa\u00eds, no deja de regalarnos estos <strong>brotes de esperanza en una pr\u00f3xima recuperaci\u00f3n.<\/strong><\/p>\n<p style=\"text-align: justify;\">Si pinch\u00e1is en <strong><a href=\"https:\/\/www.imosver.com\/es\/especial\/ebooks_7\" target=\"_blank\">Ebooks<\/a>\u00a0<\/strong>, en nuestra <strong><a href=\"https:\/\/www.imosver.com\/\" target=\"_blank\">Tienda de Libros<\/a>\u00a0<\/strong>, a la izquierda ten\u00e9is clasificados por materias un mont\u00f3n de t\u00edtulos en formato digital.<\/p>\n<p style=\"text-align: justify;\">\u00a1Os deseamos felices lecturas hoy jueves!<\/p>\n","protected":false},"excerpt":{"rendered":"<p>Estos d\u00edas es noticia en casi todos los medios de comunicaci\u00f3n que las bibliotecas p\u00fablicas de nuestro pa\u00eds comenzar\u00e1n a prestar libros digitales a partir del pr\u00f3ximo a\u00f1o 2014. El Ministerio de Educaci\u00f3n, Cultura y Deporte, ha destinado un presupuesto de 2.064.000 euros para que los socios de las bibliotecas p\u00fablicas espa\u00f1olas, unos 12 millones, [&hellip;]<\/p>\n","protected":false},"author":2,"featured_media":0,"comment_status":"open","ping_status":"open","sticky":false,"template":"","format":"standard","meta":{"tdm_status":"","tdm_grid_status":""},"categories":[165],"tags":[453,46,454,452,148],"yoast_head":"<!-- This site is optimized with the Yoast SEO plugin v17.2 - https:\/\/yoast.com\/wordpress\/plugins\/seo\/ -->\n<meta name=\"robots\" content=\"index, follow, max-snippet:-1, max-image-preview:large, max-video-preview:-1\" \/>\n<link rel=\"canonical\" href=\"https:\/\/www.imosver.com\/blog\/mas-libros-digitales-menos-pirateria\/\" \/>\n<meta property=\"og:locale\" content=\"es_ES\" \/>\n<meta property=\"og:type\" content=\"article\" \/>\n<meta property=\"og:title\" content=\"Mas libros digitales. Menos pirater\u00eda - Blog imosver\" \/>\n<meta property=\"og:description\" content=\"Estos d\u00edas es noticia en casi todos los medios de comunicaci\u00f3n que las bibliotecas p\u00fablicas de nuestro pa\u00eds comenzar\u00e1n a prestar libros digitales a partir del pr\u00f3ximo a\u00f1o 2014. El Ministerio de Educaci\u00f3n, Cultura y Deporte, ha destinado un presupuesto de 2.064.000 euros para que los socios de las bibliotecas p\u00fablicas espa\u00f1olas, unos 12 millones, [&hellip;]\" \/>\n<meta property=\"og:url\" content=\"https:\/\/www.imosver.com\/blog\/mas-libros-digitales-menos-pirateria\/\" \/>\n<meta property=\"og:site_name\" content=\"Blog imosver\" \/>\n<meta property=\"article:publisher\" content=\"https:\/\/www.facebook.com\/imosver\" \/>\n<meta property=\"article:published_time\" content=\"2013-07-04T10:55:28+00:00\" \/>\n<meta property=\"og:image\" content=\"https:\/\/www.imosver.com\/blog\/wp-content\/uploads\/2013\/07\/04-07-13-LEYENDO-LIBRO-DIGITAL-200x120.jpg\" \/>\n<meta name=\"twitter:card\" content=\"summary_large_image\" \/>\n<meta name=\"twitter:creator\" content=\"@Imosver\" \/>\n<meta name=\"twitter:site\" content=\"@Imosver\" \/>\n<meta name=\"twitter:label1\" content=\"Escrito por\" \/>\n\t<meta name=\"twitter:data1\" content=\"Imosver\" \/>\n\t<meta name=\"twitter:label2\" content=\"Tiempo de lectura\" \/>\n\t<meta name=\"twitter:data2\" content=\"2 minutos\" \/>\n<script type=\"application\/ld+json\" class=\"yoast-schema-graph\">{\"@context\":\"https:\/\/schema.org\",\"@graph\":[{\"@type\":\"Organization\",\"@id\":\"https:\/\/www.imosver.com\/blog\/#organization\",\"name\":\"Imosver\",\"url\":\"https:\/\/www.imosver.com\/blog\/\",\"sameAs\":[\"https:\/\/www.facebook.com\/imosver\",\"https:\/\/www.instagram.com\/imosver\/\",\"https:\/\/www.linkedin.com\/company\/3086458\/admin\/\",\"https:\/\/www.pinterest.es\/imosver\/\",\"https:\/\/twitter.com\/Imosver\"],\"logo\":{\"@type\":\"ImageObject\",\"@id\":\"https:\/\/www.imosver.com\/blog\/#logo\",\"inLanguage\":\"es\",\"url\":\"https:\/\/www.imosver.com\/blog\/wp-content\/uploads\/2026\/01\/logo.png\",\"contentUrl\":\"https:\/\/www.imosver.com\/blog\/wp-content\/uploads\/2026\/01\/logo.png\",\"width\":523,\"height\":120,\"caption\":\"Imosver\"},\"image\":{\"@id\":\"https:\/\/www.imosver.com\/blog\/#logo\"}},{\"@type\":\"WebSite\",\"@id\":\"https:\/\/www.imosver.com\/blog\/#website\",\"url\":\"https:\/\/www.imosver.com\/blog\/\",\"name\":\"Blog imosver\",\"description\":\"Blog Imosver\",\"publisher\":{\"@id\":\"https:\/\/www.imosver.com\/blog\/#organization\"},\"potentialAction\":[{\"@type\":\"SearchAction\",\"target\":{\"@type\":\"EntryPoint\",\"urlTemplate\":\"https:\/\/www.imosver.com\/blog\/?s={search_term_string}\"},\"query-input\":\"required name=search_term_string\"}],\"inLanguage\":\"es\"},{\"@type\":\"ImageObject\",\"@id\":\"https:\/\/www.imosver.com\/blog\/mas-libros-digitales-menos-pirateria\/#primaryimage\",\"inLanguage\":\"es\",\"url\":\"https:\/\/www.imosver.com\/blog\/wp-content\/uploads\/2013\/07\/04-07-13-LEYENDO-LIBRO-DIGITAL.jpg\",\"contentUrl\":\"https:\/\/www.imosver.com\/blog\/wp-content\/uploads\/2013\/07\/04-07-13-LEYENDO-LIBRO-DIGITAL.jpg\",\"width\":\"460\",\"height\":\"276\"},{\"@type\":\"WebPage\",\"@id\":\"https:\/\/www.imosver.com\/blog\/mas-libros-digitales-menos-pirateria\/#webpage\",\"url\":\"https:\/\/www.imosver.com\/blog\/mas-libros-digitales-menos-pirateria\/\",\"name\":\"Mas libros digitales. Menos pirater\\u00eda - Blog imosver\",\"isPartOf\":{\"@id\":\"https:\/\/www.imosver.com\/blog\/#website\"},\"primaryImageOfPage\":{\"@id\":\"https:\/\/www.imosver.com\/blog\/mas-libros-digitales-menos-pirateria\/#primaryimage\"},\"datePublished\":\"2013-07-04T10:55:28+00:00\",\"dateModified\":\"2013-07-04T10:55:28+00:00\",\"breadcrumb\":{\"@id\":\"https:\/\/www.imosver.com\/blog\/mas-libros-digitales-menos-pirateria\/#breadcrumb\"},\"inLanguage\":\"es\",\"potentialAction\":[{\"@type\":\"ReadAction\",\"target\":[\"https:\/\/www.imosver.com\/blog\/mas-libros-digitales-menos-pirateria\/\"]}]},{\"@type\":\"BreadcrumbList\",\"@id\":\"https:\/\/www.imosver.com\/blog\/mas-libros-digitales-menos-pirateria\/#breadcrumb\",\"itemListElement\":[{\"@type\":\"ListItem\",\"position\":1,\"name\":\"Portada\",\"item\":\"https:\/\/www.imosver.com\/blog\/\"},{\"@type\":\"ListItem\",\"position\":2,\"name\":\"Mas libros digitales. Menos pirater\\u00eda\"}]},{\"@type\":\"Article\",\"@id\":\"https:\/\/www.imosver.com\/blog\/mas-libros-digitales-menos-pirateria\/#article\",\"isPartOf\":{\"@id\":\"https:\/\/www.imosver.com\/blog\/mas-libros-digitales-menos-pirateria\/#webpage\"},\"author\":{\"@id\":\"https:\/\/www.imosver.com\/blog\/#\/schema\/person\/4894cc3afc687758ce752d7938e0519d\"},\"headline\":\"Mas libros digitales. Menos pirater\\u00eda\",\"datePublished\":\"2013-07-04T10:55:28+00:00\",\"dateModified\":\"2013-07-04T10:55:28+00:00\",\"mainEntityOfPage\":{\"@id\":\"https:\/\/www.imosver.com\/blog\/mas-libros-digitales-menos-pirateria\/#webpage\"},\"wordCount\":343,\"commentCount\":0,\"publisher\":{\"@id\":\"https:\/\/www.imosver.com\/blog\/#organization\"},\"image\":{\"@id\":\"https:\/\/www.imosver.com\/blog\/mas-libros-digitales-menos-pirateria\/#primaryimage\"},\"thumbnailUrl\":\"https:\/\/www.imosver.com\/blog\/wp-content\/uploads\/2013\/07\/04-07-13-LEYENDO-LIBRO-DIGITAL-200x120.jpg\",\"keywords\":[\"comprar ebook\",\"ebook\",\"h\\u00e1bitos de lectura\",\"libro digital\",\"tienda de libros\"],\"articleSection\":[\"Actualidad\"],\"inLanguage\":\"es\",\"potentialAction\":[{\"@type\":\"CommentAction\",\"name\":\"Comment\",\"target\":[\"https:\/\/www.imosver.com\/blog\/mas-libros-digitales-menos-pirateria\/#respond\"]}]},{\"@type\":\"Person\",\"@id\":\"https:\/\/www.imosver.com\/blog\/#\/schema\/person\/4894cc3afc687758ce752d7938e0519d\",\"name\":\"Imosver\",\"image\":{\"@type\":\"ImageObject\",\"@id\":\"https:\/\/www.imosver.com\/blog\/#personlogo\",\"inLanguage\":\"es\",\"url\":\"https:\/\/secure.gravatar.com\/avatar\/00c6911b29e428161a36327744b2bc61?s=96&r=g\",\"contentUrl\":\"https:\/\/secure.gravatar.com\/avatar\/00c6911b29e428161a36327744b2bc61?s=96&r=g\",\"caption\":\"Imosver\"},\"url\":\"https:\/\/www.imosver.com\/blog\/author\/imosver\/\"}]}<\/script>\n<!-- \/ Yoast SEO plugin. -->","yoast_head_json":{"robots":{"index":"index","follow":"follow","max-snippet":"max-snippet:-1","max-image-preview":"max-image-preview:large","max-video-preview":"max-video-preview:-1"},"canonical":"https:\/\/www.imosver.com\/blog\/mas-libros-digitales-menos-pirateria\/","og_locale":"es_ES","og_type":"article","og_title":"Mas libros digitales. Menos pirater\u00eda - Blog imosver","og_description":"Estos d\u00edas es noticia en casi todos los medios de comunicaci\u00f3n que las bibliotecas p\u00fablicas de nuestro pa\u00eds comenzar\u00e1n a prestar libros digitales a partir del pr\u00f3ximo a\u00f1o 2014. El Ministerio de Educaci\u00f3n, Cultura y Deporte, ha destinado un presupuesto de 2.064.000 euros para que los socios de las bibliotecas p\u00fablicas espa\u00f1olas, unos 12 millones, [&hellip;]","og_url":"https:\/\/www.imosver.com\/blog\/mas-libros-digitales-menos-pirateria\/","og_site_name":"Blog imosver","article_publisher":"https:\/\/www.facebook.com\/imosver","article_published_time":"2013-07-04T10:55:28+00:00","og_image":[{"url":"https:\/\/www.imosver.com\/blog\/wp-content\/uploads\/2013\/07\/04-07-13-LEYENDO-LIBRO-DIGITAL-200x120.jpg"}],"twitter_card":"summary_large_image","twitter_creator":"@Imosver","twitter_site":"@Imosver","twitter_misc":{"Escrito por":"Imosver","Tiempo de lectura":"2 minutos"},"schema":{"@context":"https:\/\/schema.org","@graph":[{"@type":"Organization","@id":"https:\/\/www.imosver.com\/blog\/#organization","name":"Imosver","url":"https:\/\/www.imosver.com\/blog\/","sameAs":["https:\/\/www.facebook.com\/imosver","https:\/\/www.instagram.com\/imosver\/","https:\/\/www.linkedin.com\/company\/3086458\/admin\/","https:\/\/www.pinterest.es\/imosver\/","https:\/\/twitter.com\/Imosver"],"logo":{"@type":"ImageObject","@id":"https:\/\/www.imosver.com\/blog\/#logo","inLanguage":"es","url":"https:\/\/www.imosver.com\/blog\/wp-content\/uploads\/2026\/01\/logo.png","contentUrl":"https:\/\/www.imosver.com\/blog\/wp-content\/uploads\/2026\/01\/logo.png","width":523,"height":120,"caption":"Imosver"},"image":{"@id":"https:\/\/www.imosver.com\/blog\/#logo"}},{"@type":"WebSite","@id":"https:\/\/www.imosver.com\/blog\/#website","url":"https:\/\/www.imosver.com\/blog\/","name":"Blog imosver","description":"Blog Imosver","publisher":{"@id":"https:\/\/www.imosver.com\/blog\/#organization"},"potentialAction":[{"@type":"SearchAction","target":{"@type":"EntryPoint","urlTemplate":"https:\/\/www.imosver.com\/blog\/?s={search_term_string}"},"query-input":"required name=search_term_string"}],"inLanguage":"es"},{"@type":"ImageObject","@id":"https:\/\/www.imosver.com\/blog\/mas-libros-digitales-menos-pirateria\/#primaryimage","inLanguage":"es","url":"https:\/\/www.imosver.com\/blog\/wp-content\/uploads\/2013\/07\/04-07-13-LEYENDO-LIBRO-DIGITAL.jpg","contentUrl":"https:\/\/www.imosver.com\/blog\/wp-content\/uploads\/2013\/07\/04-07-13-LEYENDO-LIBRO-DIGITAL.jpg","width":"460","height":"276"},{"@type":"WebPage","@id":"https:\/\/www.imosver.com\/blog\/mas-libros-digitales-menos-pirateria\/#webpage","url":"https:\/\/www.imosver.com\/blog\/mas-libros-digitales-menos-pirateria\/","name":"Mas libros digitales. Menos pirater\u00eda - Blog imosver","isPartOf":{"@id":"https:\/\/www.imosver.com\/blog\/#website"},"primaryImageOfPage":{"@id":"https:\/\/www.imosver.com\/blog\/mas-libros-digitales-menos-pirateria\/#primaryimage"},"datePublished":"2013-07-04T10:55:28+00:00","dateModified":"2013-07-04T10:55:28+00:00","breadcrumb":{"@id":"https:\/\/www.imosver.com\/blog\/mas-libros-digitales-menos-pirateria\/#breadcrumb"},"inLanguage":"es","potentialAction":[{"@type":"ReadAction","target":["https:\/\/www.imosver.com\/blog\/mas-libros-digitales-menos-pirateria\/"]}]},{"@type":"BreadcrumbList","@id":"https:\/\/www.imosver.com\/blog\/mas-libros-digitales-menos-pirateria\/#breadcrumb","itemListElement":[{"@type":"ListItem","position":1,"name":"Portada","item":"https:\/\/www.imosver.com\/blog\/"},{"@type":"ListItem","position":2,"name":"Mas libros digitales. Menos pirater\u00eda"}]},{"@type":"Article","@id":"https:\/\/www.imosver.com\/blog\/mas-libros-digitales-menos-pirateria\/#article","isPartOf":{"@id":"https:\/\/www.imosver.com\/blog\/mas-libros-digitales-menos-pirateria\/#webpage"},"author":{"@id":"https:\/\/www.imosver.com\/blog\/#\/schema\/person\/4894cc3afc687758ce752d7938e0519d"},"headline":"Mas libros digitales. Menos pirater\u00eda","datePublished":"2013-07-04T10:55:28+00:00","dateModified":"2013-07-04T10:55:28+00:00","mainEntityOfPage":{"@id":"https:\/\/www.imosver.com\/blog\/mas-libros-digitales-menos-pirateria\/#webpage"},"wordCount":343,"commentCount":0,"publisher":{"@id":"https:\/\/www.imosver.com\/blog\/#organization"},"image":{"@id":"https:\/\/www.imosver.com\/blog\/mas-libros-digitales-menos-pirateria\/#primaryimage"},"thumbnailUrl":"https:\/\/www.imosver.com\/blog\/wp-content\/uploads\/2013\/07\/04-07-13-LEYENDO-LIBRO-DIGITAL-200x120.jpg","keywords":["comprar ebook","ebook","h\u00e1bitos de lectura","libro digital","tienda de libros"],"articleSection":["Actualidad"],"inLanguage":"es","potentialAction":[{"@type":"CommentAction","name":"Comment","target":["https:\/\/www.imosver.com\/blog\/mas-libros-digitales-menos-pirateria\/#respond"]}]},{"@type":"Person","@id":"https:\/\/www.imosver.com\/blog\/#\/schema\/person\/4894cc3afc687758ce752d7938e0519d","name":"Imosver","image":{"@type":"ImageObject","@id":"https:\/\/www.imosver.com\/blog\/#personlogo","inLanguage":"es","url":"https:\/\/secure.gravatar.com\/avatar\/00c6911b29e428161a36327744b2bc61?s=96&r=g","contentUrl":"https:\/\/secure.gravatar.com\/avatar\/00c6911b29e428161a36327744b2bc61?s=96&r=g","caption":"Imosver"},"url":"https:\/\/www.imosver.com\/blog\/author\/imosver\/"}]}},"_links":{"self":[{"href":"https:\/\/www.imosver.com\/blog\/wp-json\/wp\/v2\/posts\/1393"}],"collection":[{"href":"https:\/\/www.imosver.com\/blog\/wp-json\/wp\/v2\/posts"}],"about":[{"href":"https:\/\/www.imosver.com\/blog\/wp-json\/wp\/v2\/types\/post"}],"author":[{"embeddable":true,"href":"https:\/\/www.imosver.com\/blog\/wp-json\/wp\/v2\/users\/2"}],"replies":[{"embeddable":true,"href":"https:\/\/www.imosver.com\/blog\/wp-json\/wp\/v2\/comments?post=1393"}],"version-history":[{"count":2,"href":"https:\/\/www.imosver.com\/blog\/wp-json\/wp\/v2\/posts\/1393\/revisions"}],"predecessor-version":[{"id":1396,"href":"https:\/\/www.imosver.com\/blog\/wp-json\/wp\/v2\/posts\/1393\/revisions\/1396"}],"wp:attachment":[{"href":"https:\/\/www.imosver.com\/blog\/wp-json\/wp\/v2\/media?parent=1393"}],"wp:term":[{"taxonomy":"category","embeddable":true,"href":"https:\/\/www.imosver.com\/blog\/wp-json\/wp\/v2\/categories?post=1393"},{"taxonomy":"post_tag","embeddable":true,"href":"https:\/\/www.imosver.com\/blog\/wp-json\/wp\/v2\/tags?post=1393"}],"curies":[{"name":"wp","href":"https:\/\/api.w.org\/{rel}","templated":true}]}}