{"id":1555,"date":"2013-09-10T09:55:30","date_gmt":"2013-09-10T09:55:30","guid":{"rendered":"https:\/\/www.imosver.com\/blog\/?p=1555"},"modified":"2021-04-07T16:10:11","modified_gmt":"2021-04-07T14:10:11","slug":"hay-festival-segovia-2013","status":"publish","type":"post","link":"https:\/\/www.imosver.com\/blog\/hay-festival-segovia-2013\/","title":{"rendered":"Hay Festival Segovia 2013"},"content":{"rendered":"<p style=\"text-align: justify;\"><a href=\"https:\/\/www.imosver.com\/blog\/wp-content\/uploads\/2013\/09\/09-09-13-HAY-FESTIVAL-SEGOVIA-2013.jpg\"><img loading=\"lazy\" class=\"alignleft size-medium wp-image-1556\" title=\"09-09-13 HAY FESTIVAL SEGOVIA 2013\" src=\"https:\/\/www.imosver.com\/blog\/wp-content\/uploads\/2013\/09\/09-09-13-HAY-FESTIVAL-SEGOVIA-2013-200x173.jpg\" alt=\"\" width=\"200\" height=\"173\" srcset=\"https:\/\/www.imosver.com\/blog\/wp-content\/uploads\/2013\/09\/09-09-13-HAY-FESTIVAL-SEGOVIA-2013-200x173.jpg 200w, https:\/\/www.imosver.com\/blog\/wp-content\/uploads\/2013\/09\/09-09-13-HAY-FESTIVAL-SEGOVIA-2013-345x300.jpg 345w, https:\/\/www.imosver.com\/blog\/wp-content\/uploads\/2013\/09\/09-09-13-HAY-FESTIVAL-SEGOVIA-2013.jpg 465w\" sizes=\"(max-width: 200px) 100vw, 200px\" \/><\/a><\/p>\n<p style=\"text-align: justify;\">Durante los d\u00edas 26 al 29 de septiembre, tendr\u00e1 lugar en Segovia una nueva edici\u00f3n del <strong>Hay Festival Segovia<\/strong>, \u2018una fiesta para celebrar el poder de la palabra\u2019.<\/p>\n<p style=\"text-align: justify;\">Este festival es un hogar para so\u00f1ar en p\u00fablico, seg\u00fan palabras de su\u00a0 directora Mar\u00eda Sheila Cremaschi. Exposiciones, conversaciones, debates, conciertos y films dar\u00e1n contenido a esta semana cultural.<\/p>\n<p style=\"text-align: justify;\">Pero el <strong>Hay, no es un festival solo nuestro, es un festival internacional<\/strong> <a href=\"http:\/\/www.hayfestival.com\/\">http:\/\/www.hayfestival.com<\/a> .<\/p>\n<p style=\"text-align: justify;\"><strong>Hay Festival, tiene su origen hace 26 a\u00f1os<\/strong>, en el certamen literario y de artes que se inici\u00f3 en un peque\u00f1o pueblo de Gales, llamado Hay-on-Wye. Actualmente y de forma anual re\u00fane a grandes personalidades de las letras, m\u00fasica y cine.<\/p>\n<p style=\"text-align: justify;\">Esta peque\u00f1a poblaci\u00f3n cuenta con 1500 habitantes y 41 librer\u00edas, por lo que se le ha llamado la <strong>ciudad de los libros<\/strong>.<\/p>\n<p style=\"text-align: justify;\"><strong>Hay Festival ha organizado eventos en pa\u00edses como Brasil, M\u00e9jico, Italia, Colombia y<\/strong> <strong>Espa\u00f1a<\/strong>, donde la primera edici\u00f3n tuvo lugar en el a\u00f1o 2006. En su web oficial pod\u00e9is ver los distintos festivales que se han ido celebrando, fotograf\u00edas, blogs y hasta una tienda de objetos de recuerdo.<\/p>\n<p style=\"text-align: justify;\">Bill Clinton, el ex presidente estadounidense, lo defini\u00f3 como el <strong>\u2018Woodstock de<\/strong> <strong>la mente\u2019<\/strong>. Por si alguno no lo sabe, Woodstock fue un festival de m\u00fasica y arte con tintes rock y hippie, que se celebr\u00f3 en el pueblo que le dio el nombre, en el estado de Nueva York, durante los d\u00edas 15,16,17 y 18 de agosto de 1969. Est\u00e1 considerado como el festival celebrado, m\u00e1s importante del mundo.<\/p>\n<p style=\"text-align: justify;\">En <strong>Segovia<\/strong>, este a\u00f1o, Lorenzo Silva, ganador del Premio Planeta 2012, dar\u00e1 comienzo a las actividades programadas, con la lectura de su exitosa obra, <a href=\"https:\/\/www.imosver.com\/es\/libro\/la-marca-del-meridiano_9970012888\" target=\"_blank\" rel=\"noopener\"><strong>La marca del meridiano<\/strong><\/a><\/p>\n<p style=\"text-align: justify;\">Podremos ver tambi\u00e9n a <strong>Mario Vargas Llosa<\/strong>, Premio Nobel de Literatura 2010, <strong>Antonio Mu\u00f1oz Molina<\/strong>, Premio Pr\u00edncipe de Asturias de las Letras, Jos\u00e9 Caballero Bonald galardonado con el premio Cervantes, Nativel Preciado, Rosa Montero, Daniela Krien o <a href=\"https:\/\/www.imosver.com\/es\/autor\/foenkinos-david\/\" target=\"_blank\" rel=\"noopener\">David Foenkinos<\/a>\u00a0, entre otros.<\/p>\n<p style=\"text-align: justify;\">Todo un lujo en el mundo de la literatura.<\/p>\n","protected":false},"excerpt":{"rendered":"<p>Durante los d\u00edas 26 al 29 de septiembre, tendr\u00e1 lugar en Segovia una nueva edici\u00f3n del Hay Festival Segovia, \u2018una fiesta para celebrar el poder de la palabra\u2019. Este festival es un hogar para so\u00f1ar en p\u00fablico, seg\u00fan palabras de su\u00a0 directora Mar\u00eda Sheila Cremaschi. Exposiciones, conversaciones, debates, conciertos y films dar\u00e1n contenido a esta [&hellip;]<\/p>\n","protected":false},"author":2,"featured_media":0,"comment_status":"open","ping_status":"open","sticky":false,"template":"","format":"standard","meta":{"tdm_status":"","tdm_grid_status":""},"categories":[165],"tags":[613,611,612,615,616,63,62,555,614],"yoast_head":"<!-- This site is optimized with the Yoast SEO plugin v17.2 - https:\/\/yoast.com\/wordpress\/plugins\/seo\/ -->\n<meta name=\"robots\" content=\"index, follow, max-snippet:-1, max-image-preview:large, max-video-preview:-1\" \/>\n<link rel=\"canonical\" href=\"https:\/\/www.imosver.com\/blog\/hay-festival-segovia-2013\/\" \/>\n<meta property=\"og:locale\" content=\"es_ES\" \/>\n<meta property=\"og:type\" content=\"article\" \/>\n<meta property=\"og:title\" content=\"Hay Festival Segovia 2013 - Blog imosver\" \/>\n<meta property=\"og:description\" content=\"Durante los d\u00edas 26 al 29 de septiembre, tendr\u00e1 lugar en Segovia una nueva edici\u00f3n del Hay Festival Segovia, \u2018una fiesta para celebrar el poder de la palabra\u2019. Este festival es un hogar para so\u00f1ar en p\u00fablico, seg\u00fan palabras de su\u00a0 directora Mar\u00eda Sheila Cremaschi. Exposiciones, conversaciones, debates, conciertos y films dar\u00e1n contenido a esta [&hellip;]\" \/>\n<meta property=\"og:url\" content=\"https:\/\/www.imosver.com\/blog\/hay-festival-segovia-2013\/\" \/>\n<meta property=\"og:site_name\" content=\"Blog imosver\" \/>\n<meta property=\"article:publisher\" content=\"https:\/\/www.facebook.com\/imosver\" \/>\n<meta property=\"article:published_time\" content=\"2013-09-10T09:55:30+00:00\" \/>\n<meta property=\"article:modified_time\" content=\"2021-04-07T14:10:11+00:00\" \/>\n<meta property=\"og:image\" content=\"https:\/\/www.imosver.com\/blog\/wp-content\/uploads\/2013\/09\/09-09-13-HAY-FESTIVAL-SEGOVIA-2013-200x173.jpg\" \/>\n<meta name=\"twitter:card\" content=\"summary_large_image\" \/>\n<meta name=\"twitter:creator\" content=\"@Imosver\" \/>\n<meta name=\"twitter:site\" content=\"@Imosver\" \/>\n<meta name=\"twitter:label1\" content=\"Escrito por\" \/>\n\t<meta name=\"twitter:data1\" content=\"Imosver\" \/>\n\t<meta name=\"twitter:label2\" content=\"Tiempo de lectura\" \/>\n\t<meta name=\"twitter:data2\" content=\"2 minutos\" \/>\n<script type=\"application\/ld+json\" class=\"yoast-schema-graph\">{\"@context\":\"https:\/\/schema.org\",\"@graph\":[{\"@type\":\"Organization\",\"@id\":\"https:\/\/www.imosver.com\/blog\/#organization\",\"name\":\"Imosver\",\"url\":\"https:\/\/www.imosver.com\/blog\/\",\"sameAs\":[\"https:\/\/www.facebook.com\/imosver\",\"https:\/\/www.instagram.com\/imosver\/\",\"https:\/\/www.linkedin.com\/company\/3086458\/admin\/\",\"https:\/\/www.pinterest.es\/imosver\/\",\"https:\/\/twitter.com\/Imosver\"],\"logo\":{\"@type\":\"ImageObject\",\"@id\":\"https:\/\/www.imosver.com\/blog\/#logo\",\"inLanguage\":\"es\",\"url\":\"https:\/\/www.imosver.com\/blog\/wp-content\/uploads\/2026\/01\/logo.png\",\"contentUrl\":\"https:\/\/www.imosver.com\/blog\/wp-content\/uploads\/2026\/01\/logo.png\",\"width\":523,\"height\":120,\"caption\":\"Imosver\"},\"image\":{\"@id\":\"https:\/\/www.imosver.com\/blog\/#logo\"}},{\"@type\":\"WebSite\",\"@id\":\"https:\/\/www.imosver.com\/blog\/#website\",\"url\":\"https:\/\/www.imosver.com\/blog\/\",\"name\":\"Blog imosver\",\"description\":\"Blog Imosver\",\"publisher\":{\"@id\":\"https:\/\/www.imosver.com\/blog\/#organization\"},\"potentialAction\":[{\"@type\":\"SearchAction\",\"target\":{\"@type\":\"EntryPoint\",\"urlTemplate\":\"https:\/\/www.imosver.com\/blog\/?s={search_term_string}\"},\"query-input\":\"required name=search_term_string\"}],\"inLanguage\":\"es\"},{\"@type\":\"ImageObject\",\"@id\":\"https:\/\/www.imosver.com\/blog\/hay-festival-segovia-2013\/#primaryimage\",\"inLanguage\":\"es\",\"url\":\"https:\/\/www.imosver.com\/blog\/wp-content\/uploads\/2013\/09\/09-09-13-HAY-FESTIVAL-SEGOVIA-2013.jpg\",\"contentUrl\":\"https:\/\/www.imosver.com\/blog\/wp-content\/uploads\/2013\/09\/09-09-13-HAY-FESTIVAL-SEGOVIA-2013.jpg\",\"width\":\"465\",\"height\":\"404\"},{\"@type\":\"WebPage\",\"@id\":\"https:\/\/www.imosver.com\/blog\/hay-festival-segovia-2013\/#webpage\",\"url\":\"https:\/\/www.imosver.com\/blog\/hay-festival-segovia-2013\/\",\"name\":\"Hay Festival Segovia 2013 - Blog imosver\",\"isPartOf\":{\"@id\":\"https:\/\/www.imosver.com\/blog\/#website\"},\"primaryImageOfPage\":{\"@id\":\"https:\/\/www.imosver.com\/blog\/hay-festival-segovia-2013\/#primaryimage\"},\"datePublished\":\"2013-09-10T09:55:30+00:00\",\"dateModified\":\"2021-04-07T14:10:11+00:00\",\"breadcrumb\":{\"@id\":\"https:\/\/www.imosver.com\/blog\/hay-festival-segovia-2013\/#breadcrumb\"},\"inLanguage\":\"es\",\"potentialAction\":[{\"@type\":\"ReadAction\",\"target\":[\"https:\/\/www.imosver.com\/blog\/hay-festival-segovia-2013\/\"]}]},{\"@type\":\"BreadcrumbList\",\"@id\":\"https:\/\/www.imosver.com\/blog\/hay-festival-segovia-2013\/#breadcrumb\",\"itemListElement\":[{\"@type\":\"ListItem\",\"position\":1,\"name\":\"Portada\",\"item\":\"https:\/\/www.imosver.com\/blog\/\"},{\"@type\":\"ListItem\",\"position\":2,\"name\":\"Hay Festival Segovia 2013\"}]},{\"@type\":\"Article\",\"@id\":\"https:\/\/www.imosver.com\/blog\/hay-festival-segovia-2013\/#article\",\"isPartOf\":{\"@id\":\"https:\/\/www.imosver.com\/blog\/hay-festival-segovia-2013\/#webpage\"},\"author\":{\"@id\":\"https:\/\/www.imosver.com\/blog\/#\/schema\/person\/4894cc3afc687758ce752d7938e0519d\"},\"headline\":\"Hay Festival Segovia 2013\",\"datePublished\":\"2013-09-10T09:55:30+00:00\",\"dateModified\":\"2021-04-07T14:10:11+00:00\",\"mainEntityOfPage\":{\"@id\":\"https:\/\/www.imosver.com\/blog\/hay-festival-segovia-2013\/#webpage\"},\"wordCount\":353,\"commentCount\":0,\"publisher\":{\"@id\":\"https:\/\/www.imosver.com\/blog\/#organization\"},\"image\":{\"@id\":\"https:\/\/www.imosver.com\/blog\/hay-festival-segovia-2013\/#primaryimage\"},\"thumbnailUrl\":\"https:\/\/www.imosver.com\/blog\/wp-content\/uploads\/2013\/09\/09-09-13-HAY-FESTIVAL-SEGOVIA-2013-200x173.jpg\",\"keywords\":[\"certamen literario\",\"Hay Festival\",\"Hay Festival Segovia 2013\",\"Hay-on-Way\",\"la ciudad de los libros\",\"La marca del meridiano\",\"Lorenzo Silva\",\"Mario Vargas Llosa\",\"reunion de escritores\"],\"articleSection\":[\"Actualidad\"],\"inLanguage\":\"es\",\"potentialAction\":[{\"@type\":\"CommentAction\",\"name\":\"Comment\",\"target\":[\"https:\/\/www.imosver.com\/blog\/hay-festival-segovia-2013\/#respond\"]}]},{\"@type\":\"Person\",\"@id\":\"https:\/\/www.imosver.com\/blog\/#\/schema\/person\/4894cc3afc687758ce752d7938e0519d\",\"name\":\"Imosver\",\"image\":{\"@type\":\"ImageObject\",\"@id\":\"https:\/\/www.imosver.com\/blog\/#personlogo\",\"inLanguage\":\"es\",\"url\":\"https:\/\/secure.gravatar.com\/avatar\/00c6911b29e428161a36327744b2bc61?s=96&r=g\",\"contentUrl\":\"https:\/\/secure.gravatar.com\/avatar\/00c6911b29e428161a36327744b2bc61?s=96&r=g\",\"caption\":\"Imosver\"},\"url\":\"https:\/\/www.imosver.com\/blog\/author\/imosver\/\"}]}<\/script>\n<!-- \/ Yoast SEO plugin. -->","yoast_head_json":{"robots":{"index":"index","follow":"follow","max-snippet":"max-snippet:-1","max-image-preview":"max-image-preview:large","max-video-preview":"max-video-preview:-1"},"canonical":"https:\/\/www.imosver.com\/blog\/hay-festival-segovia-2013\/","og_locale":"es_ES","og_type":"article","og_title":"Hay Festival Segovia 2013 - Blog imosver","og_description":"Durante los d\u00edas 26 al 29 de septiembre, tendr\u00e1 lugar en Segovia una nueva edici\u00f3n del Hay Festival Segovia, \u2018una fiesta para celebrar el poder de la palabra\u2019. Este festival es un hogar para so\u00f1ar en p\u00fablico, seg\u00fan palabras de su\u00a0 directora Mar\u00eda Sheila Cremaschi. Exposiciones, conversaciones, debates, conciertos y films dar\u00e1n contenido a esta [&hellip;]","og_url":"https:\/\/www.imosver.com\/blog\/hay-festival-segovia-2013\/","og_site_name":"Blog imosver","article_publisher":"https:\/\/www.facebook.com\/imosver","article_published_time":"2013-09-10T09:55:30+00:00","article_modified_time":"2021-04-07T14:10:11+00:00","og_image":[{"url":"https:\/\/www.imosver.com\/blog\/wp-content\/uploads\/2013\/09\/09-09-13-HAY-FESTIVAL-SEGOVIA-2013-200x173.jpg"}],"twitter_card":"summary_large_image","twitter_creator":"@Imosver","twitter_site":"@Imosver","twitter_misc":{"Escrito por":"Imosver","Tiempo de lectura":"2 minutos"},"schema":{"@context":"https:\/\/schema.org","@graph":[{"@type":"Organization","@id":"https:\/\/www.imosver.com\/blog\/#organization","name":"Imosver","url":"https:\/\/www.imosver.com\/blog\/","sameAs":["https:\/\/www.facebook.com\/imosver","https:\/\/www.instagram.com\/imosver\/","https:\/\/www.linkedin.com\/company\/3086458\/admin\/","https:\/\/www.pinterest.es\/imosver\/","https:\/\/twitter.com\/Imosver"],"logo":{"@type":"ImageObject","@id":"https:\/\/www.imosver.com\/blog\/#logo","inLanguage":"es","url":"https:\/\/www.imosver.com\/blog\/wp-content\/uploads\/2026\/01\/logo.png","contentUrl":"https:\/\/www.imosver.com\/blog\/wp-content\/uploads\/2026\/01\/logo.png","width":523,"height":120,"caption":"Imosver"},"image":{"@id":"https:\/\/www.imosver.com\/blog\/#logo"}},{"@type":"WebSite","@id":"https:\/\/www.imosver.com\/blog\/#website","url":"https:\/\/www.imosver.com\/blog\/","name":"Blog imosver","description":"Blog Imosver","publisher":{"@id":"https:\/\/www.imosver.com\/blog\/#organization"},"potentialAction":[{"@type":"SearchAction","target":{"@type":"EntryPoint","urlTemplate":"https:\/\/www.imosver.com\/blog\/?s={search_term_string}"},"query-input":"required name=search_term_string"}],"inLanguage":"es"},{"@type":"ImageObject","@id":"https:\/\/www.imosver.com\/blog\/hay-festival-segovia-2013\/#primaryimage","inLanguage":"es","url":"https:\/\/www.imosver.com\/blog\/wp-content\/uploads\/2013\/09\/09-09-13-HAY-FESTIVAL-SEGOVIA-2013.jpg","contentUrl":"https:\/\/www.imosver.com\/blog\/wp-content\/uploads\/2013\/09\/09-09-13-HAY-FESTIVAL-SEGOVIA-2013.jpg","width":"465","height":"404"},{"@type":"WebPage","@id":"https:\/\/www.imosver.com\/blog\/hay-festival-segovia-2013\/#webpage","url":"https:\/\/www.imosver.com\/blog\/hay-festival-segovia-2013\/","name":"Hay Festival Segovia 2013 - Blog imosver","isPartOf":{"@id":"https:\/\/www.imosver.com\/blog\/#website"},"primaryImageOfPage":{"@id":"https:\/\/www.imosver.com\/blog\/hay-festival-segovia-2013\/#primaryimage"},"datePublished":"2013-09-10T09:55:30+00:00","dateModified":"2021-04-07T14:10:11+00:00","breadcrumb":{"@id":"https:\/\/www.imosver.com\/blog\/hay-festival-segovia-2013\/#breadcrumb"},"inLanguage":"es","potentialAction":[{"@type":"ReadAction","target":["https:\/\/www.imosver.com\/blog\/hay-festival-segovia-2013\/"]}]},{"@type":"BreadcrumbList","@id":"https:\/\/www.imosver.com\/blog\/hay-festival-segovia-2013\/#breadcrumb","itemListElement":[{"@type":"ListItem","position":1,"name":"Portada","item":"https:\/\/www.imosver.com\/blog\/"},{"@type":"ListItem","position":2,"name":"Hay Festival Segovia 2013"}]},{"@type":"Article","@id":"https:\/\/www.imosver.com\/blog\/hay-festival-segovia-2013\/#article","isPartOf":{"@id":"https:\/\/www.imosver.com\/blog\/hay-festival-segovia-2013\/#webpage"},"author":{"@id":"https:\/\/www.imosver.com\/blog\/#\/schema\/person\/4894cc3afc687758ce752d7938e0519d"},"headline":"Hay Festival Segovia 2013","datePublished":"2013-09-10T09:55:30+00:00","dateModified":"2021-04-07T14:10:11+00:00","mainEntityOfPage":{"@id":"https:\/\/www.imosver.com\/blog\/hay-festival-segovia-2013\/#webpage"},"wordCount":353,"commentCount":0,"publisher":{"@id":"https:\/\/www.imosver.com\/blog\/#organization"},"image":{"@id":"https:\/\/www.imosver.com\/blog\/hay-festival-segovia-2013\/#primaryimage"},"thumbnailUrl":"https:\/\/www.imosver.com\/blog\/wp-content\/uploads\/2013\/09\/09-09-13-HAY-FESTIVAL-SEGOVIA-2013-200x173.jpg","keywords":["certamen literario","Hay Festival","Hay Festival Segovia 2013","Hay-on-Way","la ciudad de los libros","La marca del meridiano","Lorenzo Silva","Mario Vargas Llosa","reunion de escritores"],"articleSection":["Actualidad"],"inLanguage":"es","potentialAction":[{"@type":"CommentAction","name":"Comment","target":["https:\/\/www.imosver.com\/blog\/hay-festival-segovia-2013\/#respond"]}]},{"@type":"Person","@id":"https:\/\/www.imosver.com\/blog\/#\/schema\/person\/4894cc3afc687758ce752d7938e0519d","name":"Imosver","image":{"@type":"ImageObject","@id":"https:\/\/www.imosver.com\/blog\/#personlogo","inLanguage":"es","url":"https:\/\/secure.gravatar.com\/avatar\/00c6911b29e428161a36327744b2bc61?s=96&r=g","contentUrl":"https:\/\/secure.gravatar.com\/avatar\/00c6911b29e428161a36327744b2bc61?s=96&r=g","caption":"Imosver"},"url":"https:\/\/www.imosver.com\/blog\/author\/imosver\/"}]}},"_links":{"self":[{"href":"https:\/\/www.imosver.com\/blog\/wp-json\/wp\/v2\/posts\/1555"}],"collection":[{"href":"https:\/\/www.imosver.com\/blog\/wp-json\/wp\/v2\/posts"}],"about":[{"href":"https:\/\/www.imosver.com\/blog\/wp-json\/wp\/v2\/types\/post"}],"author":[{"embeddable":true,"href":"https:\/\/www.imosver.com\/blog\/wp-json\/wp\/v2\/users\/2"}],"replies":[{"embeddable":true,"href":"https:\/\/www.imosver.com\/blog\/wp-json\/wp\/v2\/comments?post=1555"}],"version-history":[{"count":3,"href":"https:\/\/www.imosver.com\/blog\/wp-json\/wp\/v2\/posts\/1555\/revisions"}],"predecessor-version":[{"id":8278,"href":"https:\/\/www.imosver.com\/blog\/wp-json\/wp\/v2\/posts\/1555\/revisions\/8278"}],"wp:attachment":[{"href":"https:\/\/www.imosver.com\/blog\/wp-json\/wp\/v2\/media?parent=1555"}],"wp:term":[{"taxonomy":"category","embeddable":true,"href":"https:\/\/www.imosver.com\/blog\/wp-json\/wp\/v2\/categories?post=1555"},{"taxonomy":"post_tag","embeddable":true,"href":"https:\/\/www.imosver.com\/blog\/wp-json\/wp\/v2\/tags?post=1555"}],"curies":[{"name":"wp","href":"https:\/\/api.w.org\/{rel}","templated":true}]}}