{"id":1977,"date":"2014-05-28T10:09:19","date_gmt":"2014-05-28T10:09:19","guid":{"rendered":"https:\/\/www.imosver.com\/blog\/?p=1977"},"modified":"2014-05-28T10:09:19","modified_gmt":"2014-05-28T10:09:19","slug":"feria-del-libro-de-madrid","status":"publish","type":"post","link":"https:\/\/www.imosver.com\/blog\/feria-del-libro-de-madrid\/","title":{"rendered":"Feria del Libro de Madrid"},"content":{"rendered":"<p style=\"text-align: justify;\"><a href=\"https:\/\/www.imosver.com\/blog\/wp-content\/uploads\/2014\/05\/28-05-14-FERIA-DEL-LIBRO-CARTEL.jpg\"><img loading=\"lazy\" class=\"alignleft size-medium wp-image-1978\" title=\"28-05-14 FERIA DEL LIBRO CARTEL\" src=\"https:\/\/www.imosver.com\/blog\/wp-content\/uploads\/2014\/05\/28-05-14-FERIA-DEL-LIBRO-CARTEL-200x290.jpg\" alt=\"\" width=\"200\" height=\"290\" srcset=\"https:\/\/www.imosver.com\/blog\/wp-content\/uploads\/2014\/05\/28-05-14-FERIA-DEL-LIBRO-CARTEL-200x290.jpg 200w, https:\/\/www.imosver.com\/blog\/wp-content\/uploads\/2014\/05\/28-05-14-FERIA-DEL-LIBRO-CARTEL-206x300.jpg 206w, https:\/\/www.imosver.com\/blog\/wp-content\/uploads\/2014\/05\/28-05-14-FERIA-DEL-LIBRO-CARTEL.jpg 662w\" sizes=\"(max-width: 200px) 100vw, 200px\" \/><\/a><\/p>\n<p style=\"text-align: justify;\">La <a href=\"http:\/\/www.ferialibromadrid.com\/index.cfm\" target=\"_blank\"><strong>73\u00aa edici\u00f3n de la Feria del Libro de Madrid<\/strong>\u00a0<\/a> abrir\u00e1 sus puertas el pr\u00f3ximo 30 de Mayo hasta el 15 de Junio, la cita anual m\u00e1s esperada por muchos amantes de la lectura y un emplazamiento con enorme carga cultural para profesionales del sector y p\u00fablico de todo tipo.<\/p>\n<p style=\"text-align: justify;\">El lema para este a\u00f1o es muy simple y gr\u00e1fico, <strong>\u201cDeletrear el mundo\u201d<\/strong>. La presidenta de la Feria, <strong>Pilar Gallego explicaba en el acto de presentaci\u00f3n<\/strong> que tubo lugar en el Centro Cultural Conde Duque, que \u201c Gracias al acto de leer, deletreamos el mundo, sus lugares y bellezas, exploramos el cosmos y sus leyes, interpretamos las obras que han regido a los hombres a lo largo de la historia conocida&#8230;paseamos por el amor y la muerte&#8230;Instrumento de conocimiento e introspecci\u00f3n, la lectura es tambi\u00e9n el mejor de los ocios\u201d .<\/p>\n<p style=\"text-align: justify;\">Buenas palabras de Pilar Gallego, que tambi\u00e9n transmiti\u00f3 su preocupaci\u00f3n por la p\u00e9rdida de valor que el libro y la lectura est\u00e1n experimentando.<\/p>\n<p style=\"text-align: justify;\"><strong>Cuatrocientos setenta y nueve expositores <\/strong>se concentrar\u00e1n en las inmediaciones del Parque del Retiro de Madrid, principalmente editoriales, librer\u00edas y distribuidoras.<\/p>\n<p style=\"text-align: justify;\">Conciertos, talleres, conferencias, proyecciones audiovisuales, charlas-coloquios, presentaciones de libros&#8230;y muchas actividades m\u00e1s complementan la Feria. <strong>Los fans de <a href=\"https:\/\/www.imosver.com\/es\/autor\/jeans-blue\/\" target=\"_blank\">Blue Jeans<\/a>\u00a0<\/strong><strong>\u00a0, Leopoldo Abad\u00eda, M\u00e1xim Huerta, Megan Maxwell,\u00a0 autora de <a href=\"https:\/\/www.imosver.com\/es\/libro\/las-ranas-tambien-se-enamoran_0010031473\" target=\"_blank\">Las ranas tambi\u00e9n se enamoran <\/a><\/strong><strong>, M\u00f3nica Carrillo, Almudena Grandes,\u00a0 con su \u00faltimo \u00e9xito, <a href=\"https:\/\/www.imosver.com\/es\/libro\/las-tres-bodas-de-manolita_0010028881\" target=\"_blank\">Las bodas de Manolita<\/a>\u00a0<\/strong><strong>, Eduardo Inda, Antoni Daimiel, <a href=\"https:\/\/www.imosver.com\/es\/autor\/gonzalez-sinde-angeles\/\" target=\"_blank\">\u00c1ngeles Gonz\u00e1lez Rinde <\/a><\/strong><strong>o Alex de la Iglesia,\u00a0 <\/strong>podr\u00e1n ver a sus autores favoritos firmando sus libros.<\/p>\n<p style=\"text-align: justify;\">Las <strong>previsiones meteorol\u00f3gicas son favorables<\/strong> para esos quince d\u00edas, lo que esperamos sea un acicate m\u00e1s para acudir la primera quincena de Junio a la Feria m\u00e1s importante de nuestro pa\u00eds en este sector.<\/p>\n<p style=\"text-align: justify;\">No os olvid\u00e9is que <strong>los ni\u00f1os son siempre protagonistas especiales<\/strong> para los organizadores de este encuentro. \u00a1Qu\u00e9 lo disfrut\u00e9is! Deseamos que el 16 de Junio, todas las <strong>noticias de la Feria arrojen un resultado positivo.<\/strong><\/p>\n<p style=\"text-align: justify;\"><strong><\/strong>\u00a1Buen mi\u00e9rcoles!<\/p>\n","protected":false},"excerpt":{"rendered":"<p>La 73\u00aa edici\u00f3n de la Feria del Libro de Madrid\u00a0 abrir\u00e1 sus puertas el pr\u00f3ximo 30 de Mayo hasta el 15 de Junio, la cita anual m\u00e1s esperada por muchos amantes de la lectura y un emplazamiento con enorme carga cultural para profesionales del sector y p\u00fablico de todo tipo. El lema para este a\u00f1o [&hellip;]<\/p>\n","protected":false},"author":2,"featured_media":0,"comment_status":"open","ping_status":"open","sticky":false,"template":"","format":"standard","meta":{"tdm_status":"","tdm_grid_status":""},"categories":[165],"tags":[869,825,874,873,369,872,871,870],"yoast_head":"<!-- This site is optimized with the Yoast SEO plugin v17.2 - https:\/\/yoast.com\/wordpress\/plugins\/seo\/ -->\n<meta name=\"robots\" content=\"index, follow, max-snippet:-1, max-image-preview:large, max-video-preview:-1\" \/>\n<link rel=\"canonical\" href=\"https:\/\/www.imosver.com\/blog\/feria-del-libro-de-madrid\/\" \/>\n<meta property=\"og:locale\" content=\"es_ES\" \/>\n<meta property=\"og:type\" content=\"article\" \/>\n<meta property=\"og:title\" content=\"Feria del Libro de Madrid - Blog imosver\" \/>\n<meta property=\"og:description\" content=\"La 73\u00aa edici\u00f3n de la Feria del Libro de Madrid\u00a0 abrir\u00e1 sus puertas el pr\u00f3ximo 30 de Mayo hasta el 15 de Junio, la cita anual m\u00e1s esperada por muchos amantes de la lectura y un emplazamiento con enorme carga cultural para profesionales del sector y p\u00fablico de todo tipo. El lema para este a\u00f1o [&hellip;]\" \/>\n<meta property=\"og:url\" content=\"https:\/\/www.imosver.com\/blog\/feria-del-libro-de-madrid\/\" \/>\n<meta property=\"og:site_name\" content=\"Blog imosver\" \/>\n<meta property=\"article:publisher\" content=\"https:\/\/www.facebook.com\/imosver\" \/>\n<meta property=\"article:published_time\" content=\"2014-05-28T10:09:19+00:00\" \/>\n<meta property=\"og:image\" content=\"https:\/\/www.imosver.com\/blog\/wp-content\/uploads\/2014\/05\/28-05-14-FERIA-DEL-LIBRO-CARTEL-200x290.jpg\" \/>\n<meta name=\"twitter:card\" content=\"summary_large_image\" \/>\n<meta name=\"twitter:creator\" content=\"@Imosver\" \/>\n<meta name=\"twitter:site\" content=\"@Imosver\" \/>\n<meta name=\"twitter:label1\" content=\"Escrito por\" \/>\n\t<meta name=\"twitter:data1\" content=\"Imosver\" \/>\n\t<meta name=\"twitter:label2\" content=\"Tiempo de lectura\" \/>\n\t<meta name=\"twitter:data2\" content=\"2 minutos\" \/>\n<script type=\"application\/ld+json\" class=\"yoast-schema-graph\">{\"@context\":\"https:\/\/schema.org\",\"@graph\":[{\"@type\":\"Organization\",\"@id\":\"https:\/\/www.imosver.com\/blog\/#organization\",\"name\":\"Imosver\",\"url\":\"https:\/\/www.imosver.com\/blog\/\",\"sameAs\":[\"https:\/\/www.facebook.com\/imosver\",\"https:\/\/www.instagram.com\/imosver\/\",\"https:\/\/www.linkedin.com\/company\/3086458\/admin\/\",\"https:\/\/www.pinterest.es\/imosver\/\",\"https:\/\/twitter.com\/Imosver\"],\"logo\":{\"@type\":\"ImageObject\",\"@id\":\"https:\/\/www.imosver.com\/blog\/#logo\",\"inLanguage\":\"es\",\"url\":\"https:\/\/www.imosver.com\/blog\/wp-content\/uploads\/2026\/01\/logo.png\",\"contentUrl\":\"https:\/\/www.imosver.com\/blog\/wp-content\/uploads\/2026\/01\/logo.png\",\"width\":523,\"height\":120,\"caption\":\"Imosver\"},\"image\":{\"@id\":\"https:\/\/www.imosver.com\/blog\/#logo\"}},{\"@type\":\"WebSite\",\"@id\":\"https:\/\/www.imosver.com\/blog\/#website\",\"url\":\"https:\/\/www.imosver.com\/blog\/\",\"name\":\"Blog imosver\",\"description\":\"Blog Imosver\",\"publisher\":{\"@id\":\"https:\/\/www.imosver.com\/blog\/#organization\"},\"potentialAction\":[{\"@type\":\"SearchAction\",\"target\":{\"@type\":\"EntryPoint\",\"urlTemplate\":\"https:\/\/www.imosver.com\/blog\/?s={search_term_string}\"},\"query-input\":\"required name=search_term_string\"}],\"inLanguage\":\"es\"},{\"@type\":\"ImageObject\",\"@id\":\"https:\/\/www.imosver.com\/blog\/feria-del-libro-de-madrid\/#primaryimage\",\"inLanguage\":\"es\",\"url\":\"https:\/\/www.imosver.com\/blog\/wp-content\/uploads\/2014\/05\/28-05-14-FERIA-DEL-LIBRO-CARTEL.jpg\",\"contentUrl\":\"https:\/\/www.imosver.com\/blog\/wp-content\/uploads\/2014\/05\/28-05-14-FERIA-DEL-LIBRO-CARTEL.jpg\",\"width\":\"662\",\"height\":\"960\"},{\"@type\":\"WebPage\",\"@id\":\"https:\/\/www.imosver.com\/blog\/feria-del-libro-de-madrid\/#webpage\",\"url\":\"https:\/\/www.imosver.com\/blog\/feria-del-libro-de-madrid\/\",\"name\":\"Feria del Libro de Madrid - Blog imosver\",\"isPartOf\":{\"@id\":\"https:\/\/www.imosver.com\/blog\/#website\"},\"primaryImageOfPage\":{\"@id\":\"https:\/\/www.imosver.com\/blog\/feria-del-libro-de-madrid\/#primaryimage\"},\"datePublished\":\"2014-05-28T10:09:19+00:00\",\"dateModified\":\"2014-05-28T10:09:19+00:00\",\"breadcrumb\":{\"@id\":\"https:\/\/www.imosver.com\/blog\/feria-del-libro-de-madrid\/#breadcrumb\"},\"inLanguage\":\"es\",\"potentialAction\":[{\"@type\":\"ReadAction\",\"target\":[\"https:\/\/www.imosver.com\/blog\/feria-del-libro-de-madrid\/\"]}]},{\"@type\":\"BreadcrumbList\",\"@id\":\"https:\/\/www.imosver.com\/blog\/feria-del-libro-de-madrid\/#breadcrumb\",\"itemListElement\":[{\"@type\":\"ListItem\",\"position\":1,\"name\":\"Portada\",\"item\":\"https:\/\/www.imosver.com\/blog\/\"},{\"@type\":\"ListItem\",\"position\":2,\"name\":\"Feria del Libro de Madrid\"}]},{\"@type\":\"Article\",\"@id\":\"https:\/\/www.imosver.com\/blog\/feria-del-libro-de-madrid\/#article\",\"isPartOf\":{\"@id\":\"https:\/\/www.imosver.com\/blog\/feria-del-libro-de-madrid\/#webpage\"},\"author\":{\"@id\":\"https:\/\/www.imosver.com\/blog\/#\/schema\/person\/4894cc3afc687758ce752d7938e0519d\"},\"headline\":\"Feria del Libro de Madrid\",\"datePublished\":\"2014-05-28T10:09:19+00:00\",\"dateModified\":\"2014-05-28T10:09:19+00:00\",\"mainEntityOfPage\":{\"@id\":\"https:\/\/www.imosver.com\/blog\/feria-del-libro-de-madrid\/#webpage\"},\"wordCount\":355,\"commentCount\":0,\"publisher\":{\"@id\":\"https:\/\/www.imosver.com\/blog\/#organization\"},\"image\":{\"@id\":\"https:\/\/www.imosver.com\/blog\/feria-del-libro-de-madrid\/#primaryimage\"},\"thumbnailUrl\":\"https:\/\/www.imosver.com\/blog\/wp-content\/uploads\/2014\/05\/28-05-14-FERIA-DEL-LIBRO-CARTEL-200x290.jpg\",\"keywords\":[\"73 Feria del Libro de Madrid\",\"Almudena Grandes\",\"Deletrear el mundo.\",\"expositores Feria del Libro\",\"feria del libro\",\"firmas de libros feria de libro\",\"Megan Maxwell\",\"Parque del Retiro\"],\"articleSection\":[\"Actualidad\"],\"inLanguage\":\"es\",\"potentialAction\":[{\"@type\":\"CommentAction\",\"name\":\"Comment\",\"target\":[\"https:\/\/www.imosver.com\/blog\/feria-del-libro-de-madrid\/#respond\"]}]},{\"@type\":\"Person\",\"@id\":\"https:\/\/www.imosver.com\/blog\/#\/schema\/person\/4894cc3afc687758ce752d7938e0519d\",\"name\":\"Imosver\",\"image\":{\"@type\":\"ImageObject\",\"@id\":\"https:\/\/www.imosver.com\/blog\/#personlogo\",\"inLanguage\":\"es\",\"url\":\"https:\/\/secure.gravatar.com\/avatar\/00c6911b29e428161a36327744b2bc61?s=96&r=g\",\"contentUrl\":\"https:\/\/secure.gravatar.com\/avatar\/00c6911b29e428161a36327744b2bc61?s=96&r=g\",\"caption\":\"Imosver\"},\"url\":\"https:\/\/www.imosver.com\/blog\/author\/imosver\/\"}]}<\/script>\n<!-- \/ Yoast SEO plugin. -->","yoast_head_json":{"robots":{"index":"index","follow":"follow","max-snippet":"max-snippet:-1","max-image-preview":"max-image-preview:large","max-video-preview":"max-video-preview:-1"},"canonical":"https:\/\/www.imosver.com\/blog\/feria-del-libro-de-madrid\/","og_locale":"es_ES","og_type":"article","og_title":"Feria del Libro de Madrid - Blog imosver","og_description":"La 73\u00aa edici\u00f3n de la Feria del Libro de Madrid\u00a0 abrir\u00e1 sus puertas el pr\u00f3ximo 30 de Mayo hasta el 15 de Junio, la cita anual m\u00e1s esperada por muchos amantes de la lectura y un emplazamiento con enorme carga cultural para profesionales del sector y p\u00fablico de todo tipo. El lema para este a\u00f1o [&hellip;]","og_url":"https:\/\/www.imosver.com\/blog\/feria-del-libro-de-madrid\/","og_site_name":"Blog imosver","article_publisher":"https:\/\/www.facebook.com\/imosver","article_published_time":"2014-05-28T10:09:19+00:00","og_image":[{"url":"https:\/\/www.imosver.com\/blog\/wp-content\/uploads\/2014\/05\/28-05-14-FERIA-DEL-LIBRO-CARTEL-200x290.jpg"}],"twitter_card":"summary_large_image","twitter_creator":"@Imosver","twitter_site":"@Imosver","twitter_misc":{"Escrito por":"Imosver","Tiempo de lectura":"2 minutos"},"schema":{"@context":"https:\/\/schema.org","@graph":[{"@type":"Organization","@id":"https:\/\/www.imosver.com\/blog\/#organization","name":"Imosver","url":"https:\/\/www.imosver.com\/blog\/","sameAs":["https:\/\/www.facebook.com\/imosver","https:\/\/www.instagram.com\/imosver\/","https:\/\/www.linkedin.com\/company\/3086458\/admin\/","https:\/\/www.pinterest.es\/imosver\/","https:\/\/twitter.com\/Imosver"],"logo":{"@type":"ImageObject","@id":"https:\/\/www.imosver.com\/blog\/#logo","inLanguage":"es","url":"https:\/\/www.imosver.com\/blog\/wp-content\/uploads\/2026\/01\/logo.png","contentUrl":"https:\/\/www.imosver.com\/blog\/wp-content\/uploads\/2026\/01\/logo.png","width":523,"height":120,"caption":"Imosver"},"image":{"@id":"https:\/\/www.imosver.com\/blog\/#logo"}},{"@type":"WebSite","@id":"https:\/\/www.imosver.com\/blog\/#website","url":"https:\/\/www.imosver.com\/blog\/","name":"Blog imosver","description":"Blog Imosver","publisher":{"@id":"https:\/\/www.imosver.com\/blog\/#organization"},"potentialAction":[{"@type":"SearchAction","target":{"@type":"EntryPoint","urlTemplate":"https:\/\/www.imosver.com\/blog\/?s={search_term_string}"},"query-input":"required name=search_term_string"}],"inLanguage":"es"},{"@type":"ImageObject","@id":"https:\/\/www.imosver.com\/blog\/feria-del-libro-de-madrid\/#primaryimage","inLanguage":"es","url":"https:\/\/www.imosver.com\/blog\/wp-content\/uploads\/2014\/05\/28-05-14-FERIA-DEL-LIBRO-CARTEL.jpg","contentUrl":"https:\/\/www.imosver.com\/blog\/wp-content\/uploads\/2014\/05\/28-05-14-FERIA-DEL-LIBRO-CARTEL.jpg","width":"662","height":"960"},{"@type":"WebPage","@id":"https:\/\/www.imosver.com\/blog\/feria-del-libro-de-madrid\/#webpage","url":"https:\/\/www.imosver.com\/blog\/feria-del-libro-de-madrid\/","name":"Feria del Libro de Madrid - Blog imosver","isPartOf":{"@id":"https:\/\/www.imosver.com\/blog\/#website"},"primaryImageOfPage":{"@id":"https:\/\/www.imosver.com\/blog\/feria-del-libro-de-madrid\/#primaryimage"},"datePublished":"2014-05-28T10:09:19+00:00","dateModified":"2014-05-28T10:09:19+00:00","breadcrumb":{"@id":"https:\/\/www.imosver.com\/blog\/feria-del-libro-de-madrid\/#breadcrumb"},"inLanguage":"es","potentialAction":[{"@type":"ReadAction","target":["https:\/\/www.imosver.com\/blog\/feria-del-libro-de-madrid\/"]}]},{"@type":"BreadcrumbList","@id":"https:\/\/www.imosver.com\/blog\/feria-del-libro-de-madrid\/#breadcrumb","itemListElement":[{"@type":"ListItem","position":1,"name":"Portada","item":"https:\/\/www.imosver.com\/blog\/"},{"@type":"ListItem","position":2,"name":"Feria del Libro de Madrid"}]},{"@type":"Article","@id":"https:\/\/www.imosver.com\/blog\/feria-del-libro-de-madrid\/#article","isPartOf":{"@id":"https:\/\/www.imosver.com\/blog\/feria-del-libro-de-madrid\/#webpage"},"author":{"@id":"https:\/\/www.imosver.com\/blog\/#\/schema\/person\/4894cc3afc687758ce752d7938e0519d"},"headline":"Feria del Libro de Madrid","datePublished":"2014-05-28T10:09:19+00:00","dateModified":"2014-05-28T10:09:19+00:00","mainEntityOfPage":{"@id":"https:\/\/www.imosver.com\/blog\/feria-del-libro-de-madrid\/#webpage"},"wordCount":355,"commentCount":0,"publisher":{"@id":"https:\/\/www.imosver.com\/blog\/#organization"},"image":{"@id":"https:\/\/www.imosver.com\/blog\/feria-del-libro-de-madrid\/#primaryimage"},"thumbnailUrl":"https:\/\/www.imosver.com\/blog\/wp-content\/uploads\/2014\/05\/28-05-14-FERIA-DEL-LIBRO-CARTEL-200x290.jpg","keywords":["73 Feria del Libro de Madrid","Almudena Grandes","Deletrear el mundo.","expositores Feria del Libro","feria del libro","firmas de libros feria de libro","Megan Maxwell","Parque del Retiro"],"articleSection":["Actualidad"],"inLanguage":"es","potentialAction":[{"@type":"CommentAction","name":"Comment","target":["https:\/\/www.imosver.com\/blog\/feria-del-libro-de-madrid\/#respond"]}]},{"@type":"Person","@id":"https:\/\/www.imosver.com\/blog\/#\/schema\/person\/4894cc3afc687758ce752d7938e0519d","name":"Imosver","image":{"@type":"ImageObject","@id":"https:\/\/www.imosver.com\/blog\/#personlogo","inLanguage":"es","url":"https:\/\/secure.gravatar.com\/avatar\/00c6911b29e428161a36327744b2bc61?s=96&r=g","contentUrl":"https:\/\/secure.gravatar.com\/avatar\/00c6911b29e428161a36327744b2bc61?s=96&r=g","caption":"Imosver"},"url":"https:\/\/www.imosver.com\/blog\/author\/imosver\/"}]}},"_links":{"self":[{"href":"https:\/\/www.imosver.com\/blog\/wp-json\/wp\/v2\/posts\/1977"}],"collection":[{"href":"https:\/\/www.imosver.com\/blog\/wp-json\/wp\/v2\/posts"}],"about":[{"href":"https:\/\/www.imosver.com\/blog\/wp-json\/wp\/v2\/types\/post"}],"author":[{"embeddable":true,"href":"https:\/\/www.imosver.com\/blog\/wp-json\/wp\/v2\/users\/2"}],"replies":[{"embeddable":true,"href":"https:\/\/www.imosver.com\/blog\/wp-json\/wp\/v2\/comments?post=1977"}],"version-history":[{"count":2,"href":"https:\/\/www.imosver.com\/blog\/wp-json\/wp\/v2\/posts\/1977\/revisions"}],"predecessor-version":[{"id":1980,"href":"https:\/\/www.imosver.com\/blog\/wp-json\/wp\/v2\/posts\/1977\/revisions\/1980"}],"wp:attachment":[{"href":"https:\/\/www.imosver.com\/blog\/wp-json\/wp\/v2\/media?parent=1977"}],"wp:term":[{"taxonomy":"category","embeddable":true,"href":"https:\/\/www.imosver.com\/blog\/wp-json\/wp\/v2\/categories?post=1977"},{"taxonomy":"post_tag","embeddable":true,"href":"https:\/\/www.imosver.com\/blog\/wp-json\/wp\/v2\/tags?post=1977"}],"curies":[{"name":"wp","href":"https:\/\/api.w.org\/{rel}","templated":true}]}}