{"id":1986,"date":"2014-06-05T07:05:55","date_gmt":"2014-06-05T07:05:55","guid":{"rendered":"https:\/\/www.imosver.com\/blog\/?p=1986"},"modified":"2014-06-05T07:05:55","modified_gmt":"2014-06-05T07:05:55","slug":"exitoso-comienzo-de-la-feria-del-libro-de-madrid","status":"publish","type":"post","link":"https:\/\/www.imosver.com\/blog\/exitoso-comienzo-de-la-feria-del-libro-de-madrid\/","title":{"rendered":"Exitoso comienzo de la Feria del Libro de Madrid"},"content":{"rendered":"<p style=\"text-align: justify;\"><a href=\"https:\/\/www.imosver.com\/blog\/wp-content\/uploads\/2014\/06\/04-06-14-FERIA-DEL-LIBRO-FOTO.jpg\"><img loading=\"lazy\" class=\"alignleft size-medium wp-image-1987\" title=\"04-06-14 FERIA DEL LIBRO FOTO\" src=\"https:\/\/www.imosver.com\/blog\/wp-content\/uploads\/2014\/06\/04-06-14-FERIA-DEL-LIBRO-FOTO-200x147.jpg\" alt=\"\" width=\"200\" height=\"147\" srcset=\"https:\/\/www.imosver.com\/blog\/wp-content\/uploads\/2014\/06\/04-06-14-FERIA-DEL-LIBRO-FOTO-200x147.jpg 200w, https:\/\/www.imosver.com\/blog\/wp-content\/uploads\/2014\/06\/04-06-14-FERIA-DEL-LIBRO-FOTO-407x300.jpg 407w, https:\/\/www.imosver.com\/blog\/wp-content\/uploads\/2014\/06\/04-06-14-FERIA-DEL-LIBRO-FOTO.jpg 620w\" sizes=\"(max-width: 200px) 100vw, 200px\" \/><\/a><\/p>\n<p style=\"text-align: justify;\">La reci\u00e9n estrenada Feria del Libro de Madrid\u00a0 arroja muy buenos resultados en su primer fin de semana. El p\u00fablico abarrot\u00f3 los jardines del Parque del Retiro y como an\u00e9cdota, a \u00faltima hora del domingo se agotaban las 100.000 bolsas de pl\u00e1stico oficiales que a buen seguro, llenas de lecturas,\u00a0 fueron a parar a los hogares de muchos lectores.<\/p>\n<p style=\"text-align: justify;\">La firma de libros, una de las actividades preferidas de los asistentes,\u00a0 generaron colas espectaculares. Conseguir un ejemplar firmado por tu autor favorito es una misi\u00f3n que requiere paciencia,\u00a0 pero vale la pena.<\/p>\n<p style=\"text-align: justify;\">Os dejamos una lista de t\u00edtulos recomendados, que seguro alcanzaran interesantes cifras de ventas en esta 73\u00aa edici\u00f3n de la Feria del Libro.<\/p>\n<ul style=\"text-align: justify;\">\n<li><a href=\"https:\/\/www.imosver.com\/es\/libro\/la-noche-sonada_0010031178\" target=\"_blank\">La noche so\u00f1ada<\/a> de Maxim Huerta<\/li>\n<li><a href=\"https:\/\/www.imosver.com\/es\/libro\/ese-instante-de-felicidad_0010016202\" target=\"_blank\">Ese instante de felicidad<\/a> de Federico Moccia<\/li>\n<li><a href=\"https:\/\/www.imosver.com\/es\/libro\/las-tres-bodas-de-manolita_0010030333\" target=\"_blank\">Las tres bodas de Manolita<\/a> de Almudena Grandes<\/li>\n<li><a href=\"https:\/\/www.imosver.com\/es\/libro\/dispara-yo-ya-estoy-muerto_0010012604\" target=\"_blank\">Dispara, yo ya estoy muerto<\/a> de Julia Navarro<\/li>\n<li>El libro Troll de Rubius<\/li>\n<li>La ladrona de libros de Markus Zusak<\/li>\n<li>Cien a\u00f1os de soledad de Gabriel Garc\u00eda M\u00e1rquez<\/li>\n<li>Una mochila para el universo de Elsa Punset<\/li>\n<li>La mirada de los \u00e1ngeles de Camilla Lackb\u00ebrg<\/li>\n<\/ul>\n<p style=\"text-align: justify;\">Hoy es noticia, el ganador del Premio Pr\u00edncipe de Asturias de las Letras 2014, John Banville, al que\u00a0 enviamos nuestras felicitaciones.<\/p>\n<p style=\"text-align: justify;\">Esperaremos al final de la Feria del Libro para conocer qui\u00e9n se alza con el r\u00e9cord de ventas, para felicitarlo tambi\u00e9n.<\/p>\n<p style=\"text-align: justify;\">\u00a1Feliz jueves!<\/p>\n","protected":false},"excerpt":{"rendered":"<p>La reci\u00e9n estrenada Feria del Libro de Madrid\u00a0 arroja muy buenos resultados en su primer fin de semana. El p\u00fablico abarrot\u00f3 los jardines del Parque del Retiro y como an\u00e9cdota, a \u00faltima hora del domingo se agotaban las 100.000 bolsas de pl\u00e1stico oficiales que a buen seguro, llenas de lecturas,\u00a0 fueron a parar a los [&hellip;]<\/p>\n","protected":false},"author":2,"featured_media":0,"comment_status":"open","ping_status":"open","sticky":false,"template":"","format":"standard","meta":{"tdm_status":"","tdm_grid_status":""},"categories":[165],"tags":[825,883,884,886,887,860,885],"yoast_head":"<!-- This site is optimized with the Yoast SEO plugin v17.2 - https:\/\/yoast.com\/wordpress\/plugins\/seo\/ -->\n<meta name=\"robots\" content=\"index, follow, max-snippet:-1, max-image-preview:large, max-video-preview:-1\" \/>\n<link rel=\"canonical\" href=\"https:\/\/www.imosver.com\/blog\/exitoso-comienzo-de-la-feria-del-libro-de-madrid\/\" \/>\n<meta property=\"og:locale\" content=\"es_ES\" \/>\n<meta property=\"og:type\" content=\"article\" \/>\n<meta property=\"og:title\" content=\"Exitoso comienzo de la Feria del Libro de Madrid - Blog imosver\" \/>\n<meta property=\"og:description\" content=\"La reci\u00e9n estrenada Feria del Libro de Madrid\u00a0 arroja muy buenos resultados en su primer fin de semana. El p\u00fablico abarrot\u00f3 los jardines del Parque del Retiro y como an\u00e9cdota, a \u00faltima hora del domingo se agotaban las 100.000 bolsas de pl\u00e1stico oficiales que a buen seguro, llenas de lecturas,\u00a0 fueron a parar a los [&hellip;]\" \/>\n<meta property=\"og:url\" content=\"https:\/\/www.imosver.com\/blog\/exitoso-comienzo-de-la-feria-del-libro-de-madrid\/\" \/>\n<meta property=\"og:site_name\" content=\"Blog imosver\" \/>\n<meta property=\"article:publisher\" content=\"https:\/\/www.facebook.com\/imosver\" \/>\n<meta property=\"article:published_time\" content=\"2014-06-05T07:05:55+00:00\" \/>\n<meta property=\"og:image\" content=\"https:\/\/www.imosver.com\/blog\/wp-content\/uploads\/2014\/06\/04-06-14-FERIA-DEL-LIBRO-FOTO-200x147.jpg\" \/>\n<meta name=\"twitter:card\" content=\"summary_large_image\" \/>\n<meta name=\"twitter:creator\" content=\"@Imosver\" \/>\n<meta name=\"twitter:site\" content=\"@Imosver\" \/>\n<meta name=\"twitter:label1\" content=\"Escrito por\" \/>\n\t<meta name=\"twitter:data1\" content=\"Imosver\" \/>\n\t<meta name=\"twitter:label2\" content=\"Tiempo de lectura\" \/>\n\t<meta name=\"twitter:data2\" content=\"1 minuto\" \/>\n<script type=\"application\/ld+json\" class=\"yoast-schema-graph\">{\"@context\":\"https:\/\/schema.org\",\"@graph\":[{\"@type\":\"Organization\",\"@id\":\"https:\/\/www.imosver.com\/blog\/#organization\",\"name\":\"Imosver\",\"url\":\"https:\/\/www.imosver.com\/blog\/\",\"sameAs\":[\"https:\/\/www.facebook.com\/imosver\",\"https:\/\/www.instagram.com\/imosver\/\",\"https:\/\/www.linkedin.com\/company\/3086458\/admin\/\",\"https:\/\/www.pinterest.es\/imosver\/\",\"https:\/\/twitter.com\/Imosver\"],\"logo\":{\"@type\":\"ImageObject\",\"@id\":\"https:\/\/www.imosver.com\/blog\/#logo\",\"inLanguage\":\"es\",\"url\":\"https:\/\/www.imosver.com\/blog\/wp-content\/uploads\/2026\/01\/logo.png\",\"contentUrl\":\"https:\/\/www.imosver.com\/blog\/wp-content\/uploads\/2026\/01\/logo.png\",\"width\":523,\"height\":120,\"caption\":\"Imosver\"},\"image\":{\"@id\":\"https:\/\/www.imosver.com\/blog\/#logo\"}},{\"@type\":\"WebSite\",\"@id\":\"https:\/\/www.imosver.com\/blog\/#website\",\"url\":\"https:\/\/www.imosver.com\/blog\/\",\"name\":\"Blog imosver\",\"description\":\"Blog Imosver\",\"publisher\":{\"@id\":\"https:\/\/www.imosver.com\/blog\/#organization\"},\"potentialAction\":[{\"@type\":\"SearchAction\",\"target\":{\"@type\":\"EntryPoint\",\"urlTemplate\":\"https:\/\/www.imosver.com\/blog\/?s={search_term_string}\"},\"query-input\":\"required name=search_term_string\"}],\"inLanguage\":\"es\"},{\"@type\":\"ImageObject\",\"@id\":\"https:\/\/www.imosver.com\/blog\/exitoso-comienzo-de-la-feria-del-libro-de-madrid\/#primaryimage\",\"inLanguage\":\"es\",\"url\":\"https:\/\/www.imosver.com\/blog\/wp-content\/uploads\/2014\/06\/04-06-14-FERIA-DEL-LIBRO-FOTO.jpg\",\"contentUrl\":\"https:\/\/www.imosver.com\/blog\/wp-content\/uploads\/2014\/06\/04-06-14-FERIA-DEL-LIBRO-FOTO.jpg\",\"width\":\"620\",\"height\":\"456\"},{\"@type\":\"WebPage\",\"@id\":\"https:\/\/www.imosver.com\/blog\/exitoso-comienzo-de-la-feria-del-libro-de-madrid\/#webpage\",\"url\":\"https:\/\/www.imosver.com\/blog\/exitoso-comienzo-de-la-feria-del-libro-de-madrid\/\",\"name\":\"Exitoso comienzo de la Feria del Libro de Madrid - Blog imosver\",\"isPartOf\":{\"@id\":\"https:\/\/www.imosver.com\/blog\/#website\"},\"primaryImageOfPage\":{\"@id\":\"https:\/\/www.imosver.com\/blog\/exitoso-comienzo-de-la-feria-del-libro-de-madrid\/#primaryimage\"},\"datePublished\":\"2014-06-05T07:05:55+00:00\",\"dateModified\":\"2014-06-05T07:05:55+00:00\",\"breadcrumb\":{\"@id\":\"https:\/\/www.imosver.com\/blog\/exitoso-comienzo-de-la-feria-del-libro-de-madrid\/#breadcrumb\"},\"inLanguage\":\"es\",\"potentialAction\":[{\"@type\":\"ReadAction\",\"target\":[\"https:\/\/www.imosver.com\/blog\/exitoso-comienzo-de-la-feria-del-libro-de-madrid\/\"]}]},{\"@type\":\"BreadcrumbList\",\"@id\":\"https:\/\/www.imosver.com\/blog\/exitoso-comienzo-de-la-feria-del-libro-de-madrid\/#breadcrumb\",\"itemListElement\":[{\"@type\":\"ListItem\",\"position\":1,\"name\":\"Portada\",\"item\":\"https:\/\/www.imosver.com\/blog\/\"},{\"@type\":\"ListItem\",\"position\":2,\"name\":\"Exitoso comienzo de la Feria del Libro de Madrid\"}]},{\"@type\":\"Article\",\"@id\":\"https:\/\/www.imosver.com\/blog\/exitoso-comienzo-de-la-feria-del-libro-de-madrid\/#article\",\"isPartOf\":{\"@id\":\"https:\/\/www.imosver.com\/blog\/exitoso-comienzo-de-la-feria-del-libro-de-madrid\/#webpage\"},\"author\":{\"@id\":\"https:\/\/www.imosver.com\/blog\/#\/schema\/person\/4894cc3afc687758ce752d7938e0519d\"},\"headline\":\"Exitoso comienzo de la Feria del Libro de Madrid\",\"datePublished\":\"2014-06-05T07:05:55+00:00\",\"dateModified\":\"2014-06-05T07:05:55+00:00\",\"mainEntityOfPage\":{\"@id\":\"https:\/\/www.imosver.com\/blog\/exitoso-comienzo-de-la-feria-del-libro-de-madrid\/#webpage\"},\"wordCount\":246,\"commentCount\":0,\"publisher\":{\"@id\":\"https:\/\/www.imosver.com\/blog\/#organization\"},\"image\":{\"@id\":\"https:\/\/www.imosver.com\/blog\/exitoso-comienzo-de-la-feria-del-libro-de-madrid\/#primaryimage\"},\"thumbnailUrl\":\"https:\/\/www.imosver.com\/blog\/wp-content\/uploads\/2014\/06\/04-06-14-FERIA-DEL-LIBRO-FOTO-200x147.jpg\",\"keywords\":[\"Almudena Grandes\",\"Feria del Libro 2014\",\"Feria del Libro de Madrid\",\"John Benville\",\"La noche so\\u00f1ada\",\"Premio Pr\\u00edncipe de Asturias 2014\",\"ventas feria del libro\"],\"articleSection\":[\"Actualidad\"],\"inLanguage\":\"es\",\"potentialAction\":[{\"@type\":\"CommentAction\",\"name\":\"Comment\",\"target\":[\"https:\/\/www.imosver.com\/blog\/exitoso-comienzo-de-la-feria-del-libro-de-madrid\/#respond\"]}]},{\"@type\":\"Person\",\"@id\":\"https:\/\/www.imosver.com\/blog\/#\/schema\/person\/4894cc3afc687758ce752d7938e0519d\",\"name\":\"Imosver\",\"image\":{\"@type\":\"ImageObject\",\"@id\":\"https:\/\/www.imosver.com\/blog\/#personlogo\",\"inLanguage\":\"es\",\"url\":\"https:\/\/secure.gravatar.com\/avatar\/00c6911b29e428161a36327744b2bc61?s=96&r=g\",\"contentUrl\":\"https:\/\/secure.gravatar.com\/avatar\/00c6911b29e428161a36327744b2bc61?s=96&r=g\",\"caption\":\"Imosver\"},\"url\":\"https:\/\/www.imosver.com\/blog\/author\/imosver\/\"}]}<\/script>\n<!-- \/ Yoast SEO plugin. -->","yoast_head_json":{"robots":{"index":"index","follow":"follow","max-snippet":"max-snippet:-1","max-image-preview":"max-image-preview:large","max-video-preview":"max-video-preview:-1"},"canonical":"https:\/\/www.imosver.com\/blog\/exitoso-comienzo-de-la-feria-del-libro-de-madrid\/","og_locale":"es_ES","og_type":"article","og_title":"Exitoso comienzo de la Feria del Libro de Madrid - Blog imosver","og_description":"La reci\u00e9n estrenada Feria del Libro de Madrid\u00a0 arroja muy buenos resultados en su primer fin de semana. El p\u00fablico abarrot\u00f3 los jardines del Parque del Retiro y como an\u00e9cdota, a \u00faltima hora del domingo se agotaban las 100.000 bolsas de pl\u00e1stico oficiales que a buen seguro, llenas de lecturas,\u00a0 fueron a parar a los [&hellip;]","og_url":"https:\/\/www.imosver.com\/blog\/exitoso-comienzo-de-la-feria-del-libro-de-madrid\/","og_site_name":"Blog imosver","article_publisher":"https:\/\/www.facebook.com\/imosver","article_published_time":"2014-06-05T07:05:55+00:00","og_image":[{"url":"https:\/\/www.imosver.com\/blog\/wp-content\/uploads\/2014\/06\/04-06-14-FERIA-DEL-LIBRO-FOTO-200x147.jpg"}],"twitter_card":"summary_large_image","twitter_creator":"@Imosver","twitter_site":"@Imosver","twitter_misc":{"Escrito por":"Imosver","Tiempo de lectura":"1 minuto"},"schema":{"@context":"https:\/\/schema.org","@graph":[{"@type":"Organization","@id":"https:\/\/www.imosver.com\/blog\/#organization","name":"Imosver","url":"https:\/\/www.imosver.com\/blog\/","sameAs":["https:\/\/www.facebook.com\/imosver","https:\/\/www.instagram.com\/imosver\/","https:\/\/www.linkedin.com\/company\/3086458\/admin\/","https:\/\/www.pinterest.es\/imosver\/","https:\/\/twitter.com\/Imosver"],"logo":{"@type":"ImageObject","@id":"https:\/\/www.imosver.com\/blog\/#logo","inLanguage":"es","url":"https:\/\/www.imosver.com\/blog\/wp-content\/uploads\/2026\/01\/logo.png","contentUrl":"https:\/\/www.imosver.com\/blog\/wp-content\/uploads\/2026\/01\/logo.png","width":523,"height":120,"caption":"Imosver"},"image":{"@id":"https:\/\/www.imosver.com\/blog\/#logo"}},{"@type":"WebSite","@id":"https:\/\/www.imosver.com\/blog\/#website","url":"https:\/\/www.imosver.com\/blog\/","name":"Blog imosver","description":"Blog Imosver","publisher":{"@id":"https:\/\/www.imosver.com\/blog\/#organization"},"potentialAction":[{"@type":"SearchAction","target":{"@type":"EntryPoint","urlTemplate":"https:\/\/www.imosver.com\/blog\/?s={search_term_string}"},"query-input":"required name=search_term_string"}],"inLanguage":"es"},{"@type":"ImageObject","@id":"https:\/\/www.imosver.com\/blog\/exitoso-comienzo-de-la-feria-del-libro-de-madrid\/#primaryimage","inLanguage":"es","url":"https:\/\/www.imosver.com\/blog\/wp-content\/uploads\/2014\/06\/04-06-14-FERIA-DEL-LIBRO-FOTO.jpg","contentUrl":"https:\/\/www.imosver.com\/blog\/wp-content\/uploads\/2014\/06\/04-06-14-FERIA-DEL-LIBRO-FOTO.jpg","width":"620","height":"456"},{"@type":"WebPage","@id":"https:\/\/www.imosver.com\/blog\/exitoso-comienzo-de-la-feria-del-libro-de-madrid\/#webpage","url":"https:\/\/www.imosver.com\/blog\/exitoso-comienzo-de-la-feria-del-libro-de-madrid\/","name":"Exitoso comienzo de la Feria del Libro de Madrid - Blog imosver","isPartOf":{"@id":"https:\/\/www.imosver.com\/blog\/#website"},"primaryImageOfPage":{"@id":"https:\/\/www.imosver.com\/blog\/exitoso-comienzo-de-la-feria-del-libro-de-madrid\/#primaryimage"},"datePublished":"2014-06-05T07:05:55+00:00","dateModified":"2014-06-05T07:05:55+00:00","breadcrumb":{"@id":"https:\/\/www.imosver.com\/blog\/exitoso-comienzo-de-la-feria-del-libro-de-madrid\/#breadcrumb"},"inLanguage":"es","potentialAction":[{"@type":"ReadAction","target":["https:\/\/www.imosver.com\/blog\/exitoso-comienzo-de-la-feria-del-libro-de-madrid\/"]}]},{"@type":"BreadcrumbList","@id":"https:\/\/www.imosver.com\/blog\/exitoso-comienzo-de-la-feria-del-libro-de-madrid\/#breadcrumb","itemListElement":[{"@type":"ListItem","position":1,"name":"Portada","item":"https:\/\/www.imosver.com\/blog\/"},{"@type":"ListItem","position":2,"name":"Exitoso comienzo de la Feria del Libro de Madrid"}]},{"@type":"Article","@id":"https:\/\/www.imosver.com\/blog\/exitoso-comienzo-de-la-feria-del-libro-de-madrid\/#article","isPartOf":{"@id":"https:\/\/www.imosver.com\/blog\/exitoso-comienzo-de-la-feria-del-libro-de-madrid\/#webpage"},"author":{"@id":"https:\/\/www.imosver.com\/blog\/#\/schema\/person\/4894cc3afc687758ce752d7938e0519d"},"headline":"Exitoso comienzo de la Feria del Libro de Madrid","datePublished":"2014-06-05T07:05:55+00:00","dateModified":"2014-06-05T07:05:55+00:00","mainEntityOfPage":{"@id":"https:\/\/www.imosver.com\/blog\/exitoso-comienzo-de-la-feria-del-libro-de-madrid\/#webpage"},"wordCount":246,"commentCount":0,"publisher":{"@id":"https:\/\/www.imosver.com\/blog\/#organization"},"image":{"@id":"https:\/\/www.imosver.com\/blog\/exitoso-comienzo-de-la-feria-del-libro-de-madrid\/#primaryimage"},"thumbnailUrl":"https:\/\/www.imosver.com\/blog\/wp-content\/uploads\/2014\/06\/04-06-14-FERIA-DEL-LIBRO-FOTO-200x147.jpg","keywords":["Almudena Grandes","Feria del Libro 2014","Feria del Libro de Madrid","John Benville","La noche so\u00f1ada","Premio Pr\u00edncipe de Asturias 2014","ventas feria del libro"],"articleSection":["Actualidad"],"inLanguage":"es","potentialAction":[{"@type":"CommentAction","name":"Comment","target":["https:\/\/www.imosver.com\/blog\/exitoso-comienzo-de-la-feria-del-libro-de-madrid\/#respond"]}]},{"@type":"Person","@id":"https:\/\/www.imosver.com\/blog\/#\/schema\/person\/4894cc3afc687758ce752d7938e0519d","name":"Imosver","image":{"@type":"ImageObject","@id":"https:\/\/www.imosver.com\/blog\/#personlogo","inLanguage":"es","url":"https:\/\/secure.gravatar.com\/avatar\/00c6911b29e428161a36327744b2bc61?s=96&r=g","contentUrl":"https:\/\/secure.gravatar.com\/avatar\/00c6911b29e428161a36327744b2bc61?s=96&r=g","caption":"Imosver"},"url":"https:\/\/www.imosver.com\/blog\/author\/imosver\/"}]}},"_links":{"self":[{"href":"https:\/\/www.imosver.com\/blog\/wp-json\/wp\/v2\/posts\/1986"}],"collection":[{"href":"https:\/\/www.imosver.com\/blog\/wp-json\/wp\/v2\/posts"}],"about":[{"href":"https:\/\/www.imosver.com\/blog\/wp-json\/wp\/v2\/types\/post"}],"author":[{"embeddable":true,"href":"https:\/\/www.imosver.com\/blog\/wp-json\/wp\/v2\/users\/2"}],"replies":[{"embeddable":true,"href":"https:\/\/www.imosver.com\/blog\/wp-json\/wp\/v2\/comments?post=1986"}],"version-history":[{"count":2,"href":"https:\/\/www.imosver.com\/blog\/wp-json\/wp\/v2\/posts\/1986\/revisions"}],"predecessor-version":[{"id":1989,"href":"https:\/\/www.imosver.com\/blog\/wp-json\/wp\/v2\/posts\/1986\/revisions\/1989"}],"wp:attachment":[{"href":"https:\/\/www.imosver.com\/blog\/wp-json\/wp\/v2\/media?parent=1986"}],"wp:term":[{"taxonomy":"category","embeddable":true,"href":"https:\/\/www.imosver.com\/blog\/wp-json\/wp\/v2\/categories?post=1986"},{"taxonomy":"post_tag","embeddable":true,"href":"https:\/\/www.imosver.com\/blog\/wp-json\/wp\/v2\/tags?post=1986"}],"curies":[{"name":"wp","href":"https:\/\/api.w.org\/{rel}","templated":true}]}}