{"id":2010,"date":"2014-06-17T10:01:49","date_gmt":"2014-06-17T10:01:49","guid":{"rendered":"https:\/\/www.imosver.com\/blog\/?p=2010"},"modified":"2014-06-17T10:01:49","modified_gmt":"2014-06-17T10:01:49","slug":"balance-feria-del-libro-2014","status":"publish","type":"post","link":"https:\/\/www.imosver.com\/blog\/balance-feria-del-libro-2014\/","title":{"rendered":"Balance Feria del Libro 2014"},"content":{"rendered":"<p style=\"text-align: justify;\"><a href=\"https:\/\/www.imosver.com\/blog\/wp-content\/uploads\/2014\/06\/17-06-14-LIBROS-POR-LEER.png\"><img loading=\"lazy\" class=\"alignleft size-medium wp-image-2011\" title=\"17-06-14 LIBROS POR LEER\" src=\"https:\/\/www.imosver.com\/blog\/wp-content\/uploads\/2014\/06\/17-06-14-LIBROS-POR-LEER-200x129.png\" alt=\"\" width=\"200\" height=\"129\" srcset=\"https:\/\/www.imosver.com\/blog\/wp-content\/uploads\/2014\/06\/17-06-14-LIBROS-POR-LEER-200x129.png 200w, https:\/\/www.imosver.com\/blog\/wp-content\/uploads\/2014\/06\/17-06-14-LIBROS-POR-LEER-464x300.png 464w, https:\/\/www.imosver.com\/blog\/wp-content\/uploads\/2014\/06\/17-06-14-LIBROS-POR-LEER.png 480w\" sizes=\"(max-width: 200px) 100vw, 200px\" \/><\/a><\/p>\n<p style=\"text-align: justify;\">Clausurada la Feria del Libro de Madrid 2014, es hora de hacer balance.<\/p>\n<p style=\"text-align: justify;\">Noticia buena para el sector es el <strong>aumento en un 5% de las ventas respecto al a\u00f1o pasado<\/strong>, que a su vez experimento una subida en facturaci\u00f3n del 9,3%.\u00a0 No es un dato para dar saltos de alegr\u00eda pero si indica una tendencia esperanzadora.<\/p>\n<p style=\"text-align: justify;\">A pesar de ello, los profesionales del mundo del libro manifiestan su preocupaci\u00f3n por el futuro y solicitan al gobierno medidas m\u00e1s concretas, basando su reivindicaci\u00f3n en el hecho de que la Feria es un evento puntual y la actividad librera se desarrolla todo el a\u00f1o.<\/p>\n<p style=\"text-align: justify;\">En este sentido Jes\u00fas Badenes, director del grupo editorial Planeta acaba de plantear ante el Senado la <strong>necesidad de adoptar con urgencia<\/strong>, <a href=\"https:\/\/es.noticias.yahoo.com\/grupo-planeta-traslada-senado-urgencia-adoptar-medidas-sector-132849693.html\" target=\"_blank\">decisiones que incentiven las ventas y controlen la pirater\u00eda<\/a>, fuente de cuantiosas p\u00e9rdidas \u00a0.<\/p>\n<p style=\"text-align: justify;\">Las estrellas de la Feria, adem\u00e1s de <strong>Gabriel Garc\u00eda M\u00e1rquez,<\/strong> al que se ha rendido culto durante estas dos semanas, tanto por la organizaci\u00f3n como por parte de sus numerosos admiradores, estos son los escritores que &#8216;se han llevado el gato al agua&#8217; .<\/p>\n<ul style=\"text-align: justify;\">\n<li>Almudena Grandes. Estaba como favorita en todos los pron\u00f3sticos. Su \u00faltima novela, <a href=\"https:\/\/www.imosver.com\/es\/libro\/las-tres-bodas-de-manolita_0010028881\" target=\"_blank\">Las tres bodas de Manolita<\/a>\u00a0\u00a0ha sido una de las m\u00e1s demandadas.<\/li>\n<li><a href=\"https:\/\/www.imosver.com\/es\/libro\/yo-fui-a-egb_0010021399\" target=\"_blank\">Yo fui a EGB<\/a>\u00a0de Javier Ikaz y Jorge D\u00edaz, ha demostrado la nostalgia de una generaci\u00f3n bastante m\u00e1s austera que las actuales,\u00a0 donde la abeja Maya, Orzowei o Mazinger Z, eran los \u00eddolos absolutos.<\/li>\n<li>El Rubius con su <a href=\"https:\/\/www.imosver.com\/es\/libro\/el-libro-troll_0010034415\" target=\"_blank\">Libro Troll<\/a> \u00a0Este transgresor You Tuber es desconocido para muchos pero muy adorado en el mundo de las redes sociales de reproducciones y montajes audiovisuales.<\/li>\n<li>El reciente galardonado con el Premio Pr\u00edncipe de Asturias de las Letras, Quino, tampoco ha decepcionado y ha llevado a muchas casas a la inefable Mafalda y todos sus amigos.<\/li>\n<\/ul>\n<p style=\"text-align: justify;\">En t\u00e9rminos generales, la Feria ha sido un \u00e9xito. La presencia de <strong>casi 900 escritores firmando libros<\/strong> ha motivado al p\u00fablico que gusta ver de cerca y tocar, si puede, a esas personas que escriben las historias de las que ellos disfrutan.<\/p>\n<p style=\"text-align: justify;\">Un tiempo pr\u00e1cticamente veraniego tambi\u00e9n ha impulsado los paseos por el <strong>Parque del Retiro<\/strong> de Madrid visitando esta o aquella caseta, y asistiendo a la gran cantidad de actos que complementan la Feria cada a\u00f1o.<\/p>\n<p style=\"text-align: justify;\"><strong>Ahora solo queda ponerse a leer<\/strong>. Y no olvid\u00e9is que los libros no est\u00e1n solo en la Feria. Aun simple &#8216;clik&#8217;, por ejemplo, los ten\u00e9is todos en <a href=\"https:\/\/www.imosver.com\/es\/index.php\" target=\"_blank\">Imosver<\/a><\/p>\n<p style=\"text-align: justify;\">\u00a1Buen martes para todos!<\/p>\n","protected":false},"excerpt":{"rendered":"<p>Clausurada la Feria del Libro de Madrid 2014, es hora de hacer balance. Noticia buena para el sector es el aumento en un 5% de las ventas respecto al a\u00f1o pasado, que a su vez experimento una subida en facturaci\u00f3n del 9,3%.\u00a0 No es un dato para dar saltos de alegr\u00eda pero si indica una [&hellip;]<\/p>\n","protected":false},"author":2,"featured_media":0,"comment_status":"open","ping_status":"open","sticky":false,"template":"","format":"standard","meta":{"tdm_status":"","tdm_grid_status":""},"categories":[165],"tags":[825,901,883,903,902,858],"yoast_head":"<!-- This site is optimized with the Yoast SEO plugin v17.2 - https:\/\/yoast.com\/wordpress\/plugins\/seo\/ -->\n<meta name=\"robots\" content=\"index, follow, max-snippet:-1, max-image-preview:large, max-video-preview:-1\" \/>\n<link rel=\"canonical\" href=\"https:\/\/www.imosver.com\/blog\/balance-feria-del-libro-2014\/\" \/>\n<meta property=\"og:locale\" content=\"es_ES\" \/>\n<meta property=\"og:type\" content=\"article\" \/>\n<meta property=\"og:title\" content=\"Balance Feria del Libro 2014 - Blog imosver\" \/>\n<meta property=\"og:description\" content=\"Clausurada la Feria del Libro de Madrid 2014, es hora de hacer balance. Noticia buena para el sector es el aumento en un 5% de las ventas respecto al a\u00f1o pasado, que a su vez experimento una subida en facturaci\u00f3n del 9,3%.\u00a0 No es un dato para dar saltos de alegr\u00eda pero si indica una [&hellip;]\" \/>\n<meta property=\"og:url\" content=\"https:\/\/www.imosver.com\/blog\/balance-feria-del-libro-2014\/\" \/>\n<meta property=\"og:site_name\" content=\"Blog imosver\" \/>\n<meta property=\"article:publisher\" content=\"https:\/\/www.facebook.com\/imosver\" \/>\n<meta property=\"article:published_time\" content=\"2014-06-17T10:01:49+00:00\" \/>\n<meta property=\"og:image\" content=\"https:\/\/www.imosver.com\/blog\/wp-content\/uploads\/2014\/06\/17-06-14-LIBROS-POR-LEER-200x129.png\" \/>\n<meta name=\"twitter:card\" content=\"summary_large_image\" \/>\n<meta name=\"twitter:creator\" content=\"@Imosver\" \/>\n<meta name=\"twitter:site\" content=\"@Imosver\" \/>\n<meta name=\"twitter:label1\" content=\"Escrito por\" \/>\n\t<meta name=\"twitter:data1\" content=\"Imosver\" \/>\n\t<meta name=\"twitter:label2\" content=\"Tiempo de lectura\" \/>\n\t<meta name=\"twitter:data2\" content=\"2 minutos\" \/>\n<script type=\"application\/ld+json\" class=\"yoast-schema-graph\">{\"@context\":\"https:\/\/schema.org\",\"@graph\":[{\"@type\":\"Organization\",\"@id\":\"https:\/\/www.imosver.com\/blog\/#organization\",\"name\":\"Imosver\",\"url\":\"https:\/\/www.imosver.com\/blog\/\",\"sameAs\":[\"https:\/\/www.facebook.com\/imosver\",\"https:\/\/www.instagram.com\/imosver\/\",\"https:\/\/www.linkedin.com\/company\/3086458\/admin\/\",\"https:\/\/www.pinterest.es\/imosver\/\",\"https:\/\/twitter.com\/Imosver\"],\"logo\":{\"@type\":\"ImageObject\",\"@id\":\"https:\/\/www.imosver.com\/blog\/#logo\",\"inLanguage\":\"es\",\"url\":\"https:\/\/www.imosver.com\/blog\/wp-content\/uploads\/2026\/01\/logo.png\",\"contentUrl\":\"https:\/\/www.imosver.com\/blog\/wp-content\/uploads\/2026\/01\/logo.png\",\"width\":523,\"height\":120,\"caption\":\"Imosver\"},\"image\":{\"@id\":\"https:\/\/www.imosver.com\/blog\/#logo\"}},{\"@type\":\"WebSite\",\"@id\":\"https:\/\/www.imosver.com\/blog\/#website\",\"url\":\"https:\/\/www.imosver.com\/blog\/\",\"name\":\"Blog imosver\",\"description\":\"Blog Imosver\",\"publisher\":{\"@id\":\"https:\/\/www.imosver.com\/blog\/#organization\"},\"potentialAction\":[{\"@type\":\"SearchAction\",\"target\":{\"@type\":\"EntryPoint\",\"urlTemplate\":\"https:\/\/www.imosver.com\/blog\/?s={search_term_string}\"},\"query-input\":\"required name=search_term_string\"}],\"inLanguage\":\"es\"},{\"@type\":\"ImageObject\",\"@id\":\"https:\/\/www.imosver.com\/blog\/balance-feria-del-libro-2014\/#primaryimage\",\"inLanguage\":\"es\",\"url\":\"https:\/\/www.imosver.com\/blog\/wp-content\/uploads\/2014\/06\/17-06-14-LIBROS-POR-LEER.png\",\"contentUrl\":\"https:\/\/www.imosver.com\/blog\/wp-content\/uploads\/2014\/06\/17-06-14-LIBROS-POR-LEER.png\",\"width\":\"480\",\"height\":\"310\"},{\"@type\":\"WebPage\",\"@id\":\"https:\/\/www.imosver.com\/blog\/balance-feria-del-libro-2014\/#webpage\",\"url\":\"https:\/\/www.imosver.com\/blog\/balance-feria-del-libro-2014\/\",\"name\":\"Balance Feria del Libro 2014 - Blog imosver\",\"isPartOf\":{\"@id\":\"https:\/\/www.imosver.com\/blog\/#website\"},\"primaryImageOfPage\":{\"@id\":\"https:\/\/www.imosver.com\/blog\/balance-feria-del-libro-2014\/#primaryimage\"},\"datePublished\":\"2014-06-17T10:01:49+00:00\",\"dateModified\":\"2014-06-17T10:01:49+00:00\",\"breadcrumb\":{\"@id\":\"https:\/\/www.imosver.com\/blog\/balance-feria-del-libro-2014\/#breadcrumb\"},\"inLanguage\":\"es\",\"potentialAction\":[{\"@type\":\"ReadAction\",\"target\":[\"https:\/\/www.imosver.com\/blog\/balance-feria-del-libro-2014\/\"]}]},{\"@type\":\"BreadcrumbList\",\"@id\":\"https:\/\/www.imosver.com\/blog\/balance-feria-del-libro-2014\/#breadcrumb\",\"itemListElement\":[{\"@type\":\"ListItem\",\"position\":1,\"name\":\"Portada\",\"item\":\"https:\/\/www.imosver.com\/blog\/\"},{\"@type\":\"ListItem\",\"position\":2,\"name\":\"Balance Feria del Libro 2014\"}]},{\"@type\":\"Article\",\"@id\":\"https:\/\/www.imosver.com\/blog\/balance-feria-del-libro-2014\/#article\",\"isPartOf\":{\"@id\":\"https:\/\/www.imosver.com\/blog\/balance-feria-del-libro-2014\/#webpage\"},\"author\":{\"@id\":\"https:\/\/www.imosver.com\/blog\/#\/schema\/person\/4894cc3afc687758ce752d7938e0519d\"},\"headline\":\"Balance Feria del Libro 2014\",\"datePublished\":\"2014-06-17T10:01:49+00:00\",\"dateModified\":\"2014-06-17T10:01:49+00:00\",\"mainEntityOfPage\":{\"@id\":\"https:\/\/www.imosver.com\/blog\/balance-feria-del-libro-2014\/#webpage\"},\"wordCount\":436,\"commentCount\":0,\"publisher\":{\"@id\":\"https:\/\/www.imosver.com\/blog\/#organization\"},\"image\":{\"@id\":\"https:\/\/www.imosver.com\/blog\/balance-feria-del-libro-2014\/#primaryimage\"},\"thumbnailUrl\":\"https:\/\/www.imosver.com\/blog\/wp-content\/uploads\/2014\/06\/17-06-14-LIBROS-POR-LEER-200x129.png\",\"keywords\":[\"Almudena Grandes\",\"balance feria del libro\",\"Feria del Libro 2014\",\"incremento ventas feria del libro\",\"mas vendidos feria del libro\",\"Quino\"],\"articleSection\":[\"Actualidad\"],\"inLanguage\":\"es\",\"potentialAction\":[{\"@type\":\"CommentAction\",\"name\":\"Comment\",\"target\":[\"https:\/\/www.imosver.com\/blog\/balance-feria-del-libro-2014\/#respond\"]}]},{\"@type\":\"Person\",\"@id\":\"https:\/\/www.imosver.com\/blog\/#\/schema\/person\/4894cc3afc687758ce752d7938e0519d\",\"name\":\"Imosver\",\"image\":{\"@type\":\"ImageObject\",\"@id\":\"https:\/\/www.imosver.com\/blog\/#personlogo\",\"inLanguage\":\"es\",\"url\":\"https:\/\/secure.gravatar.com\/avatar\/00c6911b29e428161a36327744b2bc61?s=96&r=g\",\"contentUrl\":\"https:\/\/secure.gravatar.com\/avatar\/00c6911b29e428161a36327744b2bc61?s=96&r=g\",\"caption\":\"Imosver\"},\"url\":\"https:\/\/www.imosver.com\/blog\/author\/imosver\/\"}]}<\/script>\n<!-- \/ Yoast SEO plugin. -->","yoast_head_json":{"robots":{"index":"index","follow":"follow","max-snippet":"max-snippet:-1","max-image-preview":"max-image-preview:large","max-video-preview":"max-video-preview:-1"},"canonical":"https:\/\/www.imosver.com\/blog\/balance-feria-del-libro-2014\/","og_locale":"es_ES","og_type":"article","og_title":"Balance Feria del Libro 2014 - Blog imosver","og_description":"Clausurada la Feria del Libro de Madrid 2014, es hora de hacer balance. Noticia buena para el sector es el aumento en un 5% de las ventas respecto al a\u00f1o pasado, que a su vez experimento una subida en facturaci\u00f3n del 9,3%.\u00a0 No es un dato para dar saltos de alegr\u00eda pero si indica una [&hellip;]","og_url":"https:\/\/www.imosver.com\/blog\/balance-feria-del-libro-2014\/","og_site_name":"Blog imosver","article_publisher":"https:\/\/www.facebook.com\/imosver","article_published_time":"2014-06-17T10:01:49+00:00","og_image":[{"url":"https:\/\/www.imosver.com\/blog\/wp-content\/uploads\/2014\/06\/17-06-14-LIBROS-POR-LEER-200x129.png"}],"twitter_card":"summary_large_image","twitter_creator":"@Imosver","twitter_site":"@Imosver","twitter_misc":{"Escrito por":"Imosver","Tiempo de lectura":"2 minutos"},"schema":{"@context":"https:\/\/schema.org","@graph":[{"@type":"Organization","@id":"https:\/\/www.imosver.com\/blog\/#organization","name":"Imosver","url":"https:\/\/www.imosver.com\/blog\/","sameAs":["https:\/\/www.facebook.com\/imosver","https:\/\/www.instagram.com\/imosver\/","https:\/\/www.linkedin.com\/company\/3086458\/admin\/","https:\/\/www.pinterest.es\/imosver\/","https:\/\/twitter.com\/Imosver"],"logo":{"@type":"ImageObject","@id":"https:\/\/www.imosver.com\/blog\/#logo","inLanguage":"es","url":"https:\/\/www.imosver.com\/blog\/wp-content\/uploads\/2026\/01\/logo.png","contentUrl":"https:\/\/www.imosver.com\/blog\/wp-content\/uploads\/2026\/01\/logo.png","width":523,"height":120,"caption":"Imosver"},"image":{"@id":"https:\/\/www.imosver.com\/blog\/#logo"}},{"@type":"WebSite","@id":"https:\/\/www.imosver.com\/blog\/#website","url":"https:\/\/www.imosver.com\/blog\/","name":"Blog imosver","description":"Blog Imosver","publisher":{"@id":"https:\/\/www.imosver.com\/blog\/#organization"},"potentialAction":[{"@type":"SearchAction","target":{"@type":"EntryPoint","urlTemplate":"https:\/\/www.imosver.com\/blog\/?s={search_term_string}"},"query-input":"required name=search_term_string"}],"inLanguage":"es"},{"@type":"ImageObject","@id":"https:\/\/www.imosver.com\/blog\/balance-feria-del-libro-2014\/#primaryimage","inLanguage":"es","url":"https:\/\/www.imosver.com\/blog\/wp-content\/uploads\/2014\/06\/17-06-14-LIBROS-POR-LEER.png","contentUrl":"https:\/\/www.imosver.com\/blog\/wp-content\/uploads\/2014\/06\/17-06-14-LIBROS-POR-LEER.png","width":"480","height":"310"},{"@type":"WebPage","@id":"https:\/\/www.imosver.com\/blog\/balance-feria-del-libro-2014\/#webpage","url":"https:\/\/www.imosver.com\/blog\/balance-feria-del-libro-2014\/","name":"Balance Feria del Libro 2014 - Blog imosver","isPartOf":{"@id":"https:\/\/www.imosver.com\/blog\/#website"},"primaryImageOfPage":{"@id":"https:\/\/www.imosver.com\/blog\/balance-feria-del-libro-2014\/#primaryimage"},"datePublished":"2014-06-17T10:01:49+00:00","dateModified":"2014-06-17T10:01:49+00:00","breadcrumb":{"@id":"https:\/\/www.imosver.com\/blog\/balance-feria-del-libro-2014\/#breadcrumb"},"inLanguage":"es","potentialAction":[{"@type":"ReadAction","target":["https:\/\/www.imosver.com\/blog\/balance-feria-del-libro-2014\/"]}]},{"@type":"BreadcrumbList","@id":"https:\/\/www.imosver.com\/blog\/balance-feria-del-libro-2014\/#breadcrumb","itemListElement":[{"@type":"ListItem","position":1,"name":"Portada","item":"https:\/\/www.imosver.com\/blog\/"},{"@type":"ListItem","position":2,"name":"Balance Feria del Libro 2014"}]},{"@type":"Article","@id":"https:\/\/www.imosver.com\/blog\/balance-feria-del-libro-2014\/#article","isPartOf":{"@id":"https:\/\/www.imosver.com\/blog\/balance-feria-del-libro-2014\/#webpage"},"author":{"@id":"https:\/\/www.imosver.com\/blog\/#\/schema\/person\/4894cc3afc687758ce752d7938e0519d"},"headline":"Balance Feria del Libro 2014","datePublished":"2014-06-17T10:01:49+00:00","dateModified":"2014-06-17T10:01:49+00:00","mainEntityOfPage":{"@id":"https:\/\/www.imosver.com\/blog\/balance-feria-del-libro-2014\/#webpage"},"wordCount":436,"commentCount":0,"publisher":{"@id":"https:\/\/www.imosver.com\/blog\/#organization"},"image":{"@id":"https:\/\/www.imosver.com\/blog\/balance-feria-del-libro-2014\/#primaryimage"},"thumbnailUrl":"https:\/\/www.imosver.com\/blog\/wp-content\/uploads\/2014\/06\/17-06-14-LIBROS-POR-LEER-200x129.png","keywords":["Almudena Grandes","balance feria del libro","Feria del Libro 2014","incremento ventas feria del libro","mas vendidos feria del libro","Quino"],"articleSection":["Actualidad"],"inLanguage":"es","potentialAction":[{"@type":"CommentAction","name":"Comment","target":["https:\/\/www.imosver.com\/blog\/balance-feria-del-libro-2014\/#respond"]}]},{"@type":"Person","@id":"https:\/\/www.imosver.com\/blog\/#\/schema\/person\/4894cc3afc687758ce752d7938e0519d","name":"Imosver","image":{"@type":"ImageObject","@id":"https:\/\/www.imosver.com\/blog\/#personlogo","inLanguage":"es","url":"https:\/\/secure.gravatar.com\/avatar\/00c6911b29e428161a36327744b2bc61?s=96&r=g","contentUrl":"https:\/\/secure.gravatar.com\/avatar\/00c6911b29e428161a36327744b2bc61?s=96&r=g","caption":"Imosver"},"url":"https:\/\/www.imosver.com\/blog\/author\/imosver\/"}]}},"_links":{"self":[{"href":"https:\/\/www.imosver.com\/blog\/wp-json\/wp\/v2\/posts\/2010"}],"collection":[{"href":"https:\/\/www.imosver.com\/blog\/wp-json\/wp\/v2\/posts"}],"about":[{"href":"https:\/\/www.imosver.com\/blog\/wp-json\/wp\/v2\/types\/post"}],"author":[{"embeddable":true,"href":"https:\/\/www.imosver.com\/blog\/wp-json\/wp\/v2\/users\/2"}],"replies":[{"embeddable":true,"href":"https:\/\/www.imosver.com\/blog\/wp-json\/wp\/v2\/comments?post=2010"}],"version-history":[{"count":2,"href":"https:\/\/www.imosver.com\/blog\/wp-json\/wp\/v2\/posts\/2010\/revisions"}],"predecessor-version":[{"id":2013,"href":"https:\/\/www.imosver.com\/blog\/wp-json\/wp\/v2\/posts\/2010\/revisions\/2013"}],"wp:attachment":[{"href":"https:\/\/www.imosver.com\/blog\/wp-json\/wp\/v2\/media?parent=2010"}],"wp:term":[{"taxonomy":"category","embeddable":true,"href":"https:\/\/www.imosver.com\/blog\/wp-json\/wp\/v2\/categories?post=2010"},{"taxonomy":"post_tag","embeddable":true,"href":"https:\/\/www.imosver.com\/blog\/wp-json\/wp\/v2\/tags?post=2010"}],"curies":[{"name":"wp","href":"https:\/\/api.w.org\/{rel}","templated":true}]}}