{"id":2247,"date":"2014-11-28T12:26:17","date_gmt":"2014-11-28T12:26:17","guid":{"rendered":"https:\/\/www.imosver.com\/blog\/?p=2247"},"modified":"2021-04-07T16:10:50","modified_gmt":"2021-04-07T14:10:50","slug":"cumple-cuarenta","status":"publish","type":"post","link":"https:\/\/www.imosver.com\/blog\/cumple-cuarenta\/","title":{"rendered":"Esther cumple cuarenta"},"content":{"rendered":"<p style=\"text-align: justify;\"><a href=\"https:\/\/www.imosver.com\/blog\/wp-content\/uploads\/2014\/11\/28-11-14-PORTADA-ESTHER-CUMPLE-CUARENTA.jpg\"><img loading=\"lazy\" class=\"alignleft size-medium wp-image-2248\" title=\"28-11-14 PORTADA ESTHER CUMPLE CUARENTA\" src=\"https:\/\/www.imosver.com\/blog\/wp-content\/uploads\/2014\/11\/28-11-14-PORTADA-ESTHER-CUMPLE-CUARENTA-197x300.jpg\" alt=\"\" width=\"197\" height=\"300\" srcset=\"https:\/\/www.imosver.com\/blog\/wp-content\/uploads\/2014\/11\/28-11-14-PORTADA-ESTHER-CUMPLE-CUARENTA-197x300.jpg 197w, https:\/\/www.imosver.com\/blog\/wp-content\/uploads\/2014\/11\/28-11-14-PORTADA-ESTHER-CUMPLE-CUARENTA-673x1024.jpg 673w, https:\/\/www.imosver.com\/blog\/wp-content\/uploads\/2014\/11\/28-11-14-PORTADA-ESTHER-CUMPLE-CUARENTA.jpg 1052w\" sizes=\"(max-width: 197px) 100vw, 197px\" \/><\/a><\/p>\n<p style=\"text-align: justify;\">La protagonista de <strong>Esther y su mundo<\/strong> cumple cuarenta a\u00f1os. Esta jovencita que nos cautiv\u00f3 en los a\u00f1os 80 con sus historias de juventud, es ahora una mujer adulta.<\/p>\n<p style=\"text-align: justify;\">La vida ha pasado y la pecosa chica t\u00edmida tiene una vida completamente diferente a a la que nos ten\u00eda acostumbrados. Sus problemas ahora ya no son los de antes. Est\u00e1 medio divorciada e inmersa en la lucha generacional con su hija adolescente. Su rival de toda la vida, Doreen, es actualmente su jefa, pero Esther disfruta mucho de su trabajo.<\/p>\n<p style=\"text-align: justify;\"><strong><a href=\"https:\/\/www.imosver.com\/es\/libro\/esther-cumple-cuarenta_0010041363\" target=\"_blank\" rel=\"noopener\">Esther cumple cuarenta<\/a>\u00a0<\/strong>lo ten\u00e9is en formato papel y tambi\u00e9n ebook .<\/p>\n<p style=\"text-align: justify;\">A las nost\u00e1lgicas de aquella \u00e9poca, os gustar\u00e1 reencontraros con Esther y comprobar como ella tambi\u00e9n ha crecido y muchos aspectos de su vida coincidir\u00e1n con las vuestras. El t\u00edtulo original creado por el guionista brit\u00e1nico <strong>Philip Douglas<\/strong>, es <strong><em>Patty\u00b4s World<\/em><\/strong> y apareci\u00f3 publicado por primera vez en 1971 en una revista inglesa.<\/p>\n<p style=\"text-align: justify;\">El autor del texto de esta edici\u00f3n es <strong>Carlos Portela, <\/strong>tambi\u00e9n guionista de<strong> Velvet,\u00a0 <\/strong>al que damos la enhorabuena por el relanzamiento de Esther, en el que lleva trabajando desde el a\u00f1o 2005.\u00a0 Si quer\u00e9is seguirle, aqu\u00ed ten\u00e9is <a href=\"https:\/\/twitter.com\/carlos_portela\" target=\"_blank\" rel=\"noopener\">su cuenta de twitter<\/a> . Tengo el placer de decir que fuimos compa\u00f1eros de clase hace tambi\u00e9n&#8230;..muchos a\u00f1os.<\/p>\n<p style=\"text-align: justify;\">Las ilustraciones con la inconfundible cara pecosa de Esther fueron creadas por <strong>Purita Campos<\/strong>, historietista y pintora espa\u00f1ola que tambi\u00e9n puso cara a la inolvidable <strong>Sissy<\/strong>.<\/p>\n<p style=\"text-align: justify;\">Os dejamos las <a href=\"http:\/\/static0.planetadelibros.com\/libros_contenido_extra\/30\/29122_Esther_cumple_cuarenta.pdf\" target=\"_blank\" rel=\"noopener\"><strong>primeras p\u00e1ginas<\/strong><\/a> de esta novela que va a traeros muy buenos recuerdos<\/p>\n<p style=\"text-align: justify;\">La presentaci\u00f3n del libro se llevar\u00e1 a cabo ma\u00f1ana 29 de Noviembre en la librer\u00eda Banda Desde\u00f1ada de Vigo. \u00a1Mucha suerte Carlos!<\/p>\n<p style=\"text-align: justify;\">Ya tenemos el fin de semana aqu\u00ed. \u00a1Disfrutadlo!<\/p>\n","protected":false},"excerpt":{"rendered":"<p>La protagonista de Esther y su mundo cumple cuarenta a\u00f1os. Esta jovencita que nos cautiv\u00f3 en los a\u00f1os 80 con sus historias de juventud, es ahora una mujer adulta. La vida ha pasado y la pecosa chica t\u00edmida tiene una vida completamente diferente a a la que nos ten\u00eda acostumbrados. Sus problemas ahora ya no [&hellip;]<\/p>\n","protected":false},"author":2,"featured_media":0,"comment_status":"open","ping_status":"open","sticky":false,"template":"","format":"standard","meta":{"tdm_status":"","tdm_grid_status":""},"categories":[165],"tags":[1138,1137,1136,1142,1140,1141,1139],"yoast_head":"<!-- This site is optimized with the Yoast SEO plugin v17.2 - https:\/\/yoast.com\/wordpress\/plugins\/seo\/ -->\n<meta name=\"robots\" content=\"index, follow, max-snippet:-1, max-image-preview:large, max-video-preview:-1\" \/>\n<link rel=\"canonical\" href=\"https:\/\/www.imosver.com\/blog\/cumple-cuarenta\/\" \/>\n<meta property=\"og:locale\" content=\"es_ES\" \/>\n<meta property=\"og:type\" content=\"article\" \/>\n<meta property=\"og:title\" content=\"Esther cumple cuarenta - Blog imosver\" \/>\n<meta property=\"og:description\" content=\"La protagonista de Esther y su mundo cumple cuarenta a\u00f1os. Esta jovencita que nos cautiv\u00f3 en los a\u00f1os 80 con sus historias de juventud, es ahora una mujer adulta. La vida ha pasado y la pecosa chica t\u00edmida tiene una vida completamente diferente a a la que nos ten\u00eda acostumbrados. Sus problemas ahora ya no [&hellip;]\" \/>\n<meta property=\"og:url\" content=\"https:\/\/www.imosver.com\/blog\/cumple-cuarenta\/\" \/>\n<meta property=\"og:site_name\" content=\"Blog imosver\" \/>\n<meta property=\"article:publisher\" content=\"https:\/\/www.facebook.com\/imosver\" \/>\n<meta property=\"article:published_time\" content=\"2014-11-28T12:26:17+00:00\" \/>\n<meta property=\"article:modified_time\" content=\"2021-04-07T14:10:50+00:00\" \/>\n<meta property=\"og:image\" content=\"https:\/\/www.imosver.com\/blog\/wp-content\/uploads\/2014\/11\/28-11-14-PORTADA-ESTHER-CUMPLE-CUARENTA-197x300.jpg\" \/>\n<meta name=\"twitter:card\" content=\"summary_large_image\" \/>\n<meta name=\"twitter:creator\" content=\"@Imosver\" \/>\n<meta name=\"twitter:site\" content=\"@Imosver\" \/>\n<meta name=\"twitter:label1\" content=\"Escrito por\" \/>\n\t<meta name=\"twitter:data1\" content=\"Imosver\" \/>\n\t<meta name=\"twitter:label2\" content=\"Tiempo de lectura\" \/>\n\t<meta name=\"twitter:data2\" content=\"2 minutos\" \/>\n<script type=\"application\/ld+json\" class=\"yoast-schema-graph\">{\"@context\":\"https:\/\/schema.org\",\"@graph\":[{\"@type\":\"Organization\",\"@id\":\"https:\/\/www.imosver.com\/blog\/#organization\",\"name\":\"Imosver\",\"url\":\"https:\/\/www.imosver.com\/blog\/\",\"sameAs\":[\"https:\/\/www.facebook.com\/imosver\",\"https:\/\/www.instagram.com\/imosver\/\",\"https:\/\/www.linkedin.com\/company\/3086458\/admin\/\",\"https:\/\/www.pinterest.es\/imosver\/\",\"https:\/\/twitter.com\/Imosver\"],\"logo\":{\"@type\":\"ImageObject\",\"@id\":\"https:\/\/www.imosver.com\/blog\/#logo\",\"inLanguage\":\"es\",\"url\":\"https:\/\/www.imosver.com\/blog\/wp-content\/uploads\/2026\/01\/logo.png\",\"contentUrl\":\"https:\/\/www.imosver.com\/blog\/wp-content\/uploads\/2026\/01\/logo.png\",\"width\":523,\"height\":120,\"caption\":\"Imosver\"},\"image\":{\"@id\":\"https:\/\/www.imosver.com\/blog\/#logo\"}},{\"@type\":\"WebSite\",\"@id\":\"https:\/\/www.imosver.com\/blog\/#website\",\"url\":\"https:\/\/www.imosver.com\/blog\/\",\"name\":\"Blog imosver\",\"description\":\"Blog Imosver\",\"publisher\":{\"@id\":\"https:\/\/www.imosver.com\/blog\/#organization\"},\"potentialAction\":[{\"@type\":\"SearchAction\",\"target\":{\"@type\":\"EntryPoint\",\"urlTemplate\":\"https:\/\/www.imosver.com\/blog\/?s={search_term_string}\"},\"query-input\":\"required name=search_term_string\"}],\"inLanguage\":\"es\"},{\"@type\":\"ImageObject\",\"@id\":\"https:\/\/www.imosver.com\/blog\/cumple-cuarenta\/#primaryimage\",\"inLanguage\":\"es\",\"url\":\"https:\/\/www.imosver.com\/blog\/wp-content\/uploads\/2014\/11\/28-11-14-PORTADA-ESTHER-CUMPLE-CUARENTA.jpg\",\"contentUrl\":\"https:\/\/www.imosver.com\/blog\/wp-content\/uploads\/2014\/11\/28-11-14-PORTADA-ESTHER-CUMPLE-CUARENTA.jpg\",\"width\":\"1052\",\"height\":\"1600\"},{\"@type\":\"WebPage\",\"@id\":\"https:\/\/www.imosver.com\/blog\/cumple-cuarenta\/#webpage\",\"url\":\"https:\/\/www.imosver.com\/blog\/cumple-cuarenta\/\",\"name\":\"Esther cumple cuarenta - Blog imosver\",\"isPartOf\":{\"@id\":\"https:\/\/www.imosver.com\/blog\/#website\"},\"primaryImageOfPage\":{\"@id\":\"https:\/\/www.imosver.com\/blog\/cumple-cuarenta\/#primaryimage\"},\"datePublished\":\"2014-11-28T12:26:17+00:00\",\"dateModified\":\"2021-04-07T14:10:50+00:00\",\"breadcrumb\":{\"@id\":\"https:\/\/www.imosver.com\/blog\/cumple-cuarenta\/#breadcrumb\"},\"inLanguage\":\"es\",\"potentialAction\":[{\"@type\":\"ReadAction\",\"target\":[\"https:\/\/www.imosver.com\/blog\/cumple-cuarenta\/\"]}]},{\"@type\":\"BreadcrumbList\",\"@id\":\"https:\/\/www.imosver.com\/blog\/cumple-cuarenta\/#breadcrumb\",\"itemListElement\":[{\"@type\":\"ListItem\",\"position\":1,\"name\":\"Portada\",\"item\":\"https:\/\/www.imosver.com\/blog\/\"},{\"@type\":\"ListItem\",\"position\":2,\"name\":\"Esther cumple cuarenta\"}]},{\"@type\":\"Article\",\"@id\":\"https:\/\/www.imosver.com\/blog\/cumple-cuarenta\/#article\",\"isPartOf\":{\"@id\":\"https:\/\/www.imosver.com\/blog\/cumple-cuarenta\/#webpage\"},\"author\":{\"@id\":\"https:\/\/www.imosver.com\/blog\/#\/schema\/person\/4894cc3afc687758ce752d7938e0519d\"},\"headline\":\"Esther cumple cuarenta\",\"datePublished\":\"2014-11-28T12:26:17+00:00\",\"dateModified\":\"2021-04-07T14:10:50+00:00\",\"mainEntityOfPage\":{\"@id\":\"https:\/\/www.imosver.com\/blog\/cumple-cuarenta\/#webpage\"},\"wordCount\":307,\"commentCount\":0,\"publisher\":{\"@id\":\"https:\/\/www.imosver.com\/blog\/#organization\"},\"image\":{\"@id\":\"https:\/\/www.imosver.com\/blog\/cumple-cuarenta\/#primaryimage\"},\"thumbnailUrl\":\"https:\/\/www.imosver.com\/blog\/wp-content\/uploads\/2014\/11\/28-11-14-PORTADA-ESTHER-CUMPLE-CUARENTA-197x300.jpg\",\"keywords\":[\"Carlos Portela\",\"Esther cumple cuarenta\",\"Esther y su mundo\",\"guionistas espa\\u00f1oles\",\"Historietas de los a\\u00f1os 80\",\"novelas juveniles\",\"Purita Campos\"],\"articleSection\":[\"Actualidad\"],\"inLanguage\":\"es\",\"potentialAction\":[{\"@type\":\"CommentAction\",\"name\":\"Comment\",\"target\":[\"https:\/\/www.imosver.com\/blog\/cumple-cuarenta\/#respond\"]}]},{\"@type\":\"Person\",\"@id\":\"https:\/\/www.imosver.com\/blog\/#\/schema\/person\/4894cc3afc687758ce752d7938e0519d\",\"name\":\"Imosver\",\"image\":{\"@type\":\"ImageObject\",\"@id\":\"https:\/\/www.imosver.com\/blog\/#personlogo\",\"inLanguage\":\"es\",\"url\":\"https:\/\/secure.gravatar.com\/avatar\/00c6911b29e428161a36327744b2bc61?s=96&r=g\",\"contentUrl\":\"https:\/\/secure.gravatar.com\/avatar\/00c6911b29e428161a36327744b2bc61?s=96&r=g\",\"caption\":\"Imosver\"},\"url\":\"https:\/\/www.imosver.com\/blog\/author\/imosver\/\"}]}<\/script>\n<!-- \/ Yoast SEO plugin. -->","yoast_head_json":{"robots":{"index":"index","follow":"follow","max-snippet":"max-snippet:-1","max-image-preview":"max-image-preview:large","max-video-preview":"max-video-preview:-1"},"canonical":"https:\/\/www.imosver.com\/blog\/cumple-cuarenta\/","og_locale":"es_ES","og_type":"article","og_title":"Esther cumple cuarenta - Blog imosver","og_description":"La protagonista de Esther y su mundo cumple cuarenta a\u00f1os. Esta jovencita que nos cautiv\u00f3 en los a\u00f1os 80 con sus historias de juventud, es ahora una mujer adulta. La vida ha pasado y la pecosa chica t\u00edmida tiene una vida completamente diferente a a la que nos ten\u00eda acostumbrados. Sus problemas ahora ya no [&hellip;]","og_url":"https:\/\/www.imosver.com\/blog\/cumple-cuarenta\/","og_site_name":"Blog imosver","article_publisher":"https:\/\/www.facebook.com\/imosver","article_published_time":"2014-11-28T12:26:17+00:00","article_modified_time":"2021-04-07T14:10:50+00:00","og_image":[{"url":"https:\/\/www.imosver.com\/blog\/wp-content\/uploads\/2014\/11\/28-11-14-PORTADA-ESTHER-CUMPLE-CUARENTA-197x300.jpg"}],"twitter_card":"summary_large_image","twitter_creator":"@Imosver","twitter_site":"@Imosver","twitter_misc":{"Escrito por":"Imosver","Tiempo de lectura":"2 minutos"},"schema":{"@context":"https:\/\/schema.org","@graph":[{"@type":"Organization","@id":"https:\/\/www.imosver.com\/blog\/#organization","name":"Imosver","url":"https:\/\/www.imosver.com\/blog\/","sameAs":["https:\/\/www.facebook.com\/imosver","https:\/\/www.instagram.com\/imosver\/","https:\/\/www.linkedin.com\/company\/3086458\/admin\/","https:\/\/www.pinterest.es\/imosver\/","https:\/\/twitter.com\/Imosver"],"logo":{"@type":"ImageObject","@id":"https:\/\/www.imosver.com\/blog\/#logo","inLanguage":"es","url":"https:\/\/www.imosver.com\/blog\/wp-content\/uploads\/2026\/01\/logo.png","contentUrl":"https:\/\/www.imosver.com\/blog\/wp-content\/uploads\/2026\/01\/logo.png","width":523,"height":120,"caption":"Imosver"},"image":{"@id":"https:\/\/www.imosver.com\/blog\/#logo"}},{"@type":"WebSite","@id":"https:\/\/www.imosver.com\/blog\/#website","url":"https:\/\/www.imosver.com\/blog\/","name":"Blog imosver","description":"Blog Imosver","publisher":{"@id":"https:\/\/www.imosver.com\/blog\/#organization"},"potentialAction":[{"@type":"SearchAction","target":{"@type":"EntryPoint","urlTemplate":"https:\/\/www.imosver.com\/blog\/?s={search_term_string}"},"query-input":"required name=search_term_string"}],"inLanguage":"es"},{"@type":"ImageObject","@id":"https:\/\/www.imosver.com\/blog\/cumple-cuarenta\/#primaryimage","inLanguage":"es","url":"https:\/\/www.imosver.com\/blog\/wp-content\/uploads\/2014\/11\/28-11-14-PORTADA-ESTHER-CUMPLE-CUARENTA.jpg","contentUrl":"https:\/\/www.imosver.com\/blog\/wp-content\/uploads\/2014\/11\/28-11-14-PORTADA-ESTHER-CUMPLE-CUARENTA.jpg","width":"1052","height":"1600"},{"@type":"WebPage","@id":"https:\/\/www.imosver.com\/blog\/cumple-cuarenta\/#webpage","url":"https:\/\/www.imosver.com\/blog\/cumple-cuarenta\/","name":"Esther cumple cuarenta - Blog imosver","isPartOf":{"@id":"https:\/\/www.imosver.com\/blog\/#website"},"primaryImageOfPage":{"@id":"https:\/\/www.imosver.com\/blog\/cumple-cuarenta\/#primaryimage"},"datePublished":"2014-11-28T12:26:17+00:00","dateModified":"2021-04-07T14:10:50+00:00","breadcrumb":{"@id":"https:\/\/www.imosver.com\/blog\/cumple-cuarenta\/#breadcrumb"},"inLanguage":"es","potentialAction":[{"@type":"ReadAction","target":["https:\/\/www.imosver.com\/blog\/cumple-cuarenta\/"]}]},{"@type":"BreadcrumbList","@id":"https:\/\/www.imosver.com\/blog\/cumple-cuarenta\/#breadcrumb","itemListElement":[{"@type":"ListItem","position":1,"name":"Portada","item":"https:\/\/www.imosver.com\/blog\/"},{"@type":"ListItem","position":2,"name":"Esther cumple cuarenta"}]},{"@type":"Article","@id":"https:\/\/www.imosver.com\/blog\/cumple-cuarenta\/#article","isPartOf":{"@id":"https:\/\/www.imosver.com\/blog\/cumple-cuarenta\/#webpage"},"author":{"@id":"https:\/\/www.imosver.com\/blog\/#\/schema\/person\/4894cc3afc687758ce752d7938e0519d"},"headline":"Esther cumple cuarenta","datePublished":"2014-11-28T12:26:17+00:00","dateModified":"2021-04-07T14:10:50+00:00","mainEntityOfPage":{"@id":"https:\/\/www.imosver.com\/blog\/cumple-cuarenta\/#webpage"},"wordCount":307,"commentCount":0,"publisher":{"@id":"https:\/\/www.imosver.com\/blog\/#organization"},"image":{"@id":"https:\/\/www.imosver.com\/blog\/cumple-cuarenta\/#primaryimage"},"thumbnailUrl":"https:\/\/www.imosver.com\/blog\/wp-content\/uploads\/2014\/11\/28-11-14-PORTADA-ESTHER-CUMPLE-CUARENTA-197x300.jpg","keywords":["Carlos Portela","Esther cumple cuarenta","Esther y su mundo","guionistas espa\u00f1oles","Historietas de los a\u00f1os 80","novelas juveniles","Purita Campos"],"articleSection":["Actualidad"],"inLanguage":"es","potentialAction":[{"@type":"CommentAction","name":"Comment","target":["https:\/\/www.imosver.com\/blog\/cumple-cuarenta\/#respond"]}]},{"@type":"Person","@id":"https:\/\/www.imosver.com\/blog\/#\/schema\/person\/4894cc3afc687758ce752d7938e0519d","name":"Imosver","image":{"@type":"ImageObject","@id":"https:\/\/www.imosver.com\/blog\/#personlogo","inLanguage":"es","url":"https:\/\/secure.gravatar.com\/avatar\/00c6911b29e428161a36327744b2bc61?s=96&r=g","contentUrl":"https:\/\/secure.gravatar.com\/avatar\/00c6911b29e428161a36327744b2bc61?s=96&r=g","caption":"Imosver"},"url":"https:\/\/www.imosver.com\/blog\/author\/imosver\/"}]}},"_links":{"self":[{"href":"https:\/\/www.imosver.com\/blog\/wp-json\/wp\/v2\/posts\/2247"}],"collection":[{"href":"https:\/\/www.imosver.com\/blog\/wp-json\/wp\/v2\/posts"}],"about":[{"href":"https:\/\/www.imosver.com\/blog\/wp-json\/wp\/v2\/types\/post"}],"author":[{"embeddable":true,"href":"https:\/\/www.imosver.com\/blog\/wp-json\/wp\/v2\/users\/2"}],"replies":[{"embeddable":true,"href":"https:\/\/www.imosver.com\/blog\/wp-json\/wp\/v2\/comments?post=2247"}],"version-history":[{"count":6,"href":"https:\/\/www.imosver.com\/blog\/wp-json\/wp\/v2\/posts\/2247\/revisions"}],"predecessor-version":[{"id":8350,"href":"https:\/\/www.imosver.com\/blog\/wp-json\/wp\/v2\/posts\/2247\/revisions\/8350"}],"wp:attachment":[{"href":"https:\/\/www.imosver.com\/blog\/wp-json\/wp\/v2\/media?parent=2247"}],"wp:term":[{"taxonomy":"category","embeddable":true,"href":"https:\/\/www.imosver.com\/blog\/wp-json\/wp\/v2\/categories?post=2247"},{"taxonomy":"post_tag","embeddable":true,"href":"https:\/\/www.imosver.com\/blog\/wp-json\/wp\/v2\/tags?post=2247"}],"curies":[{"name":"wp","href":"https:\/\/api.w.org\/{rel}","templated":true}]}}