{"id":278,"date":"2012-11-08T08:49:47","date_gmt":"2012-11-08T08:49:47","guid":{"rendered":"https:\/\/www.imosver.com\/blog\/?p=278"},"modified":"2021-04-07T16:10:55","modified_gmt":"2021-04-07T14:10:55","slug":"estan-venta-libros-ganadores-premio-planeta-2012","status":"publish","type":"post","link":"https:\/\/www.imosver.com\/blog\/estan-venta-libros-ganadores-premio-planeta-2012\/","title":{"rendered":"Ya est\u00e1n a la venta los libros ganadores del Premio Planeta 2012!"},"content":{"rendered":"<p style=\"text-align: justify;\"><a href=\"https:\/\/www.imosver.com\/es\/especial\/premio-planeta_29\"><img loading=\"lazy\" class=\"alignleft size-full wp-image-279\" title=\"Premio Planeta 2012\" src=\"https:\/\/www.imosver.com\/blog\/wp-content\/uploads\/2012\/11\/Premio-Planeta-2012.jpg\" alt=\"Premio Planeta 2012\" width=\"600\" height=\"218\" srcset=\"https:\/\/www.imosver.com\/blog\/wp-content\/uploads\/2012\/11\/Premio-Planeta-2012.jpg 600w, https:\/\/www.imosver.com\/blog\/wp-content\/uploads\/2012\/11\/Premio-Planeta-2012-200x72.jpg 200w, https:\/\/www.imosver.com\/blog\/wp-content\/uploads\/2012\/11\/Premio-Planeta-2012-500x181.jpg 500w\" sizes=\"(max-width: 600px) 100vw, 600px\" \/><\/a><\/p>\n<p style=\"text-align: justify;\">Ya est\u00e1n a la venta los libros que ganaron la \u00faltima edici\u00f3n del Premio Planeta, tanto <a title=\"la marca del meridiano\" href=\"https:\/\/www.imosver.com\/es\/libro\/la-marca-del-meridiano_9970012888\" target=\"_blank\" rel=\"noopener\"><strong>La marca del meridiano<\/strong><\/a> de\u00a0 Lorenzo Silva ganador del premio, como\u00a0<a title=\"la vida imaginaria\" href=\"https:\/\/www.imosver.com\/es\/libro\/la-vida-imaginaria_9970012887\" target=\"_blank\" rel=\"noopener\"><strong>La vida imaginaria<\/strong><\/a> de Mara Torres, finalista de esta edici\u00f3n.<\/p>\n<p style=\"text-align: justify;\">Los ganadores de la 61 edici\u00f3n del Premio Planeta se hicieron p\u00fablicos en octubre de 2012, pero no han sido editados hasta ahora.<\/p>\n<p style=\"text-align: justify;\">Lorenzo Silva empez\u00f3 en el mundo literario con <strong>Noviembre sin violetas<\/strong> en 1995, pero no fue hasta 2000 cuando recibi\u00f3 su primer reconocimiento al llevarse el premio Nadal con su obra <strong>El alquimista impaciente<\/strong>. De este mismo premio fue finalista en 1997 con <strong>La flaqueza del bolchevique<\/strong>, obra que se llevar\u00eda a la gran pantalla a\u00f1os despu\u00e9s.<\/p>\n<p style=\"text-align: justify;\">Por su parte Mara Torres, ha sido finalista de esta edici\u00f3n con su primera novela <strong>La vida imaginaria<\/strong>. La periodista es m\u00e1s conocida ya que es la actual presentadora del informativo La 2 Noticias. Mara Torres es autora de un libro de relatos titulado <strong>Sin ti. Cuatro miradas desde la ausencia.<\/strong><\/p>\n<p style=\"text-align: justify;\">Quer\u00e9is comprar los libros ganadores del Premio Planeta de otros a\u00f1os? Visita nuestro <a title=\"especial premio planeta\" href=\"https:\/\/www.imosver.com\/es\/especial\/premio-planeta_29\" target=\"_blank\" rel=\"noopener\"><strong>Especial Premio Planeta<\/strong><\/a>.<\/p>\n","protected":false},"excerpt":{"rendered":"<p>Ya est\u00e1n a la venta los libros que ganaron la \u00faltima edici\u00f3n del Premio Planeta, tanto La marca del meridiano de\u00a0 Lorenzo Silva ganador del premio, como\u00a0La vida imaginaria de Mara Torres, finalista de esta edici\u00f3n. Los ganadores de la 61 edici\u00f3n del Premio Planeta se hicieron p\u00fablicos en octubre de 2012, pero no han [&hellip;]<\/p>\n","protected":false},"author":2,"featured_media":0,"comment_status":"open","ping_status":"open","sticky":false,"template":"","format":"standard","meta":{"tdm_status":"","tdm_grid_status":""},"categories":[165],"tags":[63,64,62,61,58],"yoast_head":"<!-- This site is optimized with the Yoast SEO plugin v17.2 - https:\/\/yoast.com\/wordpress\/plugins\/seo\/ -->\n<meta name=\"robots\" content=\"index, follow, max-snippet:-1, max-image-preview:large, max-video-preview:-1\" \/>\n<link rel=\"canonical\" href=\"https:\/\/www.imosver.com\/blog\/estan-venta-libros-ganadores-premio-planeta-2012\/\" \/>\n<meta property=\"og:locale\" content=\"es_ES\" \/>\n<meta property=\"og:type\" content=\"article\" \/>\n<meta property=\"og:title\" content=\"Ya est\u00e1n a la venta los libros ganadores del Premio Planeta 2012! - Blog imosver\" \/>\n<meta property=\"og:description\" content=\"Ya est\u00e1n a la venta los libros que ganaron la \u00faltima edici\u00f3n del Premio Planeta, tanto La marca del meridiano de\u00a0 Lorenzo Silva ganador del premio, como\u00a0La vida imaginaria de Mara Torres, finalista de esta edici\u00f3n. Los ganadores de la 61 edici\u00f3n del Premio Planeta se hicieron p\u00fablicos en octubre de 2012, pero no han [&hellip;]\" \/>\n<meta property=\"og:url\" content=\"https:\/\/www.imosver.com\/blog\/estan-venta-libros-ganadores-premio-planeta-2012\/\" \/>\n<meta property=\"og:site_name\" content=\"Blog imosver\" \/>\n<meta property=\"article:publisher\" content=\"https:\/\/www.facebook.com\/imosver\" \/>\n<meta property=\"article:published_time\" content=\"2012-11-08T08:49:47+00:00\" \/>\n<meta property=\"article:modified_time\" content=\"2021-04-07T14:10:55+00:00\" \/>\n<meta property=\"og:image\" content=\"https:\/\/www.imosver.com\/blog\/wp-content\/uploads\/2012\/11\/Premio-Planeta-2012.jpg\" \/>\n<meta name=\"twitter:card\" content=\"summary_large_image\" \/>\n<meta name=\"twitter:creator\" content=\"@Imosver\" \/>\n<meta name=\"twitter:site\" content=\"@Imosver\" \/>\n<meta name=\"twitter:label1\" content=\"Escrito por\" \/>\n\t<meta name=\"twitter:data1\" content=\"Imosver\" \/>\n\t<meta name=\"twitter:label2\" content=\"Tiempo de lectura\" \/>\n\t<meta name=\"twitter:data2\" content=\"1 minuto\" \/>\n<script type=\"application\/ld+json\" class=\"yoast-schema-graph\">{\"@context\":\"https:\/\/schema.org\",\"@graph\":[{\"@type\":\"Organization\",\"@id\":\"https:\/\/www.imosver.com\/blog\/#organization\",\"name\":\"Imosver\",\"url\":\"https:\/\/www.imosver.com\/blog\/\",\"sameAs\":[\"https:\/\/www.facebook.com\/imosver\",\"https:\/\/www.instagram.com\/imosver\/\",\"https:\/\/www.linkedin.com\/company\/3086458\/admin\/\",\"https:\/\/www.pinterest.es\/imosver\/\",\"https:\/\/twitter.com\/Imosver\"],\"logo\":{\"@type\":\"ImageObject\",\"@id\":\"https:\/\/www.imosver.com\/blog\/#logo\",\"inLanguage\":\"es\",\"url\":\"https:\/\/www.imosver.com\/blog\/wp-content\/uploads\/2026\/01\/logo.png\",\"contentUrl\":\"https:\/\/www.imosver.com\/blog\/wp-content\/uploads\/2026\/01\/logo.png\",\"width\":523,\"height\":120,\"caption\":\"Imosver\"},\"image\":{\"@id\":\"https:\/\/www.imosver.com\/blog\/#logo\"}},{\"@type\":\"WebSite\",\"@id\":\"https:\/\/www.imosver.com\/blog\/#website\",\"url\":\"https:\/\/www.imosver.com\/blog\/\",\"name\":\"Blog imosver\",\"description\":\"Blog Imosver\",\"publisher\":{\"@id\":\"https:\/\/www.imosver.com\/blog\/#organization\"},\"potentialAction\":[{\"@type\":\"SearchAction\",\"target\":{\"@type\":\"EntryPoint\",\"urlTemplate\":\"https:\/\/www.imosver.com\/blog\/?s={search_term_string}\"},\"query-input\":\"required name=search_term_string\"}],\"inLanguage\":\"es\"},{\"@type\":\"ImageObject\",\"@id\":\"https:\/\/www.imosver.com\/blog\/estan-venta-libros-ganadores-premio-planeta-2012\/#primaryimage\",\"inLanguage\":\"es\",\"url\":\"https:\/\/www.imosver.com\/blog\/wp-content\/uploads\/2012\/11\/Premio-Planeta-2012.jpg\",\"contentUrl\":\"https:\/\/www.imosver.com\/blog\/wp-content\/uploads\/2012\/11\/Premio-Planeta-2012.jpg\",\"width\":\"600\",\"height\":\"218\",\"caption\":\"Premio Planeta 2012\"},{\"@type\":\"WebPage\",\"@id\":\"https:\/\/www.imosver.com\/blog\/estan-venta-libros-ganadores-premio-planeta-2012\/#webpage\",\"url\":\"https:\/\/www.imosver.com\/blog\/estan-venta-libros-ganadores-premio-planeta-2012\/\",\"name\":\"Ya est\\u00e1n a la venta los libros ganadores del Premio Planeta 2012! - Blog imosver\",\"isPartOf\":{\"@id\":\"https:\/\/www.imosver.com\/blog\/#website\"},\"primaryImageOfPage\":{\"@id\":\"https:\/\/www.imosver.com\/blog\/estan-venta-libros-ganadores-premio-planeta-2012\/#primaryimage\"},\"datePublished\":\"2012-11-08T08:49:47+00:00\",\"dateModified\":\"2021-04-07T14:10:55+00:00\",\"breadcrumb\":{\"@id\":\"https:\/\/www.imosver.com\/blog\/estan-venta-libros-ganadores-premio-planeta-2012\/#breadcrumb\"},\"inLanguage\":\"es\",\"potentialAction\":[{\"@type\":\"ReadAction\",\"target\":[\"https:\/\/www.imosver.com\/blog\/estan-venta-libros-ganadores-premio-planeta-2012\/\"]}]},{\"@type\":\"BreadcrumbList\",\"@id\":\"https:\/\/www.imosver.com\/blog\/estan-venta-libros-ganadores-premio-planeta-2012\/#breadcrumb\",\"itemListElement\":[{\"@type\":\"ListItem\",\"position\":1,\"name\":\"Portada\",\"item\":\"https:\/\/www.imosver.com\/blog\/\"},{\"@type\":\"ListItem\",\"position\":2,\"name\":\"Ya est\\u00e1n a la venta los libros ganadores del Premio Planeta 2012!\"}]},{\"@type\":\"Article\",\"@id\":\"https:\/\/www.imosver.com\/blog\/estan-venta-libros-ganadores-premio-planeta-2012\/#article\",\"isPartOf\":{\"@id\":\"https:\/\/www.imosver.com\/blog\/estan-venta-libros-ganadores-premio-planeta-2012\/#webpage\"},\"author\":{\"@id\":\"https:\/\/www.imosver.com\/blog\/#\/schema\/person\/4894cc3afc687758ce752d7938e0519d\"},\"headline\":\"Ya est\\u00e1n a la venta los libros ganadores del Premio Planeta 2012!\",\"datePublished\":\"2012-11-08T08:49:47+00:00\",\"dateModified\":\"2021-04-07T14:10:55+00:00\",\"mainEntityOfPage\":{\"@id\":\"https:\/\/www.imosver.com\/blog\/estan-venta-libros-ganadores-premio-planeta-2012\/#webpage\"},\"wordCount\":202,\"commentCount\":0,\"publisher\":{\"@id\":\"https:\/\/www.imosver.com\/blog\/#organization\"},\"image\":{\"@id\":\"https:\/\/www.imosver.com\/blog\/estan-venta-libros-ganadores-premio-planeta-2012\/#primaryimage\"},\"thumbnailUrl\":\"https:\/\/www.imosver.com\/blog\/wp-content\/uploads\/2012\/11\/Premio-Planeta-2012.jpg\",\"keywords\":[\"La marca del meridiano\",\"La vida imaginaria\",\"Lorenzo Silva\",\"mara torres\",\"premio planeta\"],\"articleSection\":[\"Actualidad\"],\"inLanguage\":\"es\",\"potentialAction\":[{\"@type\":\"CommentAction\",\"name\":\"Comment\",\"target\":[\"https:\/\/www.imosver.com\/blog\/estan-venta-libros-ganadores-premio-planeta-2012\/#respond\"]}]},{\"@type\":\"Person\",\"@id\":\"https:\/\/www.imosver.com\/blog\/#\/schema\/person\/4894cc3afc687758ce752d7938e0519d\",\"name\":\"Imosver\",\"image\":{\"@type\":\"ImageObject\",\"@id\":\"https:\/\/www.imosver.com\/blog\/#personlogo\",\"inLanguage\":\"es\",\"url\":\"https:\/\/secure.gravatar.com\/avatar\/00c6911b29e428161a36327744b2bc61?s=96&r=g\",\"contentUrl\":\"https:\/\/secure.gravatar.com\/avatar\/00c6911b29e428161a36327744b2bc61?s=96&r=g\",\"caption\":\"Imosver\"},\"url\":\"https:\/\/www.imosver.com\/blog\/author\/imosver\/\"}]}<\/script>\n<!-- \/ Yoast SEO plugin. -->","yoast_head_json":{"robots":{"index":"index","follow":"follow","max-snippet":"max-snippet:-1","max-image-preview":"max-image-preview:large","max-video-preview":"max-video-preview:-1"},"canonical":"https:\/\/www.imosver.com\/blog\/estan-venta-libros-ganadores-premio-planeta-2012\/","og_locale":"es_ES","og_type":"article","og_title":"Ya est\u00e1n a la venta los libros ganadores del Premio Planeta 2012! - Blog imosver","og_description":"Ya est\u00e1n a la venta los libros que ganaron la \u00faltima edici\u00f3n del Premio Planeta, tanto La marca del meridiano de\u00a0 Lorenzo Silva ganador del premio, como\u00a0La vida imaginaria de Mara Torres, finalista de esta edici\u00f3n. Los ganadores de la 61 edici\u00f3n del Premio Planeta se hicieron p\u00fablicos en octubre de 2012, pero no han [&hellip;]","og_url":"https:\/\/www.imosver.com\/blog\/estan-venta-libros-ganadores-premio-planeta-2012\/","og_site_name":"Blog imosver","article_publisher":"https:\/\/www.facebook.com\/imosver","article_published_time":"2012-11-08T08:49:47+00:00","article_modified_time":"2021-04-07T14:10:55+00:00","og_image":[{"url":"https:\/\/www.imosver.com\/blog\/wp-content\/uploads\/2012\/11\/Premio-Planeta-2012.jpg"}],"twitter_card":"summary_large_image","twitter_creator":"@Imosver","twitter_site":"@Imosver","twitter_misc":{"Escrito por":"Imosver","Tiempo de lectura":"1 minuto"},"schema":{"@context":"https:\/\/schema.org","@graph":[{"@type":"Organization","@id":"https:\/\/www.imosver.com\/blog\/#organization","name":"Imosver","url":"https:\/\/www.imosver.com\/blog\/","sameAs":["https:\/\/www.facebook.com\/imosver","https:\/\/www.instagram.com\/imosver\/","https:\/\/www.linkedin.com\/company\/3086458\/admin\/","https:\/\/www.pinterest.es\/imosver\/","https:\/\/twitter.com\/Imosver"],"logo":{"@type":"ImageObject","@id":"https:\/\/www.imosver.com\/blog\/#logo","inLanguage":"es","url":"https:\/\/www.imosver.com\/blog\/wp-content\/uploads\/2026\/01\/logo.png","contentUrl":"https:\/\/www.imosver.com\/blog\/wp-content\/uploads\/2026\/01\/logo.png","width":523,"height":120,"caption":"Imosver"},"image":{"@id":"https:\/\/www.imosver.com\/blog\/#logo"}},{"@type":"WebSite","@id":"https:\/\/www.imosver.com\/blog\/#website","url":"https:\/\/www.imosver.com\/blog\/","name":"Blog imosver","description":"Blog Imosver","publisher":{"@id":"https:\/\/www.imosver.com\/blog\/#organization"},"potentialAction":[{"@type":"SearchAction","target":{"@type":"EntryPoint","urlTemplate":"https:\/\/www.imosver.com\/blog\/?s={search_term_string}"},"query-input":"required name=search_term_string"}],"inLanguage":"es"},{"@type":"ImageObject","@id":"https:\/\/www.imosver.com\/blog\/estan-venta-libros-ganadores-premio-planeta-2012\/#primaryimage","inLanguage":"es","url":"https:\/\/www.imosver.com\/blog\/wp-content\/uploads\/2012\/11\/Premio-Planeta-2012.jpg","contentUrl":"https:\/\/www.imosver.com\/blog\/wp-content\/uploads\/2012\/11\/Premio-Planeta-2012.jpg","width":"600","height":"218","caption":"Premio Planeta 2012"},{"@type":"WebPage","@id":"https:\/\/www.imosver.com\/blog\/estan-venta-libros-ganadores-premio-planeta-2012\/#webpage","url":"https:\/\/www.imosver.com\/blog\/estan-venta-libros-ganadores-premio-planeta-2012\/","name":"Ya est\u00e1n a la venta los libros ganadores del Premio Planeta 2012! - Blog imosver","isPartOf":{"@id":"https:\/\/www.imosver.com\/blog\/#website"},"primaryImageOfPage":{"@id":"https:\/\/www.imosver.com\/blog\/estan-venta-libros-ganadores-premio-planeta-2012\/#primaryimage"},"datePublished":"2012-11-08T08:49:47+00:00","dateModified":"2021-04-07T14:10:55+00:00","breadcrumb":{"@id":"https:\/\/www.imosver.com\/blog\/estan-venta-libros-ganadores-premio-planeta-2012\/#breadcrumb"},"inLanguage":"es","potentialAction":[{"@type":"ReadAction","target":["https:\/\/www.imosver.com\/blog\/estan-venta-libros-ganadores-premio-planeta-2012\/"]}]},{"@type":"BreadcrumbList","@id":"https:\/\/www.imosver.com\/blog\/estan-venta-libros-ganadores-premio-planeta-2012\/#breadcrumb","itemListElement":[{"@type":"ListItem","position":1,"name":"Portada","item":"https:\/\/www.imosver.com\/blog\/"},{"@type":"ListItem","position":2,"name":"Ya est\u00e1n a la venta los libros ganadores del Premio Planeta 2012!"}]},{"@type":"Article","@id":"https:\/\/www.imosver.com\/blog\/estan-venta-libros-ganadores-premio-planeta-2012\/#article","isPartOf":{"@id":"https:\/\/www.imosver.com\/blog\/estan-venta-libros-ganadores-premio-planeta-2012\/#webpage"},"author":{"@id":"https:\/\/www.imosver.com\/blog\/#\/schema\/person\/4894cc3afc687758ce752d7938e0519d"},"headline":"Ya est\u00e1n a la venta los libros ganadores del Premio Planeta 2012!","datePublished":"2012-11-08T08:49:47+00:00","dateModified":"2021-04-07T14:10:55+00:00","mainEntityOfPage":{"@id":"https:\/\/www.imosver.com\/blog\/estan-venta-libros-ganadores-premio-planeta-2012\/#webpage"},"wordCount":202,"commentCount":0,"publisher":{"@id":"https:\/\/www.imosver.com\/blog\/#organization"},"image":{"@id":"https:\/\/www.imosver.com\/blog\/estan-venta-libros-ganadores-premio-planeta-2012\/#primaryimage"},"thumbnailUrl":"https:\/\/www.imosver.com\/blog\/wp-content\/uploads\/2012\/11\/Premio-Planeta-2012.jpg","keywords":["La marca del meridiano","La vida imaginaria","Lorenzo Silva","mara torres","premio planeta"],"articleSection":["Actualidad"],"inLanguage":"es","potentialAction":[{"@type":"CommentAction","name":"Comment","target":["https:\/\/www.imosver.com\/blog\/estan-venta-libros-ganadores-premio-planeta-2012\/#respond"]}]},{"@type":"Person","@id":"https:\/\/www.imosver.com\/blog\/#\/schema\/person\/4894cc3afc687758ce752d7938e0519d","name":"Imosver","image":{"@type":"ImageObject","@id":"https:\/\/www.imosver.com\/blog\/#personlogo","inLanguage":"es","url":"https:\/\/secure.gravatar.com\/avatar\/00c6911b29e428161a36327744b2bc61?s=96&r=g","contentUrl":"https:\/\/secure.gravatar.com\/avatar\/00c6911b29e428161a36327744b2bc61?s=96&r=g","caption":"Imosver"},"url":"https:\/\/www.imosver.com\/blog\/author\/imosver\/"}]}},"_links":{"self":[{"href":"https:\/\/www.imosver.com\/blog\/wp-json\/wp\/v2\/posts\/278"}],"collection":[{"href":"https:\/\/www.imosver.com\/blog\/wp-json\/wp\/v2\/posts"}],"about":[{"href":"https:\/\/www.imosver.com\/blog\/wp-json\/wp\/v2\/types\/post"}],"author":[{"embeddable":true,"href":"https:\/\/www.imosver.com\/blog\/wp-json\/wp\/v2\/users\/2"}],"replies":[{"embeddable":true,"href":"https:\/\/www.imosver.com\/blog\/wp-json\/wp\/v2\/comments?post=278"}],"version-history":[{"count":5,"href":"https:\/\/www.imosver.com\/blog\/wp-json\/wp\/v2\/posts\/278\/revisions"}],"predecessor-version":[{"id":8384,"href":"https:\/\/www.imosver.com\/blog\/wp-json\/wp\/v2\/posts\/278\/revisions\/8384"}],"wp:attachment":[{"href":"https:\/\/www.imosver.com\/blog\/wp-json\/wp\/v2\/media?parent=278"}],"wp:term":[{"taxonomy":"category","embeddable":true,"href":"https:\/\/www.imosver.com\/blog\/wp-json\/wp\/v2\/categories?post=278"},{"taxonomy":"post_tag","embeddable":true,"href":"https:\/\/www.imosver.com\/blog\/wp-json\/wp\/v2\/tags?post=278"}],"curies":[{"name":"wp","href":"https:\/\/api.w.org\/{rel}","templated":true}]}}