{"id":405,"date":"2012-12-17T10:10:02","date_gmt":"2012-12-17T10:10:02","guid":{"rendered":"https:\/\/www.imosver.com\/blog\/?p=405"},"modified":"2021-04-07T16:10:54","modified_gmt":"2021-04-07T14:10:54","slug":"cuentos-completos-navidad-dickens-reunidos-libro","status":"publish","type":"post","link":"https:\/\/www.imosver.com\/blog\/cuentos-completos-navidad-dickens-reunidos-libro\/","title":{"rendered":"Los Cuentos completos de Navidad de Dickens reunidos en un s\u00f3lo libro"},"content":{"rendered":"<p style=\"text-align: justify;\"><a href=\"https:\/\/www.imosver.com\/es\/libro\/los-cuentos-completos-de-navidad_NOB0003861\"><img loading=\"lazy\" class=\"size-full wp-image-406 alignleft\" title=\"cuentos completos de navidad\" src=\"https:\/\/www.imosver.com\/blog\/wp-content\/uploads\/2012\/12\/cuentos-completos-de-navidad.gif\" alt=\"cuentos completos de navidad\" width=\"99\" height=\"150\" \/><\/a>Se podr\u00eda decir que Dickens invent\u00f3 la Navidad ya que ning\u00fan otro escritor ha evocado con tanta maestr\u00eda el esp\u00edritu, jubiloso y eleg\u00edaco a un tiempo, de ese periodo final del a\u00f1o. Y coincidiendo con el 200 aniversario del nacimiento de Charles Dickens se acaban de publicar los <a title=\"cuentos completos de navidad\" href=\"https:\/\/www.imosver.com\/es\/libro\/los-cuentos-completos-de-navidad_NOB0003861\" target=\"_blank\" rel=\"noopener\"><strong>Cuentos completos de Navidad<\/strong><\/a> en un s\u00f3lo volumen.<\/p>\n<p style=\"text-align: justify;\">Adem\u00e1s de la conocid\u00edsima <a title=\"cancion de navidad\" href=\"https:\/\/www.imosver.com\/es\/libro\/cancion-de-navidad_9970010161\" target=\"_blank\" rel=\"noopener\"><strong>Canci\u00f3n de Navidad<\/strong><\/a> en este volumen se re\u00fanen otros cuatro relatos ambientados en esta \u00e9poca del a\u00f1o inspirados en la edici\u00f3n inglesa de 1852. En estos relatos se recogen los temas principales tratados por Dickens como la caridad, la infancia, los mitos populares, las desigualdades sociales, los sue\u00f1os y la magia.<\/p>\n<p style=\"text-align: justify;\">Esta edici\u00f3n est\u00e1 editada en tapa dura con sobrecubierta e ilustrada por Javier Olivares con su peculiar estilo lleno de \u00e1ngulos y colores fr\u00edos, y sin duda nos aporta una visi\u00f3n diferente de estos cuentos navide\u00f1os.<\/p>\n<p style=\"text-align: justify;\">Charles Dickens (1812-1870) es uno de los grandes escritores de la era victoriana. De entre sus obras cabe destacar Los papeles p\u00f3stumos del club Pickwick, Grandes esperanzas, Oliver Twist o Nuestro amigo com\u00fan. Fue uno de los novelistas m\u00e1s exitosos de su \u00e9poca y cultiv\u00f3 tambi\u00e9n el periodismo.<\/p>\n","protected":false},"excerpt":{"rendered":"<p>Se podr\u00eda decir que Dickens invent\u00f3 la Navidad ya que ning\u00fan otro escritor ha evocado con tanta maestr\u00eda el esp\u00edritu, jubiloso y eleg\u00edaco a un tiempo, de ese periodo final del a\u00f1o. Y coincidiendo con el 200 aniversario del nacimiento de Charles Dickens se acaban de publicar los Cuentos completos de Navidad en un s\u00f3lo [&hellip;]<\/p>\n","protected":false},"author":2,"featured_media":0,"comment_status":"open","ping_status":"open","sticky":false,"template":"","format":"standard","meta":{"tdm_status":"","tdm_grid_status":""},"categories":[165],"tags":[155,153,12,154,10,11],"yoast_head":"<!-- This site is optimized with the Yoast SEO plugin v17.2 - https:\/\/yoast.com\/wordpress\/plugins\/seo\/ -->\n<meta name=\"robots\" content=\"index, follow, max-snippet:-1, max-image-preview:large, max-video-preview:-1\" \/>\n<link rel=\"canonical\" href=\"https:\/\/www.imosver.com\/blog\/cuentos-completos-navidad-dickens-reunidos-libro\/\" \/>\n<meta property=\"og:locale\" content=\"es_ES\" \/>\n<meta property=\"og:type\" content=\"article\" \/>\n<meta property=\"og:title\" content=\"Los Cuentos completos de Navidad de Dickens reunidos en un s\u00f3lo libro - Blog imosver\" \/>\n<meta property=\"og:description\" content=\"Se podr\u00eda decir que Dickens invent\u00f3 la Navidad ya que ning\u00fan otro escritor ha evocado con tanta maestr\u00eda el esp\u00edritu, jubiloso y eleg\u00edaco a un tiempo, de ese periodo final del a\u00f1o. Y coincidiendo con el 200 aniversario del nacimiento de Charles Dickens se acaban de publicar los Cuentos completos de Navidad en un s\u00f3lo [&hellip;]\" \/>\n<meta property=\"og:url\" content=\"https:\/\/www.imosver.com\/blog\/cuentos-completos-navidad-dickens-reunidos-libro\/\" \/>\n<meta property=\"og:site_name\" content=\"Blog imosver\" \/>\n<meta property=\"article:publisher\" content=\"https:\/\/www.facebook.com\/imosver\" \/>\n<meta property=\"article:published_time\" content=\"2012-12-17T10:10:02+00:00\" \/>\n<meta property=\"article:modified_time\" content=\"2021-04-07T14:10:54+00:00\" \/>\n<meta property=\"og:image\" content=\"https:\/\/www.imosver.com\/blog\/wp-content\/uploads\/2012\/12\/cuentos-completos-de-navidad.gif\" \/>\n<meta name=\"twitter:card\" content=\"summary_large_image\" \/>\n<meta name=\"twitter:creator\" content=\"@Imosver\" \/>\n<meta name=\"twitter:site\" content=\"@Imosver\" \/>\n<meta name=\"twitter:label1\" content=\"Escrito por\" \/>\n\t<meta name=\"twitter:data1\" content=\"Imosver\" \/>\n\t<meta name=\"twitter:label2\" content=\"Tiempo de lectura\" \/>\n\t<meta name=\"twitter:data2\" content=\"1 minuto\" \/>\n<script type=\"application\/ld+json\" class=\"yoast-schema-graph\">{\"@context\":\"https:\/\/schema.org\",\"@graph\":[{\"@type\":\"Organization\",\"@id\":\"https:\/\/www.imosver.com\/blog\/#organization\",\"name\":\"Imosver\",\"url\":\"https:\/\/www.imosver.com\/blog\/\",\"sameAs\":[\"https:\/\/www.facebook.com\/imosver\",\"https:\/\/www.instagram.com\/imosver\/\",\"https:\/\/www.linkedin.com\/company\/3086458\/admin\/\",\"https:\/\/www.pinterest.es\/imosver\/\",\"https:\/\/twitter.com\/Imosver\"],\"logo\":{\"@type\":\"ImageObject\",\"@id\":\"https:\/\/www.imosver.com\/blog\/#logo\",\"inLanguage\":\"es\",\"url\":\"https:\/\/www.imosver.com\/blog\/wp-content\/uploads\/2026\/01\/logo.png\",\"contentUrl\":\"https:\/\/www.imosver.com\/blog\/wp-content\/uploads\/2026\/01\/logo.png\",\"width\":523,\"height\":120,\"caption\":\"Imosver\"},\"image\":{\"@id\":\"https:\/\/www.imosver.com\/blog\/#logo\"}},{\"@type\":\"WebSite\",\"@id\":\"https:\/\/www.imosver.com\/blog\/#website\",\"url\":\"https:\/\/www.imosver.com\/blog\/\",\"name\":\"Blog imosver\",\"description\":\"Blog Imosver\",\"publisher\":{\"@id\":\"https:\/\/www.imosver.com\/blog\/#organization\"},\"potentialAction\":[{\"@type\":\"SearchAction\",\"target\":{\"@type\":\"EntryPoint\",\"urlTemplate\":\"https:\/\/www.imosver.com\/blog\/?s={search_term_string}\"},\"query-input\":\"required name=search_term_string\"}],\"inLanguage\":\"es\"},{\"@type\":\"ImageObject\",\"@id\":\"https:\/\/www.imosver.com\/blog\/cuentos-completos-navidad-dickens-reunidos-libro\/#primaryimage\",\"inLanguage\":\"es\",\"url\":\"https:\/\/www.imosver.com\/blog\/wp-content\/uploads\/2012\/12\/cuentos-completos-de-navidad.gif\",\"contentUrl\":\"https:\/\/www.imosver.com\/blog\/wp-content\/uploads\/2012\/12\/cuentos-completos-de-navidad.gif\",\"width\":\"99\",\"height\":\"150\",\"caption\":\"cuentos completos de navidad\"},{\"@type\":\"WebPage\",\"@id\":\"https:\/\/www.imosver.com\/blog\/cuentos-completos-navidad-dickens-reunidos-libro\/#webpage\",\"url\":\"https:\/\/www.imosver.com\/blog\/cuentos-completos-navidad-dickens-reunidos-libro\/\",\"name\":\"Los Cuentos completos de Navidad de Dickens reunidos en un s\\u00f3lo libro - Blog imosver\",\"isPartOf\":{\"@id\":\"https:\/\/www.imosver.com\/blog\/#website\"},\"primaryImageOfPage\":{\"@id\":\"https:\/\/www.imosver.com\/blog\/cuentos-completos-navidad-dickens-reunidos-libro\/#primaryimage\"},\"datePublished\":\"2012-12-17T10:10:02+00:00\",\"dateModified\":\"2021-04-07T14:10:54+00:00\",\"breadcrumb\":{\"@id\":\"https:\/\/www.imosver.com\/blog\/cuentos-completos-navidad-dickens-reunidos-libro\/#breadcrumb\"},\"inLanguage\":\"es\",\"potentialAction\":[{\"@type\":\"ReadAction\",\"target\":[\"https:\/\/www.imosver.com\/blog\/cuentos-completos-navidad-dickens-reunidos-libro\/\"]}]},{\"@type\":\"BreadcrumbList\",\"@id\":\"https:\/\/www.imosver.com\/blog\/cuentos-completos-navidad-dickens-reunidos-libro\/#breadcrumb\",\"itemListElement\":[{\"@type\":\"ListItem\",\"position\":1,\"name\":\"Portada\",\"item\":\"https:\/\/www.imosver.com\/blog\/\"},{\"@type\":\"ListItem\",\"position\":2,\"name\":\"Los Cuentos completos de Navidad de Dickens reunidos en un s\\u00f3lo libro\"}]},{\"@type\":\"Article\",\"@id\":\"https:\/\/www.imosver.com\/blog\/cuentos-completos-navidad-dickens-reunidos-libro\/#article\",\"isPartOf\":{\"@id\":\"https:\/\/www.imosver.com\/blog\/cuentos-completos-navidad-dickens-reunidos-libro\/#webpage\"},\"author\":{\"@id\":\"https:\/\/www.imosver.com\/blog\/#\/schema\/person\/4894cc3afc687758ce752d7938e0519d\"},\"headline\":\"Los Cuentos completos de Navidad de Dickens reunidos en un s\\u00f3lo libro\",\"datePublished\":\"2012-12-17T10:10:02+00:00\",\"dateModified\":\"2021-04-07T14:10:54+00:00\",\"mainEntityOfPage\":{\"@id\":\"https:\/\/www.imosver.com\/blog\/cuentos-completos-navidad-dickens-reunidos-libro\/#webpage\"},\"wordCount\":228,\"commentCount\":0,\"publisher\":{\"@id\":\"https:\/\/www.imosver.com\/blog\/#organization\"},\"image\":{\"@id\":\"https:\/\/www.imosver.com\/blog\/cuentos-completos-navidad-dickens-reunidos-libro\/#primaryimage\"},\"thumbnailUrl\":\"https:\/\/www.imosver.com\/blog\/wp-content\/uploads\/2012\/12\/cuentos-completos-de-navidad.gif\",\"keywords\":[\"cancion de navidad\",\"charles dickens\",\"comprar libros\",\"cuentos completos de navidad\",\"imosver\",\"tienda libros\"],\"articleSection\":[\"Actualidad\"],\"inLanguage\":\"es\",\"potentialAction\":[{\"@type\":\"CommentAction\",\"name\":\"Comment\",\"target\":[\"https:\/\/www.imosver.com\/blog\/cuentos-completos-navidad-dickens-reunidos-libro\/#respond\"]}]},{\"@type\":\"Person\",\"@id\":\"https:\/\/www.imosver.com\/blog\/#\/schema\/person\/4894cc3afc687758ce752d7938e0519d\",\"name\":\"Imosver\",\"image\":{\"@type\":\"ImageObject\",\"@id\":\"https:\/\/www.imosver.com\/blog\/#personlogo\",\"inLanguage\":\"es\",\"url\":\"https:\/\/secure.gravatar.com\/avatar\/00c6911b29e428161a36327744b2bc61?s=96&r=g\",\"contentUrl\":\"https:\/\/secure.gravatar.com\/avatar\/00c6911b29e428161a36327744b2bc61?s=96&r=g\",\"caption\":\"Imosver\"},\"url\":\"https:\/\/www.imosver.com\/blog\/author\/imosver\/\"}]}<\/script>\n<!-- \/ Yoast SEO plugin. -->","yoast_head_json":{"robots":{"index":"index","follow":"follow","max-snippet":"max-snippet:-1","max-image-preview":"max-image-preview:large","max-video-preview":"max-video-preview:-1"},"canonical":"https:\/\/www.imosver.com\/blog\/cuentos-completos-navidad-dickens-reunidos-libro\/","og_locale":"es_ES","og_type":"article","og_title":"Los Cuentos completos de Navidad de Dickens reunidos en un s\u00f3lo libro - Blog imosver","og_description":"Se podr\u00eda decir que Dickens invent\u00f3 la Navidad ya que ning\u00fan otro escritor ha evocado con tanta maestr\u00eda el esp\u00edritu, jubiloso y eleg\u00edaco a un tiempo, de ese periodo final del a\u00f1o. Y coincidiendo con el 200 aniversario del nacimiento de Charles Dickens se acaban de publicar los Cuentos completos de Navidad en un s\u00f3lo [&hellip;]","og_url":"https:\/\/www.imosver.com\/blog\/cuentos-completos-navidad-dickens-reunidos-libro\/","og_site_name":"Blog imosver","article_publisher":"https:\/\/www.facebook.com\/imosver","article_published_time":"2012-12-17T10:10:02+00:00","article_modified_time":"2021-04-07T14:10:54+00:00","og_image":[{"url":"https:\/\/www.imosver.com\/blog\/wp-content\/uploads\/2012\/12\/cuentos-completos-de-navidad.gif"}],"twitter_card":"summary_large_image","twitter_creator":"@Imosver","twitter_site":"@Imosver","twitter_misc":{"Escrito por":"Imosver","Tiempo de lectura":"1 minuto"},"schema":{"@context":"https:\/\/schema.org","@graph":[{"@type":"Organization","@id":"https:\/\/www.imosver.com\/blog\/#organization","name":"Imosver","url":"https:\/\/www.imosver.com\/blog\/","sameAs":["https:\/\/www.facebook.com\/imosver","https:\/\/www.instagram.com\/imosver\/","https:\/\/www.linkedin.com\/company\/3086458\/admin\/","https:\/\/www.pinterest.es\/imosver\/","https:\/\/twitter.com\/Imosver"],"logo":{"@type":"ImageObject","@id":"https:\/\/www.imosver.com\/blog\/#logo","inLanguage":"es","url":"https:\/\/www.imosver.com\/blog\/wp-content\/uploads\/2026\/01\/logo.png","contentUrl":"https:\/\/www.imosver.com\/blog\/wp-content\/uploads\/2026\/01\/logo.png","width":523,"height":120,"caption":"Imosver"},"image":{"@id":"https:\/\/www.imosver.com\/blog\/#logo"}},{"@type":"WebSite","@id":"https:\/\/www.imosver.com\/blog\/#website","url":"https:\/\/www.imosver.com\/blog\/","name":"Blog imosver","description":"Blog Imosver","publisher":{"@id":"https:\/\/www.imosver.com\/blog\/#organization"},"potentialAction":[{"@type":"SearchAction","target":{"@type":"EntryPoint","urlTemplate":"https:\/\/www.imosver.com\/blog\/?s={search_term_string}"},"query-input":"required name=search_term_string"}],"inLanguage":"es"},{"@type":"ImageObject","@id":"https:\/\/www.imosver.com\/blog\/cuentos-completos-navidad-dickens-reunidos-libro\/#primaryimage","inLanguage":"es","url":"https:\/\/www.imosver.com\/blog\/wp-content\/uploads\/2012\/12\/cuentos-completos-de-navidad.gif","contentUrl":"https:\/\/www.imosver.com\/blog\/wp-content\/uploads\/2012\/12\/cuentos-completos-de-navidad.gif","width":"99","height":"150","caption":"cuentos completos de navidad"},{"@type":"WebPage","@id":"https:\/\/www.imosver.com\/blog\/cuentos-completos-navidad-dickens-reunidos-libro\/#webpage","url":"https:\/\/www.imosver.com\/blog\/cuentos-completos-navidad-dickens-reunidos-libro\/","name":"Los Cuentos completos de Navidad de Dickens reunidos en un s\u00f3lo libro - Blog imosver","isPartOf":{"@id":"https:\/\/www.imosver.com\/blog\/#website"},"primaryImageOfPage":{"@id":"https:\/\/www.imosver.com\/blog\/cuentos-completos-navidad-dickens-reunidos-libro\/#primaryimage"},"datePublished":"2012-12-17T10:10:02+00:00","dateModified":"2021-04-07T14:10:54+00:00","breadcrumb":{"@id":"https:\/\/www.imosver.com\/blog\/cuentos-completos-navidad-dickens-reunidos-libro\/#breadcrumb"},"inLanguage":"es","potentialAction":[{"@type":"ReadAction","target":["https:\/\/www.imosver.com\/blog\/cuentos-completos-navidad-dickens-reunidos-libro\/"]}]},{"@type":"BreadcrumbList","@id":"https:\/\/www.imosver.com\/blog\/cuentos-completos-navidad-dickens-reunidos-libro\/#breadcrumb","itemListElement":[{"@type":"ListItem","position":1,"name":"Portada","item":"https:\/\/www.imosver.com\/blog\/"},{"@type":"ListItem","position":2,"name":"Los Cuentos completos de Navidad de Dickens reunidos en un s\u00f3lo libro"}]},{"@type":"Article","@id":"https:\/\/www.imosver.com\/blog\/cuentos-completos-navidad-dickens-reunidos-libro\/#article","isPartOf":{"@id":"https:\/\/www.imosver.com\/blog\/cuentos-completos-navidad-dickens-reunidos-libro\/#webpage"},"author":{"@id":"https:\/\/www.imosver.com\/blog\/#\/schema\/person\/4894cc3afc687758ce752d7938e0519d"},"headline":"Los Cuentos completos de Navidad de Dickens reunidos en un s\u00f3lo libro","datePublished":"2012-12-17T10:10:02+00:00","dateModified":"2021-04-07T14:10:54+00:00","mainEntityOfPage":{"@id":"https:\/\/www.imosver.com\/blog\/cuentos-completos-navidad-dickens-reunidos-libro\/#webpage"},"wordCount":228,"commentCount":0,"publisher":{"@id":"https:\/\/www.imosver.com\/blog\/#organization"},"image":{"@id":"https:\/\/www.imosver.com\/blog\/cuentos-completos-navidad-dickens-reunidos-libro\/#primaryimage"},"thumbnailUrl":"https:\/\/www.imosver.com\/blog\/wp-content\/uploads\/2012\/12\/cuentos-completos-de-navidad.gif","keywords":["cancion de navidad","charles dickens","comprar libros","cuentos completos de navidad","imosver","tienda libros"],"articleSection":["Actualidad"],"inLanguage":"es","potentialAction":[{"@type":"CommentAction","name":"Comment","target":["https:\/\/www.imosver.com\/blog\/cuentos-completos-navidad-dickens-reunidos-libro\/#respond"]}]},{"@type":"Person","@id":"https:\/\/www.imosver.com\/blog\/#\/schema\/person\/4894cc3afc687758ce752d7938e0519d","name":"Imosver","image":{"@type":"ImageObject","@id":"https:\/\/www.imosver.com\/blog\/#personlogo","inLanguage":"es","url":"https:\/\/secure.gravatar.com\/avatar\/00c6911b29e428161a36327744b2bc61?s=96&r=g","contentUrl":"https:\/\/secure.gravatar.com\/avatar\/00c6911b29e428161a36327744b2bc61?s=96&r=g","caption":"Imosver"},"url":"https:\/\/www.imosver.com\/blog\/author\/imosver\/"}]}},"_links":{"self":[{"href":"https:\/\/www.imosver.com\/blog\/wp-json\/wp\/v2\/posts\/405"}],"collection":[{"href":"https:\/\/www.imosver.com\/blog\/wp-json\/wp\/v2\/posts"}],"about":[{"href":"https:\/\/www.imosver.com\/blog\/wp-json\/wp\/v2\/types\/post"}],"author":[{"embeddable":true,"href":"https:\/\/www.imosver.com\/blog\/wp-json\/wp\/v2\/users\/2"}],"replies":[{"embeddable":true,"href":"https:\/\/www.imosver.com\/blog\/wp-json\/wp\/v2\/comments?post=405"}],"version-history":[{"count":2,"href":"https:\/\/www.imosver.com\/blog\/wp-json\/wp\/v2\/posts\/405\/revisions"}],"predecessor-version":[{"id":8376,"href":"https:\/\/www.imosver.com\/blog\/wp-json\/wp\/v2\/posts\/405\/revisions\/8376"}],"wp:attachment":[{"href":"https:\/\/www.imosver.com\/blog\/wp-json\/wp\/v2\/media?parent=405"}],"wp:term":[{"taxonomy":"category","embeddable":true,"href":"https:\/\/www.imosver.com\/blog\/wp-json\/wp\/v2\/categories?post=405"},{"taxonomy":"post_tag","embeddable":true,"href":"https:\/\/www.imosver.com\/blog\/wp-json\/wp\/v2\/tags?post=405"}],"curies":[{"name":"wp","href":"https:\/\/api.w.org\/{rel}","templated":true}]}}