{"id":4199,"date":"2016-08-31T07:27:24","date_gmt":"2016-08-31T05:27:24","guid":{"rendered":"https:\/\/www.imosver.com\/blog\/?p=4199"},"modified":"2021-04-07T16:14:07","modified_gmt":"2021-04-07T14:14:07","slug":"del-color-de-la-leche-un-libro-al-que-adaptarse","status":"publish","type":"post","link":"https:\/\/www.imosver.com\/blog\/del-color-de-la-leche-un-libro-al-que-adaptarse\/","title":{"rendered":"Del color de la leche, un libro al que adaptarse"},"content":{"rendered":"<p style=\"text-align: justify;\"><a href=\"https:\/\/www.imosver.com\/blog\/wp-content\/uploads\/2016\/08\/Del-color-de-la-leche.jpg\"><img loading=\"lazy\" class=\"alignleft size-full wp-image-4200\" title=\"Del color de la leche\" src=\"https:\/\/www.imosver.com\/blog\/wp-content\/uploads\/2016\/08\/Del-color-de-la-leche.jpg\" alt=\"\" width=\"200\" height=\"300\" \/><\/a>En ocasiones os hablamos de <strong>rarezas literarias<\/strong> por nos gusta que os pod\u00e1is acercar a otro tipo de literatura que muchas veces pensamos est\u00e1 reservada para unos pocos. Quiz\u00e1s el libro <a href=\"https:\/\/www.imosver.com\/es\/libro\/del-color-de-la-leche_0010020749\"><strong>Del color de la leche<\/strong><\/a> se encuentre a medio camino entre la literatura convencional y esta idea de la literatura reservada para unos pocos y os vamos a contar por qu\u00e9.<\/p>\n<p style=\"text-align: justify;\">El libro <a href=\"https:\/\/www.imosver.com\/es\/libro\/del-color-de-la-leche_0010020749\"><strong>Delcolorde la leche<\/strong><\/a>, escrito por <strong>NellLeyshon<\/strong>, se caracteriza por ser una novela muy corta, y lo m\u00e1s curioso es que el lector se ha de adaptar a ella, es decir, ha de saber c\u00f3mo leerla. Los que ya la han le\u00eddo dicen que el formato es indiferente al final, y la raz\u00f3n en la que todos coinciden es clara, la historia te engancha de tal manera que da igual c\u00f3mo leas. Cuando hayas terminado te dar\u00e1s cuenta de que no puedes dejar de pensar en esta novela.<\/p>\n<p style=\"text-align: justify;\">La protagonista de este libro, adem\u00e1s, puede parecer un tanto <strong>peculiar<\/strong> y precisamente ser\u00e1 la que d\u00e9 el nombre a su propia historia, <a href=\"https:\/\/www.imosver.com\/es\/libro\/del-color-de-la-leche_0010020749\"><strong>Del color de la leche<\/strong><\/a><strong>,<\/strong> porque su pelo es extremadamente blanco. Su vida ser\u00e1 demasiado mon\u00f3tona hasta que un buen d\u00eda es mandada a servir a la casa de la mujer del vicario, all\u00ed no solo aprender\u00e1 a leer y escribir, sino que se dar\u00e1 cuenta de que en ocasiones nuestro mundo cuando est\u00e1 poblado de cuestiones puede resultar m\u00e1s sencillo que el mundo en el que todo esta claro.<\/p>\n<p style=\"text-align: justify;\">Acompa\u00f1aremos a nuestra protagonista por una historia pr\u00e1cticamente contada de su pu\u00f1o y letra, ella nos contar\u00e1 su propio libro, contextualizado concretamente en el <strong>a\u00f1o 1831 en Inglaterra<\/strong>. La historia que la propia Mary nos describa estar\u00e1 cargada de detalles para recrearnos una \u00e9poca ya pasada, pero sucumbiremos en su propia forma de ver la vida. Una \u00e9poca complicada para las mujeres, tanto o m\u00e1s si adem\u00e1s ten\u00edan las caracter\u00edsticas de nuestra protagonista, porque tener el pelo blanco no ser\u00e1 lo \u00fanico que <strong>nos sorprenda de esta joven<\/strong>.<\/p>\n","protected":false},"excerpt":{"rendered":"<p>En ocasiones os hablamos de rarezas literarias por nos gusta que os pod\u00e1is acercar a otro tipo de literatura que muchas veces pensamos est\u00e1 reservada para unos pocos. Quiz\u00e1s el libro Del color de la leche se encuentre a medio camino entre la literatura convencional y esta idea de la literatura reservada para unos pocos [&hellip;]<\/p>\n","protected":false},"author":2,"featured_media":0,"comment_status":"open","ping_status":"open","sticky":false,"template":"","format":"standard","meta":{"tdm_status":"","tdm_grid_status":""},"categories":[165],"tags":[1906,1909,1908,1907],"yoast_head":"<!-- This site is optimized with the Yoast SEO plugin v17.2 - https:\/\/yoast.com\/wordpress\/plugins\/seo\/ -->\n<meta name=\"robots\" content=\"index, follow, max-snippet:-1, max-image-preview:large, max-video-preview:-1\" \/>\n<link rel=\"canonical\" href=\"https:\/\/www.imosver.com\/blog\/del-color-de-la-leche-un-libro-al-que-adaptarse\/\" \/>\n<meta property=\"og:locale\" content=\"es_ES\" \/>\n<meta property=\"og:type\" content=\"article\" \/>\n<meta property=\"og:title\" content=\"Del color de la leche, un libro al que adaptarse - Blog imosver\" \/>\n<meta property=\"og:description\" content=\"En ocasiones os hablamos de rarezas literarias por nos gusta que os pod\u00e1is acercar a otro tipo de literatura que muchas veces pensamos est\u00e1 reservada para unos pocos. Quiz\u00e1s el libro Del color de la leche se encuentre a medio camino entre la literatura convencional y esta idea de la literatura reservada para unos pocos [&hellip;]\" \/>\n<meta property=\"og:url\" content=\"https:\/\/www.imosver.com\/blog\/del-color-de-la-leche-un-libro-al-que-adaptarse\/\" \/>\n<meta property=\"og:site_name\" content=\"Blog imosver\" \/>\n<meta property=\"article:publisher\" content=\"https:\/\/www.facebook.com\/imosver\" \/>\n<meta property=\"article:published_time\" content=\"2016-08-31T05:27:24+00:00\" \/>\n<meta property=\"article:modified_time\" content=\"2021-04-07T14:14:07+00:00\" \/>\n<meta property=\"og:image\" content=\"https:\/\/www.imosver.com\/blog\/wp-content\/uploads\/2016\/08\/Del-color-de-la-leche.jpg\" \/>\n<meta name=\"twitter:card\" content=\"summary_large_image\" \/>\n<meta name=\"twitter:creator\" content=\"@Imosver\" \/>\n<meta name=\"twitter:site\" content=\"@Imosver\" \/>\n<meta name=\"twitter:label1\" content=\"Escrito por\" \/>\n\t<meta name=\"twitter:data1\" content=\"Imosver\" \/>\n\t<meta name=\"twitter:label2\" content=\"Tiempo de lectura\" \/>\n\t<meta name=\"twitter:data2\" content=\"2 minutos\" \/>\n<script type=\"application\/ld+json\" class=\"yoast-schema-graph\">{\"@context\":\"https:\/\/schema.org\",\"@graph\":[{\"@type\":\"Organization\",\"@id\":\"https:\/\/www.imosver.com\/blog\/#organization\",\"name\":\"Imosver\",\"url\":\"https:\/\/www.imosver.com\/blog\/\",\"sameAs\":[\"https:\/\/www.facebook.com\/imosver\",\"https:\/\/www.instagram.com\/imosver\/\",\"https:\/\/www.linkedin.com\/company\/3086458\/admin\/\",\"https:\/\/www.pinterest.es\/imosver\/\",\"https:\/\/twitter.com\/Imosver\"],\"logo\":{\"@type\":\"ImageObject\",\"@id\":\"https:\/\/www.imosver.com\/blog\/#logo\",\"inLanguage\":\"es\",\"url\":\"https:\/\/www.imosver.com\/blog\/wp-content\/uploads\/2026\/01\/logo.png\",\"contentUrl\":\"https:\/\/www.imosver.com\/blog\/wp-content\/uploads\/2026\/01\/logo.png\",\"width\":523,\"height\":120,\"caption\":\"Imosver\"},\"image\":{\"@id\":\"https:\/\/www.imosver.com\/blog\/#logo\"}},{\"@type\":\"WebSite\",\"@id\":\"https:\/\/www.imosver.com\/blog\/#website\",\"url\":\"https:\/\/www.imosver.com\/blog\/\",\"name\":\"Blog imosver\",\"description\":\"Blog Imosver\",\"publisher\":{\"@id\":\"https:\/\/www.imosver.com\/blog\/#organization\"},\"potentialAction\":[{\"@type\":\"SearchAction\",\"target\":{\"@type\":\"EntryPoint\",\"urlTemplate\":\"https:\/\/www.imosver.com\/blog\/?s={search_term_string}\"},\"query-input\":\"required name=search_term_string\"}],\"inLanguage\":\"es\"},{\"@type\":\"ImageObject\",\"@id\":\"https:\/\/www.imosver.com\/blog\/del-color-de-la-leche-un-libro-al-que-adaptarse\/#primaryimage\",\"inLanguage\":\"es\",\"url\":\"https:\/\/www.imosver.com\/blog\/wp-content\/uploads\/2016\/08\/Del-color-de-la-leche.jpg\",\"contentUrl\":\"https:\/\/www.imosver.com\/blog\/wp-content\/uploads\/2016\/08\/Del-color-de-la-leche.jpg\",\"width\":\"200\",\"height\":\"300\"},{\"@type\":\"WebPage\",\"@id\":\"https:\/\/www.imosver.com\/blog\/del-color-de-la-leche-un-libro-al-que-adaptarse\/#webpage\",\"url\":\"https:\/\/www.imosver.com\/blog\/del-color-de-la-leche-un-libro-al-que-adaptarse\/\",\"name\":\"Del color de la leche, un libro al que adaptarse - Blog imosver\",\"isPartOf\":{\"@id\":\"https:\/\/www.imosver.com\/blog\/#website\"},\"primaryImageOfPage\":{\"@id\":\"https:\/\/www.imosver.com\/blog\/del-color-de-la-leche-un-libro-al-que-adaptarse\/#primaryimage\"},\"datePublished\":\"2016-08-31T05:27:24+00:00\",\"dateModified\":\"2021-04-07T14:14:07+00:00\",\"breadcrumb\":{\"@id\":\"https:\/\/www.imosver.com\/blog\/del-color-de-la-leche-un-libro-al-que-adaptarse\/#breadcrumb\"},\"inLanguage\":\"es\",\"potentialAction\":[{\"@type\":\"ReadAction\",\"target\":[\"https:\/\/www.imosver.com\/blog\/del-color-de-la-leche-un-libro-al-que-adaptarse\/\"]}]},{\"@type\":\"BreadcrumbList\",\"@id\":\"https:\/\/www.imosver.com\/blog\/del-color-de-la-leche-un-libro-al-que-adaptarse\/#breadcrumb\",\"itemListElement\":[{\"@type\":\"ListItem\",\"position\":1,\"name\":\"Portada\",\"item\":\"https:\/\/www.imosver.com\/blog\/\"},{\"@type\":\"ListItem\",\"position\":2,\"name\":\"Del color de la leche, un libro al que adaptarse\"}]},{\"@type\":\"Article\",\"@id\":\"https:\/\/www.imosver.com\/blog\/del-color-de-la-leche-un-libro-al-que-adaptarse\/#article\",\"isPartOf\":{\"@id\":\"https:\/\/www.imosver.com\/blog\/del-color-de-la-leche-un-libro-al-que-adaptarse\/#webpage\"},\"author\":{\"@id\":\"https:\/\/www.imosver.com\/blog\/#\/schema\/person\/4894cc3afc687758ce752d7938e0519d\"},\"headline\":\"Del color de la leche, un libro al que adaptarse\",\"datePublished\":\"2016-08-31T05:27:24+00:00\",\"dateModified\":\"2021-04-07T14:14:07+00:00\",\"mainEntityOfPage\":{\"@id\":\"https:\/\/www.imosver.com\/blog\/del-color-de-la-leche-un-libro-al-que-adaptarse\/#webpage\"},\"wordCount\":361,\"commentCount\":0,\"publisher\":{\"@id\":\"https:\/\/www.imosver.com\/blog\/#organization\"},\"image\":{\"@id\":\"https:\/\/www.imosver.com\/blog\/del-color-de-la-leche-un-libro-al-que-adaptarse\/#primaryimage\"},\"thumbnailUrl\":\"https:\/\/www.imosver.com\/blog\/wp-content\/uploads\/2016\/08\/Del-color-de-la-leche.jpg\",\"keywords\":[\"Del color de la leche\",\"Inglaterra\",\"joven protagonista\",\"novela peculiar\"],\"articleSection\":[\"Actualidad\"],\"inLanguage\":\"es\",\"potentialAction\":[{\"@type\":\"CommentAction\",\"name\":\"Comment\",\"target\":[\"https:\/\/www.imosver.com\/blog\/del-color-de-la-leche-un-libro-al-que-adaptarse\/#respond\"]}]},{\"@type\":\"Person\",\"@id\":\"https:\/\/www.imosver.com\/blog\/#\/schema\/person\/4894cc3afc687758ce752d7938e0519d\",\"name\":\"Imosver\",\"image\":{\"@type\":\"ImageObject\",\"@id\":\"https:\/\/www.imosver.com\/blog\/#personlogo\",\"inLanguage\":\"es\",\"url\":\"https:\/\/secure.gravatar.com\/avatar\/00c6911b29e428161a36327744b2bc61?s=96&r=g\",\"contentUrl\":\"https:\/\/secure.gravatar.com\/avatar\/00c6911b29e428161a36327744b2bc61?s=96&r=g\",\"caption\":\"Imosver\"},\"url\":\"https:\/\/www.imosver.com\/blog\/author\/imosver\/\"}]}<\/script>\n<!-- \/ Yoast SEO plugin. -->","yoast_head_json":{"robots":{"index":"index","follow":"follow","max-snippet":"max-snippet:-1","max-image-preview":"max-image-preview:large","max-video-preview":"max-video-preview:-1"},"canonical":"https:\/\/www.imosver.com\/blog\/del-color-de-la-leche-un-libro-al-que-adaptarse\/","og_locale":"es_ES","og_type":"article","og_title":"Del color de la leche, un libro al que adaptarse - Blog imosver","og_description":"En ocasiones os hablamos de rarezas literarias por nos gusta que os pod\u00e1is acercar a otro tipo de literatura que muchas veces pensamos est\u00e1 reservada para unos pocos. Quiz\u00e1s el libro Del color de la leche se encuentre a medio camino entre la literatura convencional y esta idea de la literatura reservada para unos pocos [&hellip;]","og_url":"https:\/\/www.imosver.com\/blog\/del-color-de-la-leche-un-libro-al-que-adaptarse\/","og_site_name":"Blog imosver","article_publisher":"https:\/\/www.facebook.com\/imosver","article_published_time":"2016-08-31T05:27:24+00:00","article_modified_time":"2021-04-07T14:14:07+00:00","og_image":[{"url":"https:\/\/www.imosver.com\/blog\/wp-content\/uploads\/2016\/08\/Del-color-de-la-leche.jpg"}],"twitter_card":"summary_large_image","twitter_creator":"@Imosver","twitter_site":"@Imosver","twitter_misc":{"Escrito por":"Imosver","Tiempo de lectura":"2 minutos"},"schema":{"@context":"https:\/\/schema.org","@graph":[{"@type":"Organization","@id":"https:\/\/www.imosver.com\/blog\/#organization","name":"Imosver","url":"https:\/\/www.imosver.com\/blog\/","sameAs":["https:\/\/www.facebook.com\/imosver","https:\/\/www.instagram.com\/imosver\/","https:\/\/www.linkedin.com\/company\/3086458\/admin\/","https:\/\/www.pinterest.es\/imosver\/","https:\/\/twitter.com\/Imosver"],"logo":{"@type":"ImageObject","@id":"https:\/\/www.imosver.com\/blog\/#logo","inLanguage":"es","url":"https:\/\/www.imosver.com\/blog\/wp-content\/uploads\/2026\/01\/logo.png","contentUrl":"https:\/\/www.imosver.com\/blog\/wp-content\/uploads\/2026\/01\/logo.png","width":523,"height":120,"caption":"Imosver"},"image":{"@id":"https:\/\/www.imosver.com\/blog\/#logo"}},{"@type":"WebSite","@id":"https:\/\/www.imosver.com\/blog\/#website","url":"https:\/\/www.imosver.com\/blog\/","name":"Blog imosver","description":"Blog Imosver","publisher":{"@id":"https:\/\/www.imosver.com\/blog\/#organization"},"potentialAction":[{"@type":"SearchAction","target":{"@type":"EntryPoint","urlTemplate":"https:\/\/www.imosver.com\/blog\/?s={search_term_string}"},"query-input":"required name=search_term_string"}],"inLanguage":"es"},{"@type":"ImageObject","@id":"https:\/\/www.imosver.com\/blog\/del-color-de-la-leche-un-libro-al-que-adaptarse\/#primaryimage","inLanguage":"es","url":"https:\/\/www.imosver.com\/blog\/wp-content\/uploads\/2016\/08\/Del-color-de-la-leche.jpg","contentUrl":"https:\/\/www.imosver.com\/blog\/wp-content\/uploads\/2016\/08\/Del-color-de-la-leche.jpg","width":"200","height":"300"},{"@type":"WebPage","@id":"https:\/\/www.imosver.com\/blog\/del-color-de-la-leche-un-libro-al-que-adaptarse\/#webpage","url":"https:\/\/www.imosver.com\/blog\/del-color-de-la-leche-un-libro-al-que-adaptarse\/","name":"Del color de la leche, un libro al que adaptarse - Blog imosver","isPartOf":{"@id":"https:\/\/www.imosver.com\/blog\/#website"},"primaryImageOfPage":{"@id":"https:\/\/www.imosver.com\/blog\/del-color-de-la-leche-un-libro-al-que-adaptarse\/#primaryimage"},"datePublished":"2016-08-31T05:27:24+00:00","dateModified":"2021-04-07T14:14:07+00:00","breadcrumb":{"@id":"https:\/\/www.imosver.com\/blog\/del-color-de-la-leche-un-libro-al-que-adaptarse\/#breadcrumb"},"inLanguage":"es","potentialAction":[{"@type":"ReadAction","target":["https:\/\/www.imosver.com\/blog\/del-color-de-la-leche-un-libro-al-que-adaptarse\/"]}]},{"@type":"BreadcrumbList","@id":"https:\/\/www.imosver.com\/blog\/del-color-de-la-leche-un-libro-al-que-adaptarse\/#breadcrumb","itemListElement":[{"@type":"ListItem","position":1,"name":"Portada","item":"https:\/\/www.imosver.com\/blog\/"},{"@type":"ListItem","position":2,"name":"Del color de la leche, un libro al que adaptarse"}]},{"@type":"Article","@id":"https:\/\/www.imosver.com\/blog\/del-color-de-la-leche-un-libro-al-que-adaptarse\/#article","isPartOf":{"@id":"https:\/\/www.imosver.com\/blog\/del-color-de-la-leche-un-libro-al-que-adaptarse\/#webpage"},"author":{"@id":"https:\/\/www.imosver.com\/blog\/#\/schema\/person\/4894cc3afc687758ce752d7938e0519d"},"headline":"Del color de la leche, un libro al que adaptarse","datePublished":"2016-08-31T05:27:24+00:00","dateModified":"2021-04-07T14:14:07+00:00","mainEntityOfPage":{"@id":"https:\/\/www.imosver.com\/blog\/del-color-de-la-leche-un-libro-al-que-adaptarse\/#webpage"},"wordCount":361,"commentCount":0,"publisher":{"@id":"https:\/\/www.imosver.com\/blog\/#organization"},"image":{"@id":"https:\/\/www.imosver.com\/blog\/del-color-de-la-leche-un-libro-al-que-adaptarse\/#primaryimage"},"thumbnailUrl":"https:\/\/www.imosver.com\/blog\/wp-content\/uploads\/2016\/08\/Del-color-de-la-leche.jpg","keywords":["Del color de la leche","Inglaterra","joven protagonista","novela peculiar"],"articleSection":["Actualidad"],"inLanguage":"es","potentialAction":[{"@type":"CommentAction","name":"Comment","target":["https:\/\/www.imosver.com\/blog\/del-color-de-la-leche-un-libro-al-que-adaptarse\/#respond"]}]},{"@type":"Person","@id":"https:\/\/www.imosver.com\/blog\/#\/schema\/person\/4894cc3afc687758ce752d7938e0519d","name":"Imosver","image":{"@type":"ImageObject","@id":"https:\/\/www.imosver.com\/blog\/#personlogo","inLanguage":"es","url":"https:\/\/secure.gravatar.com\/avatar\/00c6911b29e428161a36327744b2bc61?s=96&r=g","contentUrl":"https:\/\/secure.gravatar.com\/avatar\/00c6911b29e428161a36327744b2bc61?s=96&r=g","caption":"Imosver"},"url":"https:\/\/www.imosver.com\/blog\/author\/imosver\/"}]}},"_links":{"self":[{"href":"https:\/\/www.imosver.com\/blog\/wp-json\/wp\/v2\/posts\/4199"}],"collection":[{"href":"https:\/\/www.imosver.com\/blog\/wp-json\/wp\/v2\/posts"}],"about":[{"href":"https:\/\/www.imosver.com\/blog\/wp-json\/wp\/v2\/types\/post"}],"author":[{"embeddable":true,"href":"https:\/\/www.imosver.com\/blog\/wp-json\/wp\/v2\/users\/2"}],"replies":[{"embeddable":true,"href":"https:\/\/www.imosver.com\/blog\/wp-json\/wp\/v2\/comments?post=4199"}],"version-history":[{"count":2,"href":"https:\/\/www.imosver.com\/blog\/wp-json\/wp\/v2\/posts\/4199\/revisions"}],"predecessor-version":[{"id":4202,"href":"https:\/\/www.imosver.com\/blog\/wp-json\/wp\/v2\/posts\/4199\/revisions\/4202"}],"wp:attachment":[{"href":"https:\/\/www.imosver.com\/blog\/wp-json\/wp\/v2\/media?parent=4199"}],"wp:term":[{"taxonomy":"category","embeddable":true,"href":"https:\/\/www.imosver.com\/blog\/wp-json\/wp\/v2\/categories?post=4199"},{"taxonomy":"post_tag","embeddable":true,"href":"https:\/\/www.imosver.com\/blog\/wp-json\/wp\/v2\/tags?post=4199"}],"curies":[{"name":"wp","href":"https:\/\/api.w.org\/{rel}","templated":true}]}}