{"id":4257,"date":"2016-09-26T07:27:51","date_gmt":"2016-09-26T05:27:51","guid":{"rendered":"https:\/\/www.imosver.com\/blog\/?p=4257"},"modified":"2021-04-07T15:33:10","modified_gmt":"2021-04-07T13:33:10","slug":"1-2-3-respira","status":"publish","type":"post","link":"https:\/\/www.imosver.com\/blog\/1-2-3-respira\/","title":{"rendered":"1, 2, 3, \u00a1Respira!"},"content":{"rendered":"<p style=\"text-align: justify;\"><a href=\"https:\/\/www.imosver.com\/blog\/wp-content\/uploads\/2016\/09\/1-2-3-respira.jpg\"><img loading=\"lazy\" class=\"alignleft size-medium wp-image-4258\" title=\"1, 2, 3, respira\" src=\"https:\/\/www.imosver.com\/blog\/wp-content\/uploads\/2016\/09\/1-2-3-respira-200x300.jpg\" alt=\"\" width=\"200\" height=\"300\" srcset=\"https:\/\/www.imosver.com\/blog\/wp-content\/uploads\/2016\/09\/1-2-3-respira-200x300.jpg 200w, https:\/\/www.imosver.com\/blog\/wp-content\/uploads\/2016\/09\/1-2-3-respira-199x300.jpg 199w, https:\/\/www.imosver.com\/blog\/wp-content\/uploads\/2016\/09\/1-2-3-respira.jpg 333w\" sizes=\"(max-width: 200px) 100vw, 200px\" \/><\/a>El oto\u00f1o viene cargado de <strong>novedades literarias<\/strong>, de las que nos gustan para disfrutar de la lectura pero tambi\u00e9n de las gu\u00edas que nos consiguen ayudar a calmar los nervios de los adultos y de los m\u00e1s peque\u00f1os. Hoy os queremos recomendar una de las <strong>novedades en gu\u00edas y libros de consejos<\/strong>, <strong><a href=\"https:\/\/www.imosver.com\/es\/libro\/1-2-3-respira_BIT0024211\">1, 2, 3, \u00a1Respira!<\/a><\/strong> Para no dejarnos llevar por el estr\u00e9s y saber canalizar nuestra energ\u00eda.<\/p>\n<p style=\"text-align: justify;\">En ocasiones tenemos que aceptarlo, no s\u00f3lo nuestros <strong>hijos sufren pataletas<\/strong>, sino que nosotros mismos somos presa de nuestro estr\u00e9s y nos dejamos llevar por esa energ\u00eda negativa. De ah\u00ed que para prevenir las pataletas y para <strong>trabajar el mindfulness<\/strong> no solo haya consejos para nuestros hijos y sobrinos, sino tambi\u00e9n para nosotros mismos. En <strong><a href=\"https:\/\/www.imosver.com\/es\/libro\/1-2-3-respira_BIT0024211\">1, 2, 3, \u00a1Respira!<\/a><\/strong> Encontrar\u00e1s todo eso pero adem\u00e1s, una manera revolucionaria de afrontar nuestra paternidad y maternidad.<\/p>\n<p style=\"text-align: justify;\"><strong><a href=\"https:\/\/www.imosver.com\/es\/libro\/1-2-3-respira_BIT0024211\">1, 2, 3 \u00a1Respira!<\/a><\/strong> Es una <strong>gu\u00eda pr\u00e1ctica de consejos<\/strong> para calmar a nuestros hijos en momentos de tensi\u00f3n pero adem\u00e1s para calmarnos a nosotros mismo. A la hora de abordar estas situaciones hemos de ser conscientes que los m\u00e1s peque\u00f1os est\u00e1n aprendiendo a gestionar sus emociones, por lo que no pueden saber en todo momento c\u00f3mo reaccionar, pero y los adultos \u00bfsabemos ya con nuestra edad gestionar esas emociones?<\/p>\n<p style=\"text-align: justify;\">En los momentos dif\u00edciles resulta realmente importante el saber respirar, el pararnos un momento y darnos cuenta de d\u00f3nde nos encontramos. En el libro de <strong><a href=\"https:\/\/www.imosver.com\/es\/libro\/1-2-3-respira_BIT0024211\">1, 2, 3, \u00a1Respira!<\/a><\/strong> descubriremos juegos para gestionar las emociones dif\u00edciles con nuestros hijos e incluso para trabajar la atenci\u00f3n. Adem\u00e1s, las <strong>t\u00e9cnicas de mindfulness<\/strong> son muy eficaces en ciertos momentos, por lo que saber emplearlas y conocer sus beneficios nos ahorrar\u00e1 m\u00e1s de un disgusto.<\/p>\n<p style=\"text-align: justify;\">Sin duda, <strong><a href=\"https:\/\/www.imosver.com\/es\/libro\/1-2-3-respira_BIT0024211\">1, 2, 3 \u00a1Respira!<\/a><\/strong> se convierte en un <strong>regalo para los padres<\/strong> m\u00e1s estresados, pero indirectamente en un regalo tambi\u00e9n para los m\u00e1s peque\u00f1os de la casa, porque a trav\u00e9s del conocimiento y la propia concienciaci\u00f3n podemos resolver muchos conflictos interiores de nuestros hijos y conflictos con nosotros como padres y \u201cdue\u00f1os del control\u201d.<\/p>\n","protected":false},"excerpt":{"rendered":"<p>El oto\u00f1o viene cargado de novedades literarias, de las que nos gustan para disfrutar de la lectura pero tambi\u00e9n de las gu\u00edas que nos consiguen ayudar a calmar los nervios de los adultos y de los m\u00e1s peque\u00f1os. Hoy os queremos recomendar una de las novedades en gu\u00edas y libros de consejos, 1, 2, 3, [&hellip;]<\/p>\n","protected":false},"author":2,"featured_media":0,"comment_status":"open","ping_status":"open","sticky":false,"template":"","format":"standard","meta":{"tdm_status":"","tdm_grid_status":""},"categories":[2858],"tags":[1964,1963,1962,1965],"yoast_head":"<!-- This site is optimized with the Yoast SEO plugin v17.2 - https:\/\/yoast.com\/wordpress\/plugins\/seo\/ -->\n<meta name=\"robots\" content=\"index, follow, max-snippet:-1, max-image-preview:large, max-video-preview:-1\" \/>\n<link rel=\"canonical\" href=\"https:\/\/www.imosver.com\/blog\/1-2-3-respira\/\" \/>\n<meta property=\"og:locale\" content=\"es_ES\" \/>\n<meta property=\"og:type\" content=\"article\" \/>\n<meta property=\"og:title\" content=\"1, 2, 3, \u00a1Respira! - Blog imosver\" \/>\n<meta property=\"og:description\" content=\"El oto\u00f1o viene cargado de novedades literarias, de las que nos gustan para disfrutar de la lectura pero tambi\u00e9n de las gu\u00edas que nos consiguen ayudar a calmar los nervios de los adultos y de los m\u00e1s peque\u00f1os. Hoy os queremos recomendar una de las novedades en gu\u00edas y libros de consejos, 1, 2, 3, [&hellip;]\" \/>\n<meta property=\"og:url\" content=\"https:\/\/www.imosver.com\/blog\/1-2-3-respira\/\" \/>\n<meta property=\"og:site_name\" content=\"Blog imosver\" \/>\n<meta property=\"article:publisher\" content=\"https:\/\/www.facebook.com\/imosver\" \/>\n<meta property=\"article:published_time\" content=\"2016-09-26T05:27:51+00:00\" \/>\n<meta property=\"article:modified_time\" content=\"2021-04-07T13:33:10+00:00\" \/>\n<meta property=\"og:image\" content=\"https:\/\/www.imosver.com\/blog\/wp-content\/uploads\/2016\/09\/1-2-3-respira-200x300.jpg\" \/>\n<meta name=\"twitter:card\" content=\"summary_large_image\" \/>\n<meta name=\"twitter:creator\" content=\"@Imosver\" \/>\n<meta name=\"twitter:site\" content=\"@Imosver\" \/>\n<meta name=\"twitter:label1\" content=\"Escrito por\" \/>\n\t<meta name=\"twitter:data1\" content=\"Imosver\" \/>\n\t<meta name=\"twitter:label2\" content=\"Tiempo de lectura\" \/>\n\t<meta name=\"twitter:data2\" content=\"2 minutos\" \/>\n<script type=\"application\/ld+json\" class=\"yoast-schema-graph\">{\"@context\":\"https:\/\/schema.org\",\"@graph\":[{\"@type\":\"Organization\",\"@id\":\"https:\/\/www.imosver.com\/blog\/#organization\",\"name\":\"Imosver\",\"url\":\"https:\/\/www.imosver.com\/blog\/\",\"sameAs\":[\"https:\/\/www.facebook.com\/imosver\",\"https:\/\/www.instagram.com\/imosver\/\",\"https:\/\/www.linkedin.com\/company\/3086458\/admin\/\",\"https:\/\/www.pinterest.es\/imosver\/\",\"https:\/\/twitter.com\/Imosver\"],\"logo\":{\"@type\":\"ImageObject\",\"@id\":\"https:\/\/www.imosver.com\/blog\/#logo\",\"inLanguage\":\"es\",\"url\":\"https:\/\/www.imosver.com\/blog\/wp-content\/uploads\/2026\/01\/logo.png\",\"contentUrl\":\"https:\/\/www.imosver.com\/blog\/wp-content\/uploads\/2026\/01\/logo.png\",\"width\":523,\"height\":120,\"caption\":\"Imosver\"},\"image\":{\"@id\":\"https:\/\/www.imosver.com\/blog\/#logo\"}},{\"@type\":\"WebSite\",\"@id\":\"https:\/\/www.imosver.com\/blog\/#website\",\"url\":\"https:\/\/www.imosver.com\/blog\/\",\"name\":\"Blog imosver\",\"description\":\"Blog Imosver\",\"publisher\":{\"@id\":\"https:\/\/www.imosver.com\/blog\/#organization\"},\"potentialAction\":[{\"@type\":\"SearchAction\",\"target\":{\"@type\":\"EntryPoint\",\"urlTemplate\":\"https:\/\/www.imosver.com\/blog\/?s={search_term_string}\"},\"query-input\":\"required name=search_term_string\"}],\"inLanguage\":\"es\"},{\"@type\":\"ImageObject\",\"@id\":\"https:\/\/www.imosver.com\/blog\/1-2-3-respira\/#primaryimage\",\"inLanguage\":\"es\",\"url\":\"https:\/\/www.imosver.com\/blog\/wp-content\/uploads\/2016\/09\/1-2-3-respira.jpg\",\"contentUrl\":\"https:\/\/www.imosver.com\/blog\/wp-content\/uploads\/2016\/09\/1-2-3-respira.jpg\",\"width\":\"333\",\"height\":\"500\"},{\"@type\":\"WebPage\",\"@id\":\"https:\/\/www.imosver.com\/blog\/1-2-3-respira\/#webpage\",\"url\":\"https:\/\/www.imosver.com\/blog\/1-2-3-respira\/\",\"name\":\"1, 2, 3, \\u00a1Respira! - Blog imosver\",\"isPartOf\":{\"@id\":\"https:\/\/www.imosver.com\/blog\/#website\"},\"primaryImageOfPage\":{\"@id\":\"https:\/\/www.imosver.com\/blog\/1-2-3-respira\/#primaryimage\"},\"datePublished\":\"2016-09-26T05:27:51+00:00\",\"dateModified\":\"2021-04-07T13:33:10+00:00\",\"breadcrumb\":{\"@id\":\"https:\/\/www.imosver.com\/blog\/1-2-3-respira\/#breadcrumb\"},\"inLanguage\":\"es\",\"potentialAction\":[{\"@type\":\"ReadAction\",\"target\":[\"https:\/\/www.imosver.com\/blog\/1-2-3-respira\/\"]}]},{\"@type\":\"BreadcrumbList\",\"@id\":\"https:\/\/www.imosver.com\/blog\/1-2-3-respira\/#breadcrumb\",\"itemListElement\":[{\"@type\":\"ListItem\",\"position\":1,\"name\":\"Portada\",\"item\":\"https:\/\/www.imosver.com\/blog\/\"},{\"@type\":\"ListItem\",\"position\":2,\"name\":\"1, 2, 3, \\u00a1Respira!\"}]},{\"@type\":\"Article\",\"@id\":\"https:\/\/www.imosver.com\/blog\/1-2-3-respira\/#article\",\"isPartOf\":{\"@id\":\"https:\/\/www.imosver.com\/blog\/1-2-3-respira\/#webpage\"},\"author\":{\"@id\":\"https:\/\/www.imosver.com\/blog\/#\/schema\/person\/4894cc3afc687758ce752d7938e0519d\"},\"headline\":\"1, 2, 3, \\u00a1Respira!\",\"datePublished\":\"2016-09-26T05:27:51+00:00\",\"dateModified\":\"2021-04-07T13:33:10+00:00\",\"mainEntityOfPage\":{\"@id\":\"https:\/\/www.imosver.com\/blog\/1-2-3-respira\/#webpage\"},\"wordCount\":360,\"commentCount\":0,\"publisher\":{\"@id\":\"https:\/\/www.imosver.com\/blog\/#organization\"},\"image\":{\"@id\":\"https:\/\/www.imosver.com\/blog\/1-2-3-respira\/#primaryimage\"},\"thumbnailUrl\":\"https:\/\/www.imosver.com\/blog\/wp-content\/uploads\/2016\/09\/1-2-3-respira-200x300.jpg\",\"keywords\":[\"canalizar las emociones\",\"gu\\u00edas para los hijos\",\"gu\\u00edas y consejos\",\"mindfulness\"],\"articleSection\":[\"Juvenil\"],\"inLanguage\":\"es\",\"potentialAction\":[{\"@type\":\"CommentAction\",\"name\":\"Comment\",\"target\":[\"https:\/\/www.imosver.com\/blog\/1-2-3-respira\/#respond\"]}]},{\"@type\":\"Person\",\"@id\":\"https:\/\/www.imosver.com\/blog\/#\/schema\/person\/4894cc3afc687758ce752d7938e0519d\",\"name\":\"Imosver\",\"image\":{\"@type\":\"ImageObject\",\"@id\":\"https:\/\/www.imosver.com\/blog\/#personlogo\",\"inLanguage\":\"es\",\"url\":\"https:\/\/secure.gravatar.com\/avatar\/00c6911b29e428161a36327744b2bc61?s=96&r=g\",\"contentUrl\":\"https:\/\/secure.gravatar.com\/avatar\/00c6911b29e428161a36327744b2bc61?s=96&r=g\",\"caption\":\"Imosver\"},\"url\":\"https:\/\/www.imosver.com\/blog\/author\/imosver\/\"}]}<\/script>\n<!-- \/ Yoast SEO plugin. -->","yoast_head_json":{"robots":{"index":"index","follow":"follow","max-snippet":"max-snippet:-1","max-image-preview":"max-image-preview:large","max-video-preview":"max-video-preview:-1"},"canonical":"https:\/\/www.imosver.com\/blog\/1-2-3-respira\/","og_locale":"es_ES","og_type":"article","og_title":"1, 2, 3, \u00a1Respira! - Blog imosver","og_description":"El oto\u00f1o viene cargado de novedades literarias, de las que nos gustan para disfrutar de la lectura pero tambi\u00e9n de las gu\u00edas que nos consiguen ayudar a calmar los nervios de los adultos y de los m\u00e1s peque\u00f1os. Hoy os queremos recomendar una de las novedades en gu\u00edas y libros de consejos, 1, 2, 3, [&hellip;]","og_url":"https:\/\/www.imosver.com\/blog\/1-2-3-respira\/","og_site_name":"Blog imosver","article_publisher":"https:\/\/www.facebook.com\/imosver","article_published_time":"2016-09-26T05:27:51+00:00","article_modified_time":"2021-04-07T13:33:10+00:00","og_image":[{"url":"https:\/\/www.imosver.com\/blog\/wp-content\/uploads\/2016\/09\/1-2-3-respira-200x300.jpg"}],"twitter_card":"summary_large_image","twitter_creator":"@Imosver","twitter_site":"@Imosver","twitter_misc":{"Escrito por":"Imosver","Tiempo de lectura":"2 minutos"},"schema":{"@context":"https:\/\/schema.org","@graph":[{"@type":"Organization","@id":"https:\/\/www.imosver.com\/blog\/#organization","name":"Imosver","url":"https:\/\/www.imosver.com\/blog\/","sameAs":["https:\/\/www.facebook.com\/imosver","https:\/\/www.instagram.com\/imosver\/","https:\/\/www.linkedin.com\/company\/3086458\/admin\/","https:\/\/www.pinterest.es\/imosver\/","https:\/\/twitter.com\/Imosver"],"logo":{"@type":"ImageObject","@id":"https:\/\/www.imosver.com\/blog\/#logo","inLanguage":"es","url":"https:\/\/www.imosver.com\/blog\/wp-content\/uploads\/2026\/01\/logo.png","contentUrl":"https:\/\/www.imosver.com\/blog\/wp-content\/uploads\/2026\/01\/logo.png","width":523,"height":120,"caption":"Imosver"},"image":{"@id":"https:\/\/www.imosver.com\/blog\/#logo"}},{"@type":"WebSite","@id":"https:\/\/www.imosver.com\/blog\/#website","url":"https:\/\/www.imosver.com\/blog\/","name":"Blog imosver","description":"Blog Imosver","publisher":{"@id":"https:\/\/www.imosver.com\/blog\/#organization"},"potentialAction":[{"@type":"SearchAction","target":{"@type":"EntryPoint","urlTemplate":"https:\/\/www.imosver.com\/blog\/?s={search_term_string}"},"query-input":"required name=search_term_string"}],"inLanguage":"es"},{"@type":"ImageObject","@id":"https:\/\/www.imosver.com\/blog\/1-2-3-respira\/#primaryimage","inLanguage":"es","url":"https:\/\/www.imosver.com\/blog\/wp-content\/uploads\/2016\/09\/1-2-3-respira.jpg","contentUrl":"https:\/\/www.imosver.com\/blog\/wp-content\/uploads\/2016\/09\/1-2-3-respira.jpg","width":"333","height":"500"},{"@type":"WebPage","@id":"https:\/\/www.imosver.com\/blog\/1-2-3-respira\/#webpage","url":"https:\/\/www.imosver.com\/blog\/1-2-3-respira\/","name":"1, 2, 3, \u00a1Respira! - Blog imosver","isPartOf":{"@id":"https:\/\/www.imosver.com\/blog\/#website"},"primaryImageOfPage":{"@id":"https:\/\/www.imosver.com\/blog\/1-2-3-respira\/#primaryimage"},"datePublished":"2016-09-26T05:27:51+00:00","dateModified":"2021-04-07T13:33:10+00:00","breadcrumb":{"@id":"https:\/\/www.imosver.com\/blog\/1-2-3-respira\/#breadcrumb"},"inLanguage":"es","potentialAction":[{"@type":"ReadAction","target":["https:\/\/www.imosver.com\/blog\/1-2-3-respira\/"]}]},{"@type":"BreadcrumbList","@id":"https:\/\/www.imosver.com\/blog\/1-2-3-respira\/#breadcrumb","itemListElement":[{"@type":"ListItem","position":1,"name":"Portada","item":"https:\/\/www.imosver.com\/blog\/"},{"@type":"ListItem","position":2,"name":"1, 2, 3, \u00a1Respira!"}]},{"@type":"Article","@id":"https:\/\/www.imosver.com\/blog\/1-2-3-respira\/#article","isPartOf":{"@id":"https:\/\/www.imosver.com\/blog\/1-2-3-respira\/#webpage"},"author":{"@id":"https:\/\/www.imosver.com\/blog\/#\/schema\/person\/4894cc3afc687758ce752d7938e0519d"},"headline":"1, 2, 3, \u00a1Respira!","datePublished":"2016-09-26T05:27:51+00:00","dateModified":"2021-04-07T13:33:10+00:00","mainEntityOfPage":{"@id":"https:\/\/www.imosver.com\/blog\/1-2-3-respira\/#webpage"},"wordCount":360,"commentCount":0,"publisher":{"@id":"https:\/\/www.imosver.com\/blog\/#organization"},"image":{"@id":"https:\/\/www.imosver.com\/blog\/1-2-3-respira\/#primaryimage"},"thumbnailUrl":"https:\/\/www.imosver.com\/blog\/wp-content\/uploads\/2016\/09\/1-2-3-respira-200x300.jpg","keywords":["canalizar las emociones","gu\u00edas para los hijos","gu\u00edas y consejos","mindfulness"],"articleSection":["Juvenil"],"inLanguage":"es","potentialAction":[{"@type":"CommentAction","name":"Comment","target":["https:\/\/www.imosver.com\/blog\/1-2-3-respira\/#respond"]}]},{"@type":"Person","@id":"https:\/\/www.imosver.com\/blog\/#\/schema\/person\/4894cc3afc687758ce752d7938e0519d","name":"Imosver","image":{"@type":"ImageObject","@id":"https:\/\/www.imosver.com\/blog\/#personlogo","inLanguage":"es","url":"https:\/\/secure.gravatar.com\/avatar\/00c6911b29e428161a36327744b2bc61?s=96&r=g","contentUrl":"https:\/\/secure.gravatar.com\/avatar\/00c6911b29e428161a36327744b2bc61?s=96&r=g","caption":"Imosver"},"url":"https:\/\/www.imosver.com\/blog\/author\/imosver\/"}]}},"_links":{"self":[{"href":"https:\/\/www.imosver.com\/blog\/wp-json\/wp\/v2\/posts\/4257"}],"collection":[{"href":"https:\/\/www.imosver.com\/blog\/wp-json\/wp\/v2\/posts"}],"about":[{"href":"https:\/\/www.imosver.com\/blog\/wp-json\/wp\/v2\/types\/post"}],"author":[{"embeddable":true,"href":"https:\/\/www.imosver.com\/blog\/wp-json\/wp\/v2\/users\/2"}],"replies":[{"embeddable":true,"href":"https:\/\/www.imosver.com\/blog\/wp-json\/wp\/v2\/comments?post=4257"}],"version-history":[{"count":1,"href":"https:\/\/www.imosver.com\/blog\/wp-json\/wp\/v2\/posts\/4257\/revisions"}],"predecessor-version":[{"id":4259,"href":"https:\/\/www.imosver.com\/blog\/wp-json\/wp\/v2\/posts\/4257\/revisions\/4259"}],"wp:attachment":[{"href":"https:\/\/www.imosver.com\/blog\/wp-json\/wp\/v2\/media?parent=4257"}],"wp:term":[{"taxonomy":"category","embeddable":true,"href":"https:\/\/www.imosver.com\/blog\/wp-json\/wp\/v2\/categories?post=4257"},{"taxonomy":"post_tag","embeddable":true,"href":"https:\/\/www.imosver.com\/blog\/wp-json\/wp\/v2\/tags?post=4257"}],"curies":[{"name":"wp","href":"https:\/\/api.w.org\/{rel}","templated":true}]}}