{"id":4356,"date":"2016-11-14T07:27:01","date_gmt":"2016-11-14T06:27:01","guid":{"rendered":"https:\/\/www.imosver.com\/blog\/?p=4356"},"modified":"2021-04-07T16:14:03","modified_gmt":"2021-04-07T14:14:03","slug":"sabes-que-es-lo-ultimo-de-paulo-coelho","status":"publish","type":"post","link":"https:\/\/www.imosver.com\/blog\/sabes-que-es-lo-ultimo-de-paulo-coelho\/","title":{"rendered":"\u00bfSabes que es lo \u00faltimo de Paulo Coelho?"},"content":{"rendered":"<p style=\"text-align: justify;\"><a href=\"https:\/\/www.imosver.com\/blog\/wp-content\/uploads\/2016\/11\/La-esp\u00eda.jpg\"><img loading=\"lazy\" class=\"alignleft size-medium wp-image-4357\" title=\"La esp\u00eda\" src=\"https:\/\/www.imosver.com\/blog\/wp-content\/uploads\/2016\/11\/La-esp\u00eda-197x300.jpg\" alt=\"\" width=\"197\" height=\"300\" srcset=\"https:\/\/www.imosver.com\/blog\/wp-content\/uploads\/2016\/11\/La-esp\u00eda-197x300.jpg 197w, https:\/\/www.imosver.com\/blog\/wp-content\/uploads\/2016\/11\/La-esp\u00eda.jpg 329w\" sizes=\"(max-width: 197px) 100vw, 197px\" \/><\/a>Saber que <strong>Paulo Coelho<\/strong> tiene un <strong>nuevo libro<\/strong> es una gran alegr\u00eda para muchos de nosotros. El pasado mes, Paulo Coelho presentaba su \u00faltima novela, <strong><a href=\"https:\/\/www.imosver.com\/es\/libro\/la-espia_0010130084\">La Esp\u00eda<\/a><\/strong>, y nosotros queremos celebrarlo coment\u00e1ndoos adem\u00e1s que ya es uno de los libros m\u00e1s vendidos en Espa\u00f1a.<\/p>\n<p style=\"text-align: justify;\">Muchos de nosotros conocemos a <strong>Paulo Coelho<\/strong> por novelas tan famosas como El Alquimista, <a href=\"https:\/\/www.imosver.com\/es\/busqueda\/detalle.php?codigo=0010006079&amp;utm_source=doofinder&amp;utm_medium=doofinder&amp;utm_campaign=doofinder\">Aleph<\/a>, <a href=\"https:\/\/www.imosver.com\/es\/busqueda\/detalle.php?codigo=0010036058&amp;utm_source=doofinder&amp;utm_medium=doofinder&amp;utm_campaign=doofinder\">El Peregrino de Compostela<\/a>, <a href=\"https:\/\/www.imosver.com\/es\/busqueda\/detalle.php?codigo=0010113585&amp;utm_source=doofinder&amp;utm_medium=doofinder&amp;utm_campaign=doofinder\">Brida<\/a> o <a href=\"https:\/\/www.imosver.com\/es\/busqueda\/detalle.php?codigo=0010027343&amp;utm_source=doofinder&amp;utm_medium=doofinder&amp;utm_campaign=doofinder\">La Bruja de Portobello<\/a>. Como vemos no se trata para nada de una obra escueta la de Paulo Coelho, por eso muchos hoy celebramos que un libro m\u00e1s se sume a la obra de Paulo Coelho, para poder disfrutar una vez m\u00e1s de la literatura con may\u00fasculas en La Esp\u00eda.<\/p>\n<p style=\"text-align: justify;\">Cuando pensamos en esp\u00edas a muchos de nosotros se nos vienen a la cabeza nombres de grandes esp\u00edas de la historia y precisamente la <strong>\u00faltima novela de Paulo Coelho<\/strong>, <strong><a href=\"https:\/\/www.imosver.com\/es\/libro\/la-espia_0010130084\">La Esp\u00eda<\/a><\/strong>, trata precisamente de una de las esp\u00edas m\u00e1s grandes de <strong>la historia de Mata Hari<\/strong>, la cual no solo es a d\u00eda de hoy uno de los grandes iconos de la \u00e9poca, sino que para muchos de nosotros es una desconocida puesto que su vida fue todo un misterio.<\/p>\n<p style=\"text-align: justify;\">Hablar de Mata Hari es hablar de una de las mujeres m\u00e1s fascinantes que pudo vivir en el siglo pasado. <strong>Paulo Coelho<\/strong> ha rescatado a Mata Hari para acerc\u00e1rnosla como pocas veces la hemos visto, desde Java, hasta Paris, pasando por el Berl\u00edn de la Primera Guerra mundial. A d\u00eda de hoy Mata Hari es toda una leyenda a d\u00eda de hoy, por su personalidad tan fuerte como la suya, atractiva, sensual pero a la vez contradictoria. Una mujer de las que cab\u00eda esperar cualquier cosa, pero que sin embargo llev\u00f3 siempre una vida en secreto.<\/p>\n<p style=\"text-align: justify;\">En <strong>la \u00faltima novela de Paulo Coelho,<\/strong> <strong><a href=\"https:\/\/www.imosver.com\/es\/libro\/la-espia_0010130084\">La Esp\u00eda<\/a><\/strong>, encontraremos representada la frase que Mata Hari llevaba por bandera, porque \u201cHasta los \u00e1rboles m\u00e1s altos proceden de semillas peque\u00f1as\u201d. Sin duda, volveremos a disfrutar con Paulo Coelho en <strong><a href=\"https:\/\/www.imosver.com\/es\/libro\/la-espia_0010130084\">La Esp\u00eda<\/a><\/strong>.<\/p>\n","protected":false},"excerpt":{"rendered":"<p>Saber que Paulo Coelho tiene un nuevo libro es una gran alegr\u00eda para muchos de nosotros. El pasado mes, Paulo Coelho presentaba su \u00faltima novela, La Esp\u00eda, y nosotros queremos celebrarlo coment\u00e1ndoos adem\u00e1s que ya es uno de los libros m\u00e1s vendidos en Espa\u00f1a. Muchos de nosotros conocemos a Paulo Coelho por novelas tan famosas [&hellip;]<\/p>\n","protected":false},"author":2,"featured_media":0,"comment_status":"open","ping_status":"open","sticky":false,"template":"","format":"standard","meta":{"tdm_status":"","tdm_grid_status":""},"categories":[165],"tags":[2062,442,2064,2063,2065,116],"yoast_head":"<!-- This site is optimized with the Yoast SEO plugin v17.2 - https:\/\/yoast.com\/wordpress\/plugins\/seo\/ -->\n<meta name=\"robots\" content=\"index, follow, max-snippet:-1, max-image-preview:large, max-video-preview:-1\" \/>\n<link rel=\"canonical\" href=\"https:\/\/www.imosver.com\/blog\/sabes-que-es-lo-ultimo-de-paulo-coelho\/\" \/>\n<meta property=\"og:locale\" content=\"es_ES\" \/>\n<meta property=\"og:type\" content=\"article\" \/>\n<meta property=\"og:title\" content=\"\u00bfSabes que es lo \u00faltimo de Paulo Coelho? - Blog imosver\" \/>\n<meta property=\"og:description\" content=\"Saber que Paulo Coelho tiene un nuevo libro es una gran alegr\u00eda para muchos de nosotros. El pasado mes, Paulo Coelho presentaba su \u00faltima novela, La Esp\u00eda, y nosotros queremos celebrarlo coment\u00e1ndoos adem\u00e1s que ya es uno de los libros m\u00e1s vendidos en Espa\u00f1a. Muchos de nosotros conocemos a Paulo Coelho por novelas tan famosas [&hellip;]\" \/>\n<meta property=\"og:url\" content=\"https:\/\/www.imosver.com\/blog\/sabes-que-es-lo-ultimo-de-paulo-coelho\/\" \/>\n<meta property=\"og:site_name\" content=\"Blog imosver\" \/>\n<meta property=\"article:publisher\" content=\"https:\/\/www.facebook.com\/imosver\" \/>\n<meta property=\"article:published_time\" content=\"2016-11-14T06:27:01+00:00\" \/>\n<meta property=\"article:modified_time\" content=\"2021-04-07T14:14:03+00:00\" \/>\n<meta property=\"og:image\" content=\"https:\/\/www.imosver.com\/blog\/wp-content\/uploads\/2016\/11\/La-esp\u00eda-197x300.jpg\" \/>\n<meta name=\"twitter:card\" content=\"summary_large_image\" \/>\n<meta name=\"twitter:creator\" content=\"@Imosver\" \/>\n<meta name=\"twitter:site\" content=\"@Imosver\" \/>\n<meta name=\"twitter:label1\" content=\"Escrito por\" \/>\n\t<meta name=\"twitter:data1\" content=\"Imosver\" \/>\n\t<meta name=\"twitter:label2\" content=\"Tiempo de lectura\" \/>\n\t<meta name=\"twitter:data2\" content=\"2 minutos\" \/>\n<script type=\"application\/ld+json\" class=\"yoast-schema-graph\">{\"@context\":\"https:\/\/schema.org\",\"@graph\":[{\"@type\":\"Organization\",\"@id\":\"https:\/\/www.imosver.com\/blog\/#organization\",\"name\":\"Imosver\",\"url\":\"https:\/\/www.imosver.com\/blog\/\",\"sameAs\":[\"https:\/\/www.facebook.com\/imosver\",\"https:\/\/www.instagram.com\/imosver\/\",\"https:\/\/www.linkedin.com\/company\/3086458\/admin\/\",\"https:\/\/www.pinterest.es\/imosver\/\",\"https:\/\/twitter.com\/Imosver\"],\"logo\":{\"@type\":\"ImageObject\",\"@id\":\"https:\/\/www.imosver.com\/blog\/#logo\",\"inLanguage\":\"es\",\"url\":\"https:\/\/www.imosver.com\/blog\/wp-content\/uploads\/2026\/01\/logo.png\",\"contentUrl\":\"https:\/\/www.imosver.com\/blog\/wp-content\/uploads\/2026\/01\/logo.png\",\"width\":523,\"height\":120,\"caption\":\"Imosver\"},\"image\":{\"@id\":\"https:\/\/www.imosver.com\/blog\/#logo\"}},{\"@type\":\"WebSite\",\"@id\":\"https:\/\/www.imosver.com\/blog\/#website\",\"url\":\"https:\/\/www.imosver.com\/blog\/\",\"name\":\"Blog imosver\",\"description\":\"Blog Imosver\",\"publisher\":{\"@id\":\"https:\/\/www.imosver.com\/blog\/#organization\"},\"potentialAction\":[{\"@type\":\"SearchAction\",\"target\":{\"@type\":\"EntryPoint\",\"urlTemplate\":\"https:\/\/www.imosver.com\/blog\/?s={search_term_string}\"},\"query-input\":\"required name=search_term_string\"}],\"inLanguage\":\"es\"},{\"@type\":\"ImageObject\",\"@id\":\"https:\/\/www.imosver.com\/blog\/sabes-que-es-lo-ultimo-de-paulo-coelho\/#primaryimage\",\"inLanguage\":\"es\",\"url\":\"https:\/\/www.imosver.com\/blog\/wp-content\/uploads\/2016\/11\/La-esp\\u00eda.jpg\",\"contentUrl\":\"https:\/\/www.imosver.com\/blog\/wp-content\/uploads\/2016\/11\/La-esp\\u00eda.jpg\",\"width\":\"329\",\"height\":\"500\"},{\"@type\":\"WebPage\",\"@id\":\"https:\/\/www.imosver.com\/blog\/sabes-que-es-lo-ultimo-de-paulo-coelho\/#webpage\",\"url\":\"https:\/\/www.imosver.com\/blog\/sabes-que-es-lo-ultimo-de-paulo-coelho\/\",\"name\":\"\\u00bfSabes que es lo \\u00faltimo de Paulo Coelho? - Blog imosver\",\"isPartOf\":{\"@id\":\"https:\/\/www.imosver.com\/blog\/#website\"},\"primaryImageOfPage\":{\"@id\":\"https:\/\/www.imosver.com\/blog\/sabes-que-es-lo-ultimo-de-paulo-coelho\/#primaryimage\"},\"datePublished\":\"2016-11-14T06:27:01+00:00\",\"dateModified\":\"2021-04-07T14:14:03+00:00\",\"breadcrumb\":{\"@id\":\"https:\/\/www.imosver.com\/blog\/sabes-que-es-lo-ultimo-de-paulo-coelho\/#breadcrumb\"},\"inLanguage\":\"es\",\"potentialAction\":[{\"@type\":\"ReadAction\",\"target\":[\"https:\/\/www.imosver.com\/blog\/sabes-que-es-lo-ultimo-de-paulo-coelho\/\"]}]},{\"@type\":\"BreadcrumbList\",\"@id\":\"https:\/\/www.imosver.com\/blog\/sabes-que-es-lo-ultimo-de-paulo-coelho\/#breadcrumb\",\"itemListElement\":[{\"@type\":\"ListItem\",\"position\":1,\"name\":\"Portada\",\"item\":\"https:\/\/www.imosver.com\/blog\/\"},{\"@type\":\"ListItem\",\"position\":2,\"name\":\"\\u00bfSabes que es lo \\u00faltimo de Paulo Coelho?\"}]},{\"@type\":\"Article\",\"@id\":\"https:\/\/www.imosver.com\/blog\/sabes-que-es-lo-ultimo-de-paulo-coelho\/#article\",\"isPartOf\":{\"@id\":\"https:\/\/www.imosver.com\/blog\/sabes-que-es-lo-ultimo-de-paulo-coelho\/#webpage\"},\"author\":{\"@id\":\"https:\/\/www.imosver.com\/blog\/#\/schema\/person\/4894cc3afc687758ce752d7938e0519d\"},\"headline\":\"\\u00bfSabes que es lo \\u00faltimo de Paulo Coelho?\",\"datePublished\":\"2016-11-14T06:27:01+00:00\",\"dateModified\":\"2021-04-07T14:14:03+00:00\",\"mainEntityOfPage\":{\"@id\":\"https:\/\/www.imosver.com\/blog\/sabes-que-es-lo-ultimo-de-paulo-coelho\/#webpage\"},\"wordCount\":365,\"commentCount\":0,\"publisher\":{\"@id\":\"https:\/\/www.imosver.com\/blog\/#organization\"},\"image\":{\"@id\":\"https:\/\/www.imosver.com\/blog\/sabes-que-es-lo-ultimo-de-paulo-coelho\/#primaryimage\"},\"thumbnailUrl\":\"https:\/\/www.imosver.com\/blog\/wp-content\/uploads\/2016\/11\/La-esp\\u00eda-197x300.jpg\",\"keywords\":[\"aleph\",\"El peregrino de Compostela\",\"la bruja de portobello\",\"la esp\\u00eda\",\"la \\u00faltima novela de Paulo Coelho\",\"paulo coelho\"],\"articleSection\":[\"Actualidad\"],\"inLanguage\":\"es\",\"potentialAction\":[{\"@type\":\"CommentAction\",\"name\":\"Comment\",\"target\":[\"https:\/\/www.imosver.com\/blog\/sabes-que-es-lo-ultimo-de-paulo-coelho\/#respond\"]}]},{\"@type\":\"Person\",\"@id\":\"https:\/\/www.imosver.com\/blog\/#\/schema\/person\/4894cc3afc687758ce752d7938e0519d\",\"name\":\"Imosver\",\"image\":{\"@type\":\"ImageObject\",\"@id\":\"https:\/\/www.imosver.com\/blog\/#personlogo\",\"inLanguage\":\"es\",\"url\":\"https:\/\/secure.gravatar.com\/avatar\/00c6911b29e428161a36327744b2bc61?s=96&r=g\",\"contentUrl\":\"https:\/\/secure.gravatar.com\/avatar\/00c6911b29e428161a36327744b2bc61?s=96&r=g\",\"caption\":\"Imosver\"},\"url\":\"https:\/\/www.imosver.com\/blog\/author\/imosver\/\"}]}<\/script>\n<!-- \/ Yoast SEO plugin. -->","yoast_head_json":{"robots":{"index":"index","follow":"follow","max-snippet":"max-snippet:-1","max-image-preview":"max-image-preview:large","max-video-preview":"max-video-preview:-1"},"canonical":"https:\/\/www.imosver.com\/blog\/sabes-que-es-lo-ultimo-de-paulo-coelho\/","og_locale":"es_ES","og_type":"article","og_title":"\u00bfSabes que es lo \u00faltimo de Paulo Coelho? - Blog imosver","og_description":"Saber que Paulo Coelho tiene un nuevo libro es una gran alegr\u00eda para muchos de nosotros. El pasado mes, Paulo Coelho presentaba su \u00faltima novela, La Esp\u00eda, y nosotros queremos celebrarlo coment\u00e1ndoos adem\u00e1s que ya es uno de los libros m\u00e1s vendidos en Espa\u00f1a. Muchos de nosotros conocemos a Paulo Coelho por novelas tan famosas [&hellip;]","og_url":"https:\/\/www.imosver.com\/blog\/sabes-que-es-lo-ultimo-de-paulo-coelho\/","og_site_name":"Blog imosver","article_publisher":"https:\/\/www.facebook.com\/imosver","article_published_time":"2016-11-14T06:27:01+00:00","article_modified_time":"2021-04-07T14:14:03+00:00","og_image":[{"url":"https:\/\/www.imosver.com\/blog\/wp-content\/uploads\/2016\/11\/La-esp\u00eda-197x300.jpg"}],"twitter_card":"summary_large_image","twitter_creator":"@Imosver","twitter_site":"@Imosver","twitter_misc":{"Escrito por":"Imosver","Tiempo de lectura":"2 minutos"},"schema":{"@context":"https:\/\/schema.org","@graph":[{"@type":"Organization","@id":"https:\/\/www.imosver.com\/blog\/#organization","name":"Imosver","url":"https:\/\/www.imosver.com\/blog\/","sameAs":["https:\/\/www.facebook.com\/imosver","https:\/\/www.instagram.com\/imosver\/","https:\/\/www.linkedin.com\/company\/3086458\/admin\/","https:\/\/www.pinterest.es\/imosver\/","https:\/\/twitter.com\/Imosver"],"logo":{"@type":"ImageObject","@id":"https:\/\/www.imosver.com\/blog\/#logo","inLanguage":"es","url":"https:\/\/www.imosver.com\/blog\/wp-content\/uploads\/2026\/01\/logo.png","contentUrl":"https:\/\/www.imosver.com\/blog\/wp-content\/uploads\/2026\/01\/logo.png","width":523,"height":120,"caption":"Imosver"},"image":{"@id":"https:\/\/www.imosver.com\/blog\/#logo"}},{"@type":"WebSite","@id":"https:\/\/www.imosver.com\/blog\/#website","url":"https:\/\/www.imosver.com\/blog\/","name":"Blog imosver","description":"Blog Imosver","publisher":{"@id":"https:\/\/www.imosver.com\/blog\/#organization"},"potentialAction":[{"@type":"SearchAction","target":{"@type":"EntryPoint","urlTemplate":"https:\/\/www.imosver.com\/blog\/?s={search_term_string}"},"query-input":"required name=search_term_string"}],"inLanguage":"es"},{"@type":"ImageObject","@id":"https:\/\/www.imosver.com\/blog\/sabes-que-es-lo-ultimo-de-paulo-coelho\/#primaryimage","inLanguage":"es","url":"https:\/\/www.imosver.com\/blog\/wp-content\/uploads\/2016\/11\/La-esp\u00eda.jpg","contentUrl":"https:\/\/www.imosver.com\/blog\/wp-content\/uploads\/2016\/11\/La-esp\u00eda.jpg","width":"329","height":"500"},{"@type":"WebPage","@id":"https:\/\/www.imosver.com\/blog\/sabes-que-es-lo-ultimo-de-paulo-coelho\/#webpage","url":"https:\/\/www.imosver.com\/blog\/sabes-que-es-lo-ultimo-de-paulo-coelho\/","name":"\u00bfSabes que es lo \u00faltimo de Paulo Coelho? - Blog imosver","isPartOf":{"@id":"https:\/\/www.imosver.com\/blog\/#website"},"primaryImageOfPage":{"@id":"https:\/\/www.imosver.com\/blog\/sabes-que-es-lo-ultimo-de-paulo-coelho\/#primaryimage"},"datePublished":"2016-11-14T06:27:01+00:00","dateModified":"2021-04-07T14:14:03+00:00","breadcrumb":{"@id":"https:\/\/www.imosver.com\/blog\/sabes-que-es-lo-ultimo-de-paulo-coelho\/#breadcrumb"},"inLanguage":"es","potentialAction":[{"@type":"ReadAction","target":["https:\/\/www.imosver.com\/blog\/sabes-que-es-lo-ultimo-de-paulo-coelho\/"]}]},{"@type":"BreadcrumbList","@id":"https:\/\/www.imosver.com\/blog\/sabes-que-es-lo-ultimo-de-paulo-coelho\/#breadcrumb","itemListElement":[{"@type":"ListItem","position":1,"name":"Portada","item":"https:\/\/www.imosver.com\/blog\/"},{"@type":"ListItem","position":2,"name":"\u00bfSabes que es lo \u00faltimo de Paulo Coelho?"}]},{"@type":"Article","@id":"https:\/\/www.imosver.com\/blog\/sabes-que-es-lo-ultimo-de-paulo-coelho\/#article","isPartOf":{"@id":"https:\/\/www.imosver.com\/blog\/sabes-que-es-lo-ultimo-de-paulo-coelho\/#webpage"},"author":{"@id":"https:\/\/www.imosver.com\/blog\/#\/schema\/person\/4894cc3afc687758ce752d7938e0519d"},"headline":"\u00bfSabes que es lo \u00faltimo de Paulo Coelho?","datePublished":"2016-11-14T06:27:01+00:00","dateModified":"2021-04-07T14:14:03+00:00","mainEntityOfPage":{"@id":"https:\/\/www.imosver.com\/blog\/sabes-que-es-lo-ultimo-de-paulo-coelho\/#webpage"},"wordCount":365,"commentCount":0,"publisher":{"@id":"https:\/\/www.imosver.com\/blog\/#organization"},"image":{"@id":"https:\/\/www.imosver.com\/blog\/sabes-que-es-lo-ultimo-de-paulo-coelho\/#primaryimage"},"thumbnailUrl":"https:\/\/www.imosver.com\/blog\/wp-content\/uploads\/2016\/11\/La-esp\u00eda-197x300.jpg","keywords":["aleph","El peregrino de Compostela","la bruja de portobello","la esp\u00eda","la \u00faltima novela de Paulo Coelho","paulo coelho"],"articleSection":["Actualidad"],"inLanguage":"es","potentialAction":[{"@type":"CommentAction","name":"Comment","target":["https:\/\/www.imosver.com\/blog\/sabes-que-es-lo-ultimo-de-paulo-coelho\/#respond"]}]},{"@type":"Person","@id":"https:\/\/www.imosver.com\/blog\/#\/schema\/person\/4894cc3afc687758ce752d7938e0519d","name":"Imosver","image":{"@type":"ImageObject","@id":"https:\/\/www.imosver.com\/blog\/#personlogo","inLanguage":"es","url":"https:\/\/secure.gravatar.com\/avatar\/00c6911b29e428161a36327744b2bc61?s=96&r=g","contentUrl":"https:\/\/secure.gravatar.com\/avatar\/00c6911b29e428161a36327744b2bc61?s=96&r=g","caption":"Imosver"},"url":"https:\/\/www.imosver.com\/blog\/author\/imosver\/"}]}},"_links":{"self":[{"href":"https:\/\/www.imosver.com\/blog\/wp-json\/wp\/v2\/posts\/4356"}],"collection":[{"href":"https:\/\/www.imosver.com\/blog\/wp-json\/wp\/v2\/posts"}],"about":[{"href":"https:\/\/www.imosver.com\/blog\/wp-json\/wp\/v2\/types\/post"}],"author":[{"embeddable":true,"href":"https:\/\/www.imosver.com\/blog\/wp-json\/wp\/v2\/users\/2"}],"replies":[{"embeddable":true,"href":"https:\/\/www.imosver.com\/blog\/wp-json\/wp\/v2\/comments?post=4356"}],"version-history":[{"count":1,"href":"https:\/\/www.imosver.com\/blog\/wp-json\/wp\/v2\/posts\/4356\/revisions"}],"predecessor-version":[{"id":4358,"href":"https:\/\/www.imosver.com\/blog\/wp-json\/wp\/v2\/posts\/4356\/revisions\/4358"}],"wp:attachment":[{"href":"https:\/\/www.imosver.com\/blog\/wp-json\/wp\/v2\/media?parent=4356"}],"wp:term":[{"taxonomy":"category","embeddable":true,"href":"https:\/\/www.imosver.com\/blog\/wp-json\/wp\/v2\/categories?post=4356"},{"taxonomy":"post_tag","embeddable":true,"href":"https:\/\/www.imosver.com\/blog\/wp-json\/wp\/v2\/tags?post=4356"}],"curies":[{"name":"wp","href":"https:\/\/api.w.org\/{rel}","templated":true}]}}