{"id":4440,"date":"2016-12-23T07:27:54","date_gmt":"2016-12-23T06:27:54","guid":{"rendered":"https:\/\/www.imosver.com\/blog\/?p=4440"},"modified":"2021-04-07T16:10:28","modified_gmt":"2021-04-07T14:10:28","slug":"refrescando-la-memoria-a-papa-noel","status":"publish","type":"post","link":"https:\/\/www.imosver.com\/blog\/refrescando-la-memoria-a-papa-noel\/","title":{"rendered":"Refrescando la memoria a Pap\u00e1 Noel"},"content":{"rendered":"<p style=\"text-align: justify;\"><a href=\"https:\/\/www.imosver.com\/blog\/wp-content\/uploads\/2016\/12\/Recomendaciones-navidad.jpeg\"><img loading=\"lazy\" class=\"alignleft size-medium wp-image-4441\" title=\"Recomendaciones navidad\" src=\"https:\/\/www.imosver.com\/blog\/wp-content\/uploads\/2016\/12\/Recomendaciones-navidad-200x133.jpeg\" alt=\"\" width=\"200\" height=\"133\" srcset=\"https:\/\/www.imosver.com\/blog\/wp-content\/uploads\/2016\/12\/Recomendaciones-navidad-200x133.jpeg 200w, https:\/\/www.imosver.com\/blog\/wp-content\/uploads\/2016\/12\/Recomendaciones-navidad-1024x682.jpeg 1024w, https:\/\/www.imosver.com\/blog\/wp-content\/uploads\/2016\/12\/Recomendaciones-navidad-450x300.jpeg 450w, https:\/\/www.imosver.com\/blog\/wp-content\/uploads\/2016\/12\/Recomendaciones-navidad.jpeg 1125w\" sizes=\"(max-width: 200px) 100vw, 200px\" \/><\/a>Huele a Navidad, hoy 23 de enero no podemos sino sentir la navidad y ma\u00f1ana noche muchos ser\u00e1n regalados y quienes regalen disfrutar\u00e1n de la satisfacci\u00f3n de saber que los deseos de los suyos se han cumplido, al menos en parte. Por eso y para que os dej\u00e9is llevar por este esp\u00edritu navide\u00f1o queremos refrescaros la memoria y recordaros cu\u00e1les han sido algunos de los t\u00edtulos que m\u00e1s han sonado este a\u00f1o 2016, por su novedad como por su impacto.<\/p>\n<p style=\"text-align: justify;\">Uno de los platos fuertes de este a\u00f1o ha sido <a href=\"https:\/\/www.imosver.com\/es\/libro\/la-chica-del-tren_0010055525\"><strong>La Chica del Tren<\/strong><\/a>, tan sonada ha sido la novela que ha llegado hasta la gran pantalla, gustando a muchos aunque no a todos, porque ya sabemos lo que se dice, el libro siempre mejor que la pel\u00edcula. Aun as\u00ed, <strong>La Chica del Tren<\/strong> ha cautivado a muchos lectores, por lo que a\u00fan est\u00e1s a tiempo de regalar una novela de ritmo vertiginoso a quienes son los m\u00e1s lectores en la familia.<\/p>\n<p style=\"text-align: justify;\">Otro de los libros esperados y muy vendidos de este 2016 llegaba de la mano de Harry Potter, porque <a href=\"https:\/\/www.imosver.com\/es\/libro\/harry-potter-y-el-legado-maldito-partes-uno-y-dos_BIT0024038\"><strong>Harry Potter y el Legado Maldito<\/strong><\/a> no dejaba indiferente a ninguno de sus fans. Muchos hemos sido los que nos hemos lanzado a esta octava historia de magia para poder disfrutar del mundo de Hogwarts al menos una vez m\u00e1s, a peque\u00f1as dosis aunque fuese en su formato teatral.<\/p>\n<p style=\"text-align: justify;\">Uno de los libros que a muchos ha sorprendido este a\u00f1o ha sido <a href=\"https:\/\/www.imosver.com\/es\/libro\/el-asesinato-de-socrates_0010136219\"><strong>El asesinato de S\u00f3crates<\/strong><\/a>, donde traslad\u00e1ndonos a la <strong>Antigua Grecia<\/strong> nos pod\u00edamos y a\u00fan podemos sumergirnos en un gran misterio que nos llevar\u00e1 hasta el asesinato de uno de los pensadores m\u00e1s grandes de la historia.<\/p>\n<p style=\"text-align: justify;\">Si nos faltan las ideas, siempre podemos dejarnos llevar por los <a href=\"https:\/\/www.imosver.com\/es\/especial\/mas-vendidos_27\"><strong>libros m\u00e1s vendidos<\/strong><\/a>, pero tambi\u00e9n por las <strong>novedades que arrasaron este a\u00f1o<\/strong>. Regalar libros puede ser una de las mejores ideas para que estas navidades sean de ensue\u00f1o. \u00bfSabes ya cual vas a pedir a Pap\u00e1 Noel o a los Reyes Magos?<\/p>\n","protected":false},"excerpt":{"rendered":"<p>Huele a Navidad, hoy 23 de enero no podemos sino sentir la navidad y ma\u00f1ana noche muchos ser\u00e1n regalados y quienes regalen disfrutar\u00e1n de la satisfacci\u00f3n de saber que los deseos de los suyos se han cumplido, al menos en parte. Por eso y para que os dej\u00e9is llevar por este esp\u00edritu navide\u00f1o queremos refrescaros [&hellip;]<\/p>\n","protected":false},"author":2,"featured_media":0,"comment_status":"open","ping_status":"open","sticky":false,"template":"","format":"standard","meta":{"tdm_status":"","tdm_grid_status":""},"categories":[165],"tags":[2141,22,2140,1643],"yoast_head":"<!-- This site is optimized with the Yoast SEO plugin v17.2 - https:\/\/yoast.com\/wordpress\/plugins\/seo\/ -->\n<meta name=\"robots\" content=\"index, follow, max-snippet:-1, max-image-preview:large, max-video-preview:-1\" \/>\n<link rel=\"canonical\" href=\"https:\/\/www.imosver.com\/blog\/refrescando-la-memoria-a-papa-noel\/\" \/>\n<meta property=\"og:locale\" content=\"es_ES\" \/>\n<meta property=\"og:type\" content=\"article\" \/>\n<meta property=\"og:title\" content=\"Refrescando la memoria a Pap\u00e1 Noel - Blog imosver\" \/>\n<meta property=\"og:description\" content=\"Huele a Navidad, hoy 23 de enero no podemos sino sentir la navidad y ma\u00f1ana noche muchos ser\u00e1n regalados y quienes regalen disfrutar\u00e1n de la satisfacci\u00f3n de saber que los deseos de los suyos se han cumplido, al menos en parte. Por eso y para que os dej\u00e9is llevar por este esp\u00edritu navide\u00f1o queremos refrescaros [&hellip;]\" \/>\n<meta property=\"og:url\" content=\"https:\/\/www.imosver.com\/blog\/refrescando-la-memoria-a-papa-noel\/\" \/>\n<meta property=\"og:site_name\" content=\"Blog imosver\" \/>\n<meta property=\"article:publisher\" content=\"https:\/\/www.facebook.com\/imosver\" \/>\n<meta property=\"article:published_time\" content=\"2016-12-23T06:27:54+00:00\" \/>\n<meta property=\"article:modified_time\" content=\"2021-04-07T14:10:28+00:00\" \/>\n<meta property=\"og:image\" content=\"https:\/\/www.imosver.com\/blog\/wp-content\/uploads\/2016\/12\/Recomendaciones-navidad-200x133.jpeg\" \/>\n<meta name=\"twitter:card\" content=\"summary_large_image\" \/>\n<meta name=\"twitter:creator\" content=\"@Imosver\" \/>\n<meta name=\"twitter:site\" content=\"@Imosver\" \/>\n<meta name=\"twitter:label1\" content=\"Escrito por\" \/>\n\t<meta name=\"twitter:data1\" content=\"Imosver\" \/>\n\t<meta name=\"twitter:label2\" content=\"Tiempo de lectura\" \/>\n\t<meta name=\"twitter:data2\" content=\"2 minutos\" \/>\n<script type=\"application\/ld+json\" class=\"yoast-schema-graph\">{\"@context\":\"https:\/\/schema.org\",\"@graph\":[{\"@type\":\"Organization\",\"@id\":\"https:\/\/www.imosver.com\/blog\/#organization\",\"name\":\"Imosver\",\"url\":\"https:\/\/www.imosver.com\/blog\/\",\"sameAs\":[\"https:\/\/www.facebook.com\/imosver\",\"https:\/\/www.instagram.com\/imosver\/\",\"https:\/\/www.linkedin.com\/company\/3086458\/admin\/\",\"https:\/\/www.pinterest.es\/imosver\/\",\"https:\/\/twitter.com\/Imosver\"],\"logo\":{\"@type\":\"ImageObject\",\"@id\":\"https:\/\/www.imosver.com\/blog\/#logo\",\"inLanguage\":\"es\",\"url\":\"https:\/\/www.imosver.com\/blog\/wp-content\/uploads\/2026\/01\/logo.png\",\"contentUrl\":\"https:\/\/www.imosver.com\/blog\/wp-content\/uploads\/2026\/01\/logo.png\",\"width\":523,\"height\":120,\"caption\":\"Imosver\"},\"image\":{\"@id\":\"https:\/\/www.imosver.com\/blog\/#logo\"}},{\"@type\":\"WebSite\",\"@id\":\"https:\/\/www.imosver.com\/blog\/#website\",\"url\":\"https:\/\/www.imosver.com\/blog\/\",\"name\":\"Blog imosver\",\"description\":\"Blog Imosver\",\"publisher\":{\"@id\":\"https:\/\/www.imosver.com\/blog\/#organization\"},\"potentialAction\":[{\"@type\":\"SearchAction\",\"target\":{\"@type\":\"EntryPoint\",\"urlTemplate\":\"https:\/\/www.imosver.com\/blog\/?s={search_term_string}\"},\"query-input\":\"required name=search_term_string\"}],\"inLanguage\":\"es\"},{\"@type\":\"ImageObject\",\"@id\":\"https:\/\/www.imosver.com\/blog\/refrescando-la-memoria-a-papa-noel\/#primaryimage\",\"inLanguage\":\"es\",\"url\":\"https:\/\/www.imosver.com\/blog\/wp-content\/uploads\/2016\/12\/Recomendaciones-navidad.jpeg\",\"contentUrl\":\"https:\/\/www.imosver.com\/blog\/wp-content\/uploads\/2016\/12\/Recomendaciones-navidad.jpeg\",\"width\":\"1125\",\"height\":\"750\"},{\"@type\":\"WebPage\",\"@id\":\"https:\/\/www.imosver.com\/blog\/refrescando-la-memoria-a-papa-noel\/#webpage\",\"url\":\"https:\/\/www.imosver.com\/blog\/refrescando-la-memoria-a-papa-noel\/\",\"name\":\"Refrescando la memoria a Pap\\u00e1 Noel - Blog imosver\",\"isPartOf\":{\"@id\":\"https:\/\/www.imosver.com\/blog\/#website\"},\"primaryImageOfPage\":{\"@id\":\"https:\/\/www.imosver.com\/blog\/refrescando-la-memoria-a-papa-noel\/#primaryimage\"},\"datePublished\":\"2016-12-23T06:27:54+00:00\",\"dateModified\":\"2021-04-07T14:10:28+00:00\",\"breadcrumb\":{\"@id\":\"https:\/\/www.imosver.com\/blog\/refrescando-la-memoria-a-papa-noel\/#breadcrumb\"},\"inLanguage\":\"es\",\"potentialAction\":[{\"@type\":\"ReadAction\",\"target\":[\"https:\/\/www.imosver.com\/blog\/refrescando-la-memoria-a-papa-noel\/\"]}]},{\"@type\":\"BreadcrumbList\",\"@id\":\"https:\/\/www.imosver.com\/blog\/refrescando-la-memoria-a-papa-noel\/#breadcrumb\",\"itemListElement\":[{\"@type\":\"ListItem\",\"position\":1,\"name\":\"Portada\",\"item\":\"https:\/\/www.imosver.com\/blog\/\"},{\"@type\":\"ListItem\",\"position\":2,\"name\":\"Refrescando la memoria a Pap\\u00e1 Noel\"}]},{\"@type\":\"Article\",\"@id\":\"https:\/\/www.imosver.com\/blog\/refrescando-la-memoria-a-papa-noel\/#article\",\"isPartOf\":{\"@id\":\"https:\/\/www.imosver.com\/blog\/refrescando-la-memoria-a-papa-noel\/#webpage\"},\"author\":{\"@id\":\"https:\/\/www.imosver.com\/blog\/#\/schema\/person\/4894cc3afc687758ce752d7938e0519d\"},\"headline\":\"Refrescando la memoria a Pap\\u00e1 Noel\",\"datePublished\":\"2016-12-23T06:27:54+00:00\",\"dateModified\":\"2021-04-07T14:10:28+00:00\",\"mainEntityOfPage\":{\"@id\":\"https:\/\/www.imosver.com\/blog\/refrescando-la-memoria-a-papa-noel\/#webpage\"},\"wordCount\":363,\"commentCount\":0,\"publisher\":{\"@id\":\"https:\/\/www.imosver.com\/blog\/#organization\"},\"image\":{\"@id\":\"https:\/\/www.imosver.com\/blog\/refrescando-la-memoria-a-papa-noel\/#primaryimage\"},\"thumbnailUrl\":\"https:\/\/www.imosver.com\/blog\/wp-content\/uploads\/2016\/12\/Recomendaciones-navidad-200x133.jpeg\",\"keywords\":[\"los \\u00e9xitos de 2016\",\"mas vendidos\",\"navidades literarias\",\"regalar libros\"],\"articleSection\":[\"Actualidad\"],\"inLanguage\":\"es\",\"potentialAction\":[{\"@type\":\"CommentAction\",\"name\":\"Comment\",\"target\":[\"https:\/\/www.imosver.com\/blog\/refrescando-la-memoria-a-papa-noel\/#respond\"]}]},{\"@type\":\"Person\",\"@id\":\"https:\/\/www.imosver.com\/blog\/#\/schema\/person\/4894cc3afc687758ce752d7938e0519d\",\"name\":\"Imosver\",\"image\":{\"@type\":\"ImageObject\",\"@id\":\"https:\/\/www.imosver.com\/blog\/#personlogo\",\"inLanguage\":\"es\",\"url\":\"https:\/\/secure.gravatar.com\/avatar\/00c6911b29e428161a36327744b2bc61?s=96&r=g\",\"contentUrl\":\"https:\/\/secure.gravatar.com\/avatar\/00c6911b29e428161a36327744b2bc61?s=96&r=g\",\"caption\":\"Imosver\"},\"url\":\"https:\/\/www.imosver.com\/blog\/author\/imosver\/\"}]}<\/script>\n<!-- \/ Yoast SEO plugin. -->","yoast_head_json":{"robots":{"index":"index","follow":"follow","max-snippet":"max-snippet:-1","max-image-preview":"max-image-preview:large","max-video-preview":"max-video-preview:-1"},"canonical":"https:\/\/www.imosver.com\/blog\/refrescando-la-memoria-a-papa-noel\/","og_locale":"es_ES","og_type":"article","og_title":"Refrescando la memoria a Pap\u00e1 Noel - Blog imosver","og_description":"Huele a Navidad, hoy 23 de enero no podemos sino sentir la navidad y ma\u00f1ana noche muchos ser\u00e1n regalados y quienes regalen disfrutar\u00e1n de la satisfacci\u00f3n de saber que los deseos de los suyos se han cumplido, al menos en parte. Por eso y para que os dej\u00e9is llevar por este esp\u00edritu navide\u00f1o queremos refrescaros [&hellip;]","og_url":"https:\/\/www.imosver.com\/blog\/refrescando-la-memoria-a-papa-noel\/","og_site_name":"Blog imosver","article_publisher":"https:\/\/www.facebook.com\/imosver","article_published_time":"2016-12-23T06:27:54+00:00","article_modified_time":"2021-04-07T14:10:28+00:00","og_image":[{"url":"https:\/\/www.imosver.com\/blog\/wp-content\/uploads\/2016\/12\/Recomendaciones-navidad-200x133.jpeg"}],"twitter_card":"summary_large_image","twitter_creator":"@Imosver","twitter_site":"@Imosver","twitter_misc":{"Escrito por":"Imosver","Tiempo de lectura":"2 minutos"},"schema":{"@context":"https:\/\/schema.org","@graph":[{"@type":"Organization","@id":"https:\/\/www.imosver.com\/blog\/#organization","name":"Imosver","url":"https:\/\/www.imosver.com\/blog\/","sameAs":["https:\/\/www.facebook.com\/imosver","https:\/\/www.instagram.com\/imosver\/","https:\/\/www.linkedin.com\/company\/3086458\/admin\/","https:\/\/www.pinterest.es\/imosver\/","https:\/\/twitter.com\/Imosver"],"logo":{"@type":"ImageObject","@id":"https:\/\/www.imosver.com\/blog\/#logo","inLanguage":"es","url":"https:\/\/www.imosver.com\/blog\/wp-content\/uploads\/2026\/01\/logo.png","contentUrl":"https:\/\/www.imosver.com\/blog\/wp-content\/uploads\/2026\/01\/logo.png","width":523,"height":120,"caption":"Imosver"},"image":{"@id":"https:\/\/www.imosver.com\/blog\/#logo"}},{"@type":"WebSite","@id":"https:\/\/www.imosver.com\/blog\/#website","url":"https:\/\/www.imosver.com\/blog\/","name":"Blog imosver","description":"Blog Imosver","publisher":{"@id":"https:\/\/www.imosver.com\/blog\/#organization"},"potentialAction":[{"@type":"SearchAction","target":{"@type":"EntryPoint","urlTemplate":"https:\/\/www.imosver.com\/blog\/?s={search_term_string}"},"query-input":"required name=search_term_string"}],"inLanguage":"es"},{"@type":"ImageObject","@id":"https:\/\/www.imosver.com\/blog\/refrescando-la-memoria-a-papa-noel\/#primaryimage","inLanguage":"es","url":"https:\/\/www.imosver.com\/blog\/wp-content\/uploads\/2016\/12\/Recomendaciones-navidad.jpeg","contentUrl":"https:\/\/www.imosver.com\/blog\/wp-content\/uploads\/2016\/12\/Recomendaciones-navidad.jpeg","width":"1125","height":"750"},{"@type":"WebPage","@id":"https:\/\/www.imosver.com\/blog\/refrescando-la-memoria-a-papa-noel\/#webpage","url":"https:\/\/www.imosver.com\/blog\/refrescando-la-memoria-a-papa-noel\/","name":"Refrescando la memoria a Pap\u00e1 Noel - Blog imosver","isPartOf":{"@id":"https:\/\/www.imosver.com\/blog\/#website"},"primaryImageOfPage":{"@id":"https:\/\/www.imosver.com\/blog\/refrescando-la-memoria-a-papa-noel\/#primaryimage"},"datePublished":"2016-12-23T06:27:54+00:00","dateModified":"2021-04-07T14:10:28+00:00","breadcrumb":{"@id":"https:\/\/www.imosver.com\/blog\/refrescando-la-memoria-a-papa-noel\/#breadcrumb"},"inLanguage":"es","potentialAction":[{"@type":"ReadAction","target":["https:\/\/www.imosver.com\/blog\/refrescando-la-memoria-a-papa-noel\/"]}]},{"@type":"BreadcrumbList","@id":"https:\/\/www.imosver.com\/blog\/refrescando-la-memoria-a-papa-noel\/#breadcrumb","itemListElement":[{"@type":"ListItem","position":1,"name":"Portada","item":"https:\/\/www.imosver.com\/blog\/"},{"@type":"ListItem","position":2,"name":"Refrescando la memoria a Pap\u00e1 Noel"}]},{"@type":"Article","@id":"https:\/\/www.imosver.com\/blog\/refrescando-la-memoria-a-papa-noel\/#article","isPartOf":{"@id":"https:\/\/www.imosver.com\/blog\/refrescando-la-memoria-a-papa-noel\/#webpage"},"author":{"@id":"https:\/\/www.imosver.com\/blog\/#\/schema\/person\/4894cc3afc687758ce752d7938e0519d"},"headline":"Refrescando la memoria a Pap\u00e1 Noel","datePublished":"2016-12-23T06:27:54+00:00","dateModified":"2021-04-07T14:10:28+00:00","mainEntityOfPage":{"@id":"https:\/\/www.imosver.com\/blog\/refrescando-la-memoria-a-papa-noel\/#webpage"},"wordCount":363,"commentCount":0,"publisher":{"@id":"https:\/\/www.imosver.com\/blog\/#organization"},"image":{"@id":"https:\/\/www.imosver.com\/blog\/refrescando-la-memoria-a-papa-noel\/#primaryimage"},"thumbnailUrl":"https:\/\/www.imosver.com\/blog\/wp-content\/uploads\/2016\/12\/Recomendaciones-navidad-200x133.jpeg","keywords":["los \u00e9xitos de 2016","mas vendidos","navidades literarias","regalar libros"],"articleSection":["Actualidad"],"inLanguage":"es","potentialAction":[{"@type":"CommentAction","name":"Comment","target":["https:\/\/www.imosver.com\/blog\/refrescando-la-memoria-a-papa-noel\/#respond"]}]},{"@type":"Person","@id":"https:\/\/www.imosver.com\/blog\/#\/schema\/person\/4894cc3afc687758ce752d7938e0519d","name":"Imosver","image":{"@type":"ImageObject","@id":"https:\/\/www.imosver.com\/blog\/#personlogo","inLanguage":"es","url":"https:\/\/secure.gravatar.com\/avatar\/00c6911b29e428161a36327744b2bc61?s=96&r=g","contentUrl":"https:\/\/secure.gravatar.com\/avatar\/00c6911b29e428161a36327744b2bc61?s=96&r=g","caption":"Imosver"},"url":"https:\/\/www.imosver.com\/blog\/author\/imosver\/"}]}},"_links":{"self":[{"href":"https:\/\/www.imosver.com\/blog\/wp-json\/wp\/v2\/posts\/4440"}],"collection":[{"href":"https:\/\/www.imosver.com\/blog\/wp-json\/wp\/v2\/posts"}],"about":[{"href":"https:\/\/www.imosver.com\/blog\/wp-json\/wp\/v2\/types\/post"}],"author":[{"embeddable":true,"href":"https:\/\/www.imosver.com\/blog\/wp-json\/wp\/v2\/users\/2"}],"replies":[{"embeddable":true,"href":"https:\/\/www.imosver.com\/blog\/wp-json\/wp\/v2\/comments?post=4440"}],"version-history":[{"count":2,"href":"https:\/\/www.imosver.com\/blog\/wp-json\/wp\/v2\/posts\/4440\/revisions"}],"predecessor-version":[{"id":8306,"href":"https:\/\/www.imosver.com\/blog\/wp-json\/wp\/v2\/posts\/4440\/revisions\/8306"}],"wp:attachment":[{"href":"https:\/\/www.imosver.com\/blog\/wp-json\/wp\/v2\/media?parent=4440"}],"wp:term":[{"taxonomy":"category","embeddable":true,"href":"https:\/\/www.imosver.com\/blog\/wp-json\/wp\/v2\/categories?post=4440"},{"taxonomy":"post_tag","embeddable":true,"href":"https:\/\/www.imosver.com\/blog\/wp-json\/wp\/v2\/tags?post=4440"}],"curies":[{"name":"wp","href":"https:\/\/api.w.org\/{rel}","templated":true}]}}