{"id":4585,"date":"2017-02-27T07:27:55","date_gmt":"2017-02-27T06:27:55","guid":{"rendered":"https:\/\/www.imosver.com\/blog\/?p=4585"},"modified":"2021-04-07T16:13:58","modified_gmt":"2021-04-07T14:13:58","slug":"2-libros-con-los-que-empezar-bien-la-semana","status":"publish","type":"post","link":"https:\/\/www.imosver.com\/blog\/2-libros-con-los-que-empezar-bien-la-semana\/","title":{"rendered":"2 Libros con los que empezar bien la semana"},"content":{"rendered":"<p><a href=\"https:\/\/www.imosver.com\/blog\/wp-content\/uploads\/2017\/02\/L27-2-Libros-con-los-que-empezar-bien-la-semana.jpeg\"><img loading=\"lazy\" class=\"alignleft size-medium wp-image-4586\" title=\"L27 2 Libros con los que empezar bien la semana\" src=\"https:\/\/www.imosver.com\/blog\/wp-content\/uploads\/2017\/02\/L27-2-Libros-con-los-que-empezar-bien-la-semana-200x133.jpeg\" alt=\"\" width=\"200\" height=\"133\" srcset=\"https:\/\/www.imosver.com\/blog\/wp-content\/uploads\/2017\/02\/L27-2-Libros-con-los-que-empezar-bien-la-semana-200x133.jpeg 200w, https:\/\/www.imosver.com\/blog\/wp-content\/uploads\/2017\/02\/L27-2-Libros-con-los-que-empezar-bien-la-semana-449x300.jpeg 449w, https:\/\/www.imosver.com\/blog\/wp-content\/uploads\/2017\/02\/L27-2-Libros-con-los-que-empezar-bien-la-semana.jpeg 940w\" sizes=\"(max-width: 200px) 100vw, 200px\" \/><\/a>\u00bfC\u00f3mo se presenta la semana? \u00bfLo ten\u00e9is todo planeado para que sea un \u00e9xito? Si no es as\u00ed, nosotros queremos ayudaros a <strong>empezar bien la semana<\/strong> y a\u00f1adir un poco de diversi\u00f3n a estos d\u00edas que vienen. Para ello, hemos seleccionado dos libros muy divertidos y con los que merece la pena dejarse llevar porque nos sumergen en mundos en los que sobran las preocupaciones. El primer libro que hemos seleccionado viene de la mano de una vieja autora y el segundo de los libros seleccionados nos ha intrigado por la manera en la que puede llevarnos a otros mundos \u00bfnos acompa\u00f1as a descubrirlos?<\/p>\n<h2><a href=\"https:\/\/www.imosver.com\/es\/libro\/la-magia-de-ser-sofia_0010142430\">La magia de ser Sof\u00eda<\/a><\/h2>\n<p>Es el nuevo libro de <strong>Benavent Elisabet<\/strong>, o como otros la conocen, BetaCoqueta. Nosotros ya conocemos a Elisabet por otros libros como la Saga Valeria, La Saga Silvia o el Horizonte de Martina, libros que hemos recomendado en otras ocasiones. Esa vez, en <a href=\"https:\/\/www.imosver.com\/es\/libro\/la-magia-de-ser-sofia_0010142430\"><strong>La magia de ser Sof\u00eda<\/strong><\/a><strong> <\/strong>podremos encontrar una historia de amor diferente que nos har\u00e1 entender la importancia de los sue\u00f1os por cumplir. En este caso, la protagonista de este libro tiene tres grandes amores, por un lado su gata Holly, los libros y el caf\u00e9 de Alejandr\u00eda donde trabaja. Sin embargo est\u00e1 a punto de experimentar lo que ocurre cuando <strong>un amor de carne y hueso<\/strong> que puede compartir miedos y alegr\u00edas con ella, se cruza en su vida. Las chispas est\u00e1n en el aire y a nosotros nos encanta dejarnos enamorar, quiz\u00e1s \u00bfa ti tambi\u00e9n?<\/p>\n<h2><a href=\"https:\/\/www.imosver.com\/es\/libro\/caraval_0010143344\">Caraval<\/a><\/h2>\n<p>\u00bfQu\u00e9 es <a href=\"https:\/\/www.imosver.com\/es\/libro\/caraval_0010143344\"><strong>Caraval<\/strong><\/a>? Pues nada m\u00e1s y nada menos una fiesta, y \u00bfpor qu\u00e9 es tan importante para las protagonistas de este libro? Las dos hermanas que protagonizan este libro est\u00e1n reclu\u00eddas por su padre y creen que nunca van a poder ir a disfrutar de esta fiesta porque est\u00e1n pr\u00e1cticamente en edad de casarse. Sin embargo, este a\u00f1o es diferente porque una invitaci\u00f3n de \u00faltima hora har\u00e1 que vayan. A\u00fan as\u00ed, las cosas no pintan tan bien como parece porque una de las hermanas desaparecer\u00e1, siendo la otra la que ha de buscarla y rescatarla, antes de que desaparezca para siempre. Caraval es <strong>magia, misterio y fuego.<\/strong><\/p>\n","protected":false},"excerpt":{"rendered":"<p>\u00bfC\u00f3mo se presenta la semana? \u00bfLo ten\u00e9is todo planeado para que sea un \u00e9xito? Si no es as\u00ed, nosotros queremos ayudaros a empezar bien la semana y a\u00f1adir un poco de diversi\u00f3n a estos d\u00edas que vienen. Para ello, hemos seleccionado dos libros muy divertidos y con los que merece la pena dejarse llevar porque [&hellip;]<\/p>\n","protected":false},"author":2,"featured_media":0,"comment_status":"open","ping_status":"open","sticky":false,"template":"","format":"standard","meta":{"tdm_status":"","tdm_grid_status":""},"categories":[165],"tags":[2274,1549,2272,2273,2275],"yoast_head":"<!-- This site is optimized with the Yoast SEO plugin v17.2 - https:\/\/yoast.com\/wordpress\/plugins\/seo\/ -->\n<meta name=\"robots\" content=\"index, follow, max-snippet:-1, max-image-preview:large, max-video-preview:-1\" \/>\n<link rel=\"canonical\" href=\"https:\/\/www.imosver.com\/blog\/2-libros-con-los-que-empezar-bien-la-semana\/\" \/>\n<meta property=\"og:locale\" content=\"es_ES\" \/>\n<meta property=\"og:type\" content=\"article\" \/>\n<meta property=\"og:title\" content=\"2 Libros con los que empezar bien la semana - Blog imosver\" \/>\n<meta property=\"og:description\" content=\"\u00bfC\u00f3mo se presenta la semana? \u00bfLo ten\u00e9is todo planeado para que sea un \u00e9xito? Si no es as\u00ed, nosotros queremos ayudaros a empezar bien la semana y a\u00f1adir un poco de diversi\u00f3n a estos d\u00edas que vienen. Para ello, hemos seleccionado dos libros muy divertidos y con los que merece la pena dejarse llevar porque [&hellip;]\" \/>\n<meta property=\"og:url\" content=\"https:\/\/www.imosver.com\/blog\/2-libros-con-los-que-empezar-bien-la-semana\/\" \/>\n<meta property=\"og:site_name\" content=\"Blog imosver\" \/>\n<meta property=\"article:publisher\" content=\"https:\/\/www.facebook.com\/imosver\" \/>\n<meta property=\"article:published_time\" content=\"2017-02-27T06:27:55+00:00\" \/>\n<meta property=\"article:modified_time\" content=\"2021-04-07T14:13:58+00:00\" \/>\n<meta property=\"og:image\" content=\"https:\/\/www.imosver.com\/blog\/wp-content\/uploads\/2017\/02\/L27-2-Libros-con-los-que-empezar-bien-la-semana-200x133.jpeg\" \/>\n<meta name=\"twitter:card\" content=\"summary_large_image\" \/>\n<meta name=\"twitter:creator\" content=\"@Imosver\" \/>\n<meta name=\"twitter:site\" content=\"@Imosver\" \/>\n<meta name=\"twitter:label1\" content=\"Escrito por\" \/>\n\t<meta name=\"twitter:data1\" content=\"Imosver\" \/>\n\t<meta name=\"twitter:label2\" content=\"Tiempo de lectura\" \/>\n\t<meta name=\"twitter:data2\" content=\"2 minutos\" \/>\n<script type=\"application\/ld+json\" class=\"yoast-schema-graph\">{\"@context\":\"https:\/\/schema.org\",\"@graph\":[{\"@type\":\"Organization\",\"@id\":\"https:\/\/www.imosver.com\/blog\/#organization\",\"name\":\"Imosver\",\"url\":\"https:\/\/www.imosver.com\/blog\/\",\"sameAs\":[\"https:\/\/www.facebook.com\/imosver\",\"https:\/\/www.instagram.com\/imosver\/\",\"https:\/\/www.linkedin.com\/company\/3086458\/admin\/\",\"https:\/\/www.pinterest.es\/imosver\/\",\"https:\/\/twitter.com\/Imosver\"],\"logo\":{\"@type\":\"ImageObject\",\"@id\":\"https:\/\/www.imosver.com\/blog\/#logo\",\"inLanguage\":\"es\",\"url\":\"https:\/\/www.imosver.com\/blog\/wp-content\/uploads\/2026\/01\/logo.png\",\"contentUrl\":\"https:\/\/www.imosver.com\/blog\/wp-content\/uploads\/2026\/01\/logo.png\",\"width\":523,\"height\":120,\"caption\":\"Imosver\"},\"image\":{\"@id\":\"https:\/\/www.imosver.com\/blog\/#logo\"}},{\"@type\":\"WebSite\",\"@id\":\"https:\/\/www.imosver.com\/blog\/#website\",\"url\":\"https:\/\/www.imosver.com\/blog\/\",\"name\":\"Blog imosver\",\"description\":\"Blog Imosver\",\"publisher\":{\"@id\":\"https:\/\/www.imosver.com\/blog\/#organization\"},\"potentialAction\":[{\"@type\":\"SearchAction\",\"target\":{\"@type\":\"EntryPoint\",\"urlTemplate\":\"https:\/\/www.imosver.com\/blog\/?s={search_term_string}\"},\"query-input\":\"required name=search_term_string\"}],\"inLanguage\":\"es\"},{\"@type\":\"ImageObject\",\"@id\":\"https:\/\/www.imosver.com\/blog\/2-libros-con-los-que-empezar-bien-la-semana\/#primaryimage\",\"inLanguage\":\"es\",\"url\":\"https:\/\/www.imosver.com\/blog\/wp-content\/uploads\/2017\/02\/L27-2-Libros-con-los-que-empezar-bien-la-semana.jpeg\",\"contentUrl\":\"https:\/\/www.imosver.com\/blog\/wp-content\/uploads\/2017\/02\/L27-2-Libros-con-los-que-empezar-bien-la-semana.jpeg\",\"width\":\"940\",\"height\":\"627\"},{\"@type\":\"WebPage\",\"@id\":\"https:\/\/www.imosver.com\/blog\/2-libros-con-los-que-empezar-bien-la-semana\/#webpage\",\"url\":\"https:\/\/www.imosver.com\/blog\/2-libros-con-los-que-empezar-bien-la-semana\/\",\"name\":\"2 Libros con los que empezar bien la semana - Blog imosver\",\"isPartOf\":{\"@id\":\"https:\/\/www.imosver.com\/blog\/#website\"},\"primaryImageOfPage\":{\"@id\":\"https:\/\/www.imosver.com\/blog\/2-libros-con-los-que-empezar-bien-la-semana\/#primaryimage\"},\"datePublished\":\"2017-02-27T06:27:55+00:00\",\"dateModified\":\"2021-04-07T14:13:58+00:00\",\"breadcrumb\":{\"@id\":\"https:\/\/www.imosver.com\/blog\/2-libros-con-los-que-empezar-bien-la-semana\/#breadcrumb\"},\"inLanguage\":\"es\",\"potentialAction\":[{\"@type\":\"ReadAction\",\"target\":[\"https:\/\/www.imosver.com\/blog\/2-libros-con-los-que-empezar-bien-la-semana\/\"]}]},{\"@type\":\"BreadcrumbList\",\"@id\":\"https:\/\/www.imosver.com\/blog\/2-libros-con-los-que-empezar-bien-la-semana\/#breadcrumb\",\"itemListElement\":[{\"@type\":\"ListItem\",\"position\":1,\"name\":\"Portada\",\"item\":\"https:\/\/www.imosver.com\/blog\/\"},{\"@type\":\"ListItem\",\"position\":2,\"name\":\"2 Libros con los que empezar bien la semana\"}]},{\"@type\":\"Article\",\"@id\":\"https:\/\/www.imosver.com\/blog\/2-libros-con-los-que-empezar-bien-la-semana\/#article\",\"isPartOf\":{\"@id\":\"https:\/\/www.imosver.com\/blog\/2-libros-con-los-que-empezar-bien-la-semana\/#webpage\"},\"author\":{\"@id\":\"https:\/\/www.imosver.com\/blog\/#\/schema\/person\/4894cc3afc687758ce752d7938e0519d\"},\"headline\":\"2 Libros con los que empezar bien la semana\",\"datePublished\":\"2017-02-27T06:27:55+00:00\",\"dateModified\":\"2021-04-07T14:13:58+00:00\",\"mainEntityOfPage\":{\"@id\":\"https:\/\/www.imosver.com\/blog\/2-libros-con-los-que-empezar-bien-la-semana\/#webpage\"},\"wordCount\":388,\"commentCount\":0,\"publisher\":{\"@id\":\"https:\/\/www.imosver.com\/blog\/#organization\"},\"image\":{\"@id\":\"https:\/\/www.imosver.com\/blog\/2-libros-con-los-que-empezar-bien-la-semana\/#primaryimage\"},\"thumbnailUrl\":\"https:\/\/www.imosver.com\/blog\/wp-content\/uploads\/2017\/02\/L27-2-Libros-con-los-que-empezar-bien-la-semana-200x133.jpeg\",\"keywords\":[\"Caraval\",\"Elisabeth Benavent\",\"La magia de ser Sof\\u00eda\",\"La Saga Valeria\",\"magia\"],\"articleSection\":[\"Actualidad\"],\"inLanguage\":\"es\",\"potentialAction\":[{\"@type\":\"CommentAction\",\"name\":\"Comment\",\"target\":[\"https:\/\/www.imosver.com\/blog\/2-libros-con-los-que-empezar-bien-la-semana\/#respond\"]}]},{\"@type\":\"Person\",\"@id\":\"https:\/\/www.imosver.com\/blog\/#\/schema\/person\/4894cc3afc687758ce752d7938e0519d\",\"name\":\"Imosver\",\"image\":{\"@type\":\"ImageObject\",\"@id\":\"https:\/\/www.imosver.com\/blog\/#personlogo\",\"inLanguage\":\"es\",\"url\":\"https:\/\/secure.gravatar.com\/avatar\/00c6911b29e428161a36327744b2bc61?s=96&r=g\",\"contentUrl\":\"https:\/\/secure.gravatar.com\/avatar\/00c6911b29e428161a36327744b2bc61?s=96&r=g\",\"caption\":\"Imosver\"},\"url\":\"https:\/\/www.imosver.com\/blog\/author\/imosver\/\"}]}<\/script>\n<!-- \/ Yoast SEO plugin. -->","yoast_head_json":{"robots":{"index":"index","follow":"follow","max-snippet":"max-snippet:-1","max-image-preview":"max-image-preview:large","max-video-preview":"max-video-preview:-1"},"canonical":"https:\/\/www.imosver.com\/blog\/2-libros-con-los-que-empezar-bien-la-semana\/","og_locale":"es_ES","og_type":"article","og_title":"2 Libros con los que empezar bien la semana - Blog imosver","og_description":"\u00bfC\u00f3mo se presenta la semana? \u00bfLo ten\u00e9is todo planeado para que sea un \u00e9xito? Si no es as\u00ed, nosotros queremos ayudaros a empezar bien la semana y a\u00f1adir un poco de diversi\u00f3n a estos d\u00edas que vienen. Para ello, hemos seleccionado dos libros muy divertidos y con los que merece la pena dejarse llevar porque [&hellip;]","og_url":"https:\/\/www.imosver.com\/blog\/2-libros-con-los-que-empezar-bien-la-semana\/","og_site_name":"Blog imosver","article_publisher":"https:\/\/www.facebook.com\/imosver","article_published_time":"2017-02-27T06:27:55+00:00","article_modified_time":"2021-04-07T14:13:58+00:00","og_image":[{"url":"https:\/\/www.imosver.com\/blog\/wp-content\/uploads\/2017\/02\/L27-2-Libros-con-los-que-empezar-bien-la-semana-200x133.jpeg"}],"twitter_card":"summary_large_image","twitter_creator":"@Imosver","twitter_site":"@Imosver","twitter_misc":{"Escrito por":"Imosver","Tiempo de lectura":"2 minutos"},"schema":{"@context":"https:\/\/schema.org","@graph":[{"@type":"Organization","@id":"https:\/\/www.imosver.com\/blog\/#organization","name":"Imosver","url":"https:\/\/www.imosver.com\/blog\/","sameAs":["https:\/\/www.facebook.com\/imosver","https:\/\/www.instagram.com\/imosver\/","https:\/\/www.linkedin.com\/company\/3086458\/admin\/","https:\/\/www.pinterest.es\/imosver\/","https:\/\/twitter.com\/Imosver"],"logo":{"@type":"ImageObject","@id":"https:\/\/www.imosver.com\/blog\/#logo","inLanguage":"es","url":"https:\/\/www.imosver.com\/blog\/wp-content\/uploads\/2026\/01\/logo.png","contentUrl":"https:\/\/www.imosver.com\/blog\/wp-content\/uploads\/2026\/01\/logo.png","width":523,"height":120,"caption":"Imosver"},"image":{"@id":"https:\/\/www.imosver.com\/blog\/#logo"}},{"@type":"WebSite","@id":"https:\/\/www.imosver.com\/blog\/#website","url":"https:\/\/www.imosver.com\/blog\/","name":"Blog imosver","description":"Blog Imosver","publisher":{"@id":"https:\/\/www.imosver.com\/blog\/#organization"},"potentialAction":[{"@type":"SearchAction","target":{"@type":"EntryPoint","urlTemplate":"https:\/\/www.imosver.com\/blog\/?s={search_term_string}"},"query-input":"required name=search_term_string"}],"inLanguage":"es"},{"@type":"ImageObject","@id":"https:\/\/www.imosver.com\/blog\/2-libros-con-los-que-empezar-bien-la-semana\/#primaryimage","inLanguage":"es","url":"https:\/\/www.imosver.com\/blog\/wp-content\/uploads\/2017\/02\/L27-2-Libros-con-los-que-empezar-bien-la-semana.jpeg","contentUrl":"https:\/\/www.imosver.com\/blog\/wp-content\/uploads\/2017\/02\/L27-2-Libros-con-los-que-empezar-bien-la-semana.jpeg","width":"940","height":"627"},{"@type":"WebPage","@id":"https:\/\/www.imosver.com\/blog\/2-libros-con-los-que-empezar-bien-la-semana\/#webpage","url":"https:\/\/www.imosver.com\/blog\/2-libros-con-los-que-empezar-bien-la-semana\/","name":"2 Libros con los que empezar bien la semana - Blog imosver","isPartOf":{"@id":"https:\/\/www.imosver.com\/blog\/#website"},"primaryImageOfPage":{"@id":"https:\/\/www.imosver.com\/blog\/2-libros-con-los-que-empezar-bien-la-semana\/#primaryimage"},"datePublished":"2017-02-27T06:27:55+00:00","dateModified":"2021-04-07T14:13:58+00:00","breadcrumb":{"@id":"https:\/\/www.imosver.com\/blog\/2-libros-con-los-que-empezar-bien-la-semana\/#breadcrumb"},"inLanguage":"es","potentialAction":[{"@type":"ReadAction","target":["https:\/\/www.imosver.com\/blog\/2-libros-con-los-que-empezar-bien-la-semana\/"]}]},{"@type":"BreadcrumbList","@id":"https:\/\/www.imosver.com\/blog\/2-libros-con-los-que-empezar-bien-la-semana\/#breadcrumb","itemListElement":[{"@type":"ListItem","position":1,"name":"Portada","item":"https:\/\/www.imosver.com\/blog\/"},{"@type":"ListItem","position":2,"name":"2 Libros con los que empezar bien la semana"}]},{"@type":"Article","@id":"https:\/\/www.imosver.com\/blog\/2-libros-con-los-que-empezar-bien-la-semana\/#article","isPartOf":{"@id":"https:\/\/www.imosver.com\/blog\/2-libros-con-los-que-empezar-bien-la-semana\/#webpage"},"author":{"@id":"https:\/\/www.imosver.com\/blog\/#\/schema\/person\/4894cc3afc687758ce752d7938e0519d"},"headline":"2 Libros con los que empezar bien la semana","datePublished":"2017-02-27T06:27:55+00:00","dateModified":"2021-04-07T14:13:58+00:00","mainEntityOfPage":{"@id":"https:\/\/www.imosver.com\/blog\/2-libros-con-los-que-empezar-bien-la-semana\/#webpage"},"wordCount":388,"commentCount":0,"publisher":{"@id":"https:\/\/www.imosver.com\/blog\/#organization"},"image":{"@id":"https:\/\/www.imosver.com\/blog\/2-libros-con-los-que-empezar-bien-la-semana\/#primaryimage"},"thumbnailUrl":"https:\/\/www.imosver.com\/blog\/wp-content\/uploads\/2017\/02\/L27-2-Libros-con-los-que-empezar-bien-la-semana-200x133.jpeg","keywords":["Caraval","Elisabeth Benavent","La magia de ser Sof\u00eda","La Saga Valeria","magia"],"articleSection":["Actualidad"],"inLanguage":"es","potentialAction":[{"@type":"CommentAction","name":"Comment","target":["https:\/\/www.imosver.com\/blog\/2-libros-con-los-que-empezar-bien-la-semana\/#respond"]}]},{"@type":"Person","@id":"https:\/\/www.imosver.com\/blog\/#\/schema\/person\/4894cc3afc687758ce752d7938e0519d","name":"Imosver","image":{"@type":"ImageObject","@id":"https:\/\/www.imosver.com\/blog\/#personlogo","inLanguage":"es","url":"https:\/\/secure.gravatar.com\/avatar\/00c6911b29e428161a36327744b2bc61?s=96&r=g","contentUrl":"https:\/\/secure.gravatar.com\/avatar\/00c6911b29e428161a36327744b2bc61?s=96&r=g","caption":"Imosver"},"url":"https:\/\/www.imosver.com\/blog\/author\/imosver\/"}]}},"_links":{"self":[{"href":"https:\/\/www.imosver.com\/blog\/wp-json\/wp\/v2\/posts\/4585"}],"collection":[{"href":"https:\/\/www.imosver.com\/blog\/wp-json\/wp\/v2\/posts"}],"about":[{"href":"https:\/\/www.imosver.com\/blog\/wp-json\/wp\/v2\/types\/post"}],"author":[{"embeddable":true,"href":"https:\/\/www.imosver.com\/blog\/wp-json\/wp\/v2\/users\/2"}],"replies":[{"embeddable":true,"href":"https:\/\/www.imosver.com\/blog\/wp-json\/wp\/v2\/comments?post=4585"}],"version-history":[{"count":1,"href":"https:\/\/www.imosver.com\/blog\/wp-json\/wp\/v2\/posts\/4585\/revisions"}],"predecessor-version":[{"id":4587,"href":"https:\/\/www.imosver.com\/blog\/wp-json\/wp\/v2\/posts\/4585\/revisions\/4587"}],"wp:attachment":[{"href":"https:\/\/www.imosver.com\/blog\/wp-json\/wp\/v2\/media?parent=4585"}],"wp:term":[{"taxonomy":"category","embeddable":true,"href":"https:\/\/www.imosver.com\/blog\/wp-json\/wp\/v2\/categories?post=4585"},{"taxonomy":"post_tag","embeddable":true,"href":"https:\/\/www.imosver.com\/blog\/wp-json\/wp\/v2\/tags?post=4585"}],"curies":[{"name":"wp","href":"https:\/\/api.w.org\/{rel}","templated":true}]}}