{"id":4898,"date":"2017-07-26T07:27:07","date_gmt":"2017-07-26T05:27:07","guid":{"rendered":"https:\/\/www.imosver.com\/blog\/?p=4898"},"modified":"2021-04-07T16:10:45","modified_gmt":"2021-04-07T14:10:45","slug":"la-nueva-novela-de-dan-brown-origen","status":"publish","type":"post","link":"https:\/\/www.imosver.com\/blog\/la-nueva-novela-de-dan-brown-origen\/","title":{"rendered":"La nueva novela de Dan Brown, Origen"},"content":{"rendered":"<p style=\"text-align: justify;\"><a href=\"https:\/\/www.imosver.com\/blog\/wp-content\/uploads\/2017\/07\/X26-Imosver.jpg\"><img loading=\"lazy\" class=\"alignleft size-medium wp-image-4899\" title=\"X26 Imosver\" src=\"https:\/\/www.imosver.com\/blog\/wp-content\/uploads\/2017\/07\/X26-Imosver-200x284.jpg\" alt=\"\" width=\"200\" height=\"284\" srcset=\"https:\/\/www.imosver.com\/blog\/wp-content\/uploads\/2017\/07\/X26-Imosver-200x284.jpg 200w, https:\/\/www.imosver.com\/blog\/wp-content\/uploads\/2017\/07\/X26-Imosver.jpg 351w\" sizes=\"(max-width: 200px) 100vw, 200px\" \/><\/a>\u00bfDisfrutaste de <a href=\"https:\/\/www.imosver.com\/es\/libro\/el-codigo-da-vinci-nueva-edicion_0010135841\"><strong>El C\u00f3digo Da Vinci<\/strong><\/a> o de <a href=\"https:\/\/www.imosver.com\/es\/libro\/inferno_0010046834\"><strong>Inferno<\/strong><\/a>? Pues no tienes que esperar m\u00e1s para poder disfrutar de <strong>otro libro de Dan Brown<\/strong> en donde encontrar a <strong>Robert Langdon<\/strong> como protagonista de una trama vertiginosa. En esta ocasi\u00f3n, en <a href=\"https:\/\/www.imosver.com\/es\/libro\/origen_BIT0027203\"><strong>Origen<\/strong><\/a>, el profesor de Harvard vendr\u00e1 hasta latitudes espa\u00f1olas, al Museo Guggenheim de Bilbao, donde se supone habr\u00e1 un anuncio que cambiar\u00e1 la ciencia para siempre y pero tambi\u00e9n c\u00f3mo concebimos nuestro mundo \u00bfDe d\u00f3nde venimos y a d\u00f3nde vamos?<\/p>\n<p style=\"text-align: justify;\">Ahora bien, no pienses que solo Bilbao ser\u00e1 la ciudad visitada por <strong>Robert Langdon<\/strong> porque nuestra geograf\u00eda ser\u00e1 el escenario de este libro. Esta fren\u00e9tica historia saltar\u00e1 desde Madrid, Bilbao, Barcelona o Sevilla, donde nuestro protagonista habr\u00e1 de buscar pistas relacionadas con el arte moderno y con grandes s\u00edmbolos incluso religiosos, todo para desentra\u00f1ar un secreto revolucionario ya urdido por uno de los que destac\u00f3 entre sus pupilos.<\/p>\n<p style=\"text-align: justify;\">Sin duda, un aliciente m\u00e1s para nosotros sumergirnos en este libro de Dan Brown, <a href=\"https:\/\/www.imosver.com\/es\/libro\/origen_BIT0027203\"><strong>Origen<\/strong><\/a>, donde toda su trama se desarrolla en Espa\u00f1a. Adem\u00e1s, este autor siempre utiliza los escenarios donde contextualiza sus novelas como una pieza clave en sus historias. Imaginaros visitar poni\u00e9ndonos en la piel de Robert Langdom enclaves tan estrat\u00e9gicos como el Palacio Real, La Sagrada Familia, La Catedral de Sevilla o el mismo Museo Guggenheim donde tendr\u00e1 lugar el pistoletazo de salida de esta nueva entrega de los libros de <strong>Dan<\/strong> <strong>Brown<\/strong>.<\/p>\n<p style=\"text-align: justify;\">Quiz\u00e1s andabas pensando en qu\u00e9 libro poder sumergirte estas vacaciones entre ba\u00f1o y ba\u00f1o en las calurosas tardes de esta \u00e9poca estival. Nosotros queremos acercarte <strong>la \u00faltima novela de Dan Brown<\/strong>, <a href=\"https:\/\/www.imosver.com\/es\/libro\/origen_BIT0027203\"><strong>Origen<\/strong><\/a>, porque sabemos que no te defraudar\u00e1 y te mantendr\u00e1 enganchado desde la primera hasta la \u00faltima p\u00e1gina. El ritmo y el estilo de Dan Brown a la hora de escribir y presentar sus novelas nos deja a todos sin respiraci\u00f3n, queriendo en cada momento tener una oportunidad para seguir leyendo, por lo que sabemos que en la lectura de esta novela podr\u00e1s aprovechar al m\u00e1ximo tus vacaciones de verano.<\/p>\n","protected":false},"excerpt":{"rendered":"<p>\u00bfDisfrutaste de El C\u00f3digo Da Vinci o de Inferno? Pues no tienes que esperar m\u00e1s para poder disfrutar de otro libro de Dan Brown en donde encontrar a Robert Langdon como protagonista de una trama vertiginosa. En esta ocasi\u00f3n, en Origen, el profesor de Harvard vendr\u00e1 hasta latitudes espa\u00f1olas, al Museo Guggenheim de Bilbao, donde [&hellip;]<\/p>\n","protected":false},"author":2,"featured_media":0,"comment_status":"open","ping_status":"open","sticky":false,"template":"","format":"standard","meta":{"tdm_status":"","tdm_grid_status":""},"categories":[165],"tags":[169,198,1483,2550],"yoast_head":"<!-- This site is optimized with the Yoast SEO plugin v17.2 - https:\/\/yoast.com\/wordpress\/plugins\/seo\/ -->\n<meta name=\"robots\" content=\"index, follow, max-snippet:-1, max-image-preview:large, max-video-preview:-1\" \/>\n<link rel=\"canonical\" href=\"https:\/\/www.imosver.com\/blog\/la-nueva-novela-de-dan-brown-origen\/\" \/>\n<meta property=\"og:locale\" content=\"es_ES\" \/>\n<meta property=\"og:type\" content=\"article\" \/>\n<meta property=\"og:title\" content=\"La nueva novela de Dan Brown, Origen - Blog imosver\" \/>\n<meta property=\"og:description\" content=\"\u00bfDisfrutaste de El C\u00f3digo Da Vinci o de Inferno? Pues no tienes que esperar m\u00e1s para poder disfrutar de otro libro de Dan Brown en donde encontrar a Robert Langdon como protagonista de una trama vertiginosa. En esta ocasi\u00f3n, en Origen, el profesor de Harvard vendr\u00e1 hasta latitudes espa\u00f1olas, al Museo Guggenheim de Bilbao, donde [&hellip;]\" \/>\n<meta property=\"og:url\" content=\"https:\/\/www.imosver.com\/blog\/la-nueva-novela-de-dan-brown-origen\/\" \/>\n<meta property=\"og:site_name\" content=\"Blog imosver\" \/>\n<meta property=\"article:publisher\" content=\"https:\/\/www.facebook.com\/imosver\" \/>\n<meta property=\"article:published_time\" content=\"2017-07-26T05:27:07+00:00\" \/>\n<meta property=\"article:modified_time\" content=\"2021-04-07T14:10:45+00:00\" \/>\n<meta property=\"og:image\" content=\"https:\/\/www.imosver.com\/blog\/wp-content\/uploads\/2017\/07\/X26-Imosver-200x284.jpg\" \/>\n<meta name=\"twitter:card\" content=\"summary_large_image\" \/>\n<meta name=\"twitter:creator\" content=\"@Imosver\" \/>\n<meta name=\"twitter:site\" content=\"@Imosver\" \/>\n<meta name=\"twitter:label1\" content=\"Escrito por\" \/>\n\t<meta name=\"twitter:data1\" content=\"Imosver\" \/>\n\t<meta name=\"twitter:label2\" content=\"Tiempo de lectura\" \/>\n\t<meta name=\"twitter:data2\" content=\"2 minutos\" \/>\n<script type=\"application\/ld+json\" class=\"yoast-schema-graph\">{\"@context\":\"https:\/\/schema.org\",\"@graph\":[{\"@type\":\"Organization\",\"@id\":\"https:\/\/www.imosver.com\/blog\/#organization\",\"name\":\"Imosver\",\"url\":\"https:\/\/www.imosver.com\/blog\/\",\"sameAs\":[\"https:\/\/www.facebook.com\/imosver\",\"https:\/\/www.instagram.com\/imosver\/\",\"https:\/\/www.linkedin.com\/company\/3086458\/admin\/\",\"https:\/\/www.pinterest.es\/imosver\/\",\"https:\/\/twitter.com\/Imosver\"],\"logo\":{\"@type\":\"ImageObject\",\"@id\":\"https:\/\/www.imosver.com\/blog\/#logo\",\"inLanguage\":\"es\",\"url\":\"https:\/\/www.imosver.com\/blog\/wp-content\/uploads\/2026\/01\/logo.png\",\"contentUrl\":\"https:\/\/www.imosver.com\/blog\/wp-content\/uploads\/2026\/01\/logo.png\",\"width\":523,\"height\":120,\"caption\":\"Imosver\"},\"image\":{\"@id\":\"https:\/\/www.imosver.com\/blog\/#logo\"}},{\"@type\":\"WebSite\",\"@id\":\"https:\/\/www.imosver.com\/blog\/#website\",\"url\":\"https:\/\/www.imosver.com\/blog\/\",\"name\":\"Blog imosver\",\"description\":\"Blog Imosver\",\"publisher\":{\"@id\":\"https:\/\/www.imosver.com\/blog\/#organization\"},\"potentialAction\":[{\"@type\":\"SearchAction\",\"target\":{\"@type\":\"EntryPoint\",\"urlTemplate\":\"https:\/\/www.imosver.com\/blog\/?s={search_term_string}\"},\"query-input\":\"required name=search_term_string\"}],\"inLanguage\":\"es\"},{\"@type\":\"ImageObject\",\"@id\":\"https:\/\/www.imosver.com\/blog\/la-nueva-novela-de-dan-brown-origen\/#primaryimage\",\"inLanguage\":\"es\",\"url\":\"https:\/\/www.imosver.com\/blog\/wp-content\/uploads\/2017\/07\/X26-Imosver.jpg\",\"contentUrl\":\"https:\/\/www.imosver.com\/blog\/wp-content\/uploads\/2017\/07\/X26-Imosver.jpg\",\"width\":\"351\",\"height\":\"500\"},{\"@type\":\"WebPage\",\"@id\":\"https:\/\/www.imosver.com\/blog\/la-nueva-novela-de-dan-brown-origen\/#webpage\",\"url\":\"https:\/\/www.imosver.com\/blog\/la-nueva-novela-de-dan-brown-origen\/\",\"name\":\"La nueva novela de Dan Brown, Origen - Blog imosver\",\"isPartOf\":{\"@id\":\"https:\/\/www.imosver.com\/blog\/#website\"},\"primaryImageOfPage\":{\"@id\":\"https:\/\/www.imosver.com\/blog\/la-nueva-novela-de-dan-brown-origen\/#primaryimage\"},\"datePublished\":\"2017-07-26T05:27:07+00:00\",\"dateModified\":\"2021-04-07T14:10:45+00:00\",\"breadcrumb\":{\"@id\":\"https:\/\/www.imosver.com\/blog\/la-nueva-novela-de-dan-brown-origen\/#breadcrumb\"},\"inLanguage\":\"es\",\"potentialAction\":[{\"@type\":\"ReadAction\",\"target\":[\"https:\/\/www.imosver.com\/blog\/la-nueva-novela-de-dan-brown-origen\/\"]}]},{\"@type\":\"BreadcrumbList\",\"@id\":\"https:\/\/www.imosver.com\/blog\/la-nueva-novela-de-dan-brown-origen\/#breadcrumb\",\"itemListElement\":[{\"@type\":\"ListItem\",\"position\":1,\"name\":\"Portada\",\"item\":\"https:\/\/www.imosver.com\/blog\/\"},{\"@type\":\"ListItem\",\"position\":2,\"name\":\"La nueva novela de Dan Brown, Origen\"}]},{\"@type\":\"Article\",\"@id\":\"https:\/\/www.imosver.com\/blog\/la-nueva-novela-de-dan-brown-origen\/#article\",\"isPartOf\":{\"@id\":\"https:\/\/www.imosver.com\/blog\/la-nueva-novela-de-dan-brown-origen\/#webpage\"},\"author\":{\"@id\":\"https:\/\/www.imosver.com\/blog\/#\/schema\/person\/4894cc3afc687758ce752d7938e0519d\"},\"headline\":\"La nueva novela de Dan Brown, Origen\",\"datePublished\":\"2017-07-26T05:27:07+00:00\",\"dateModified\":\"2021-04-07T14:10:45+00:00\",\"mainEntityOfPage\":{\"@id\":\"https:\/\/www.imosver.com\/blog\/la-nueva-novela-de-dan-brown-origen\/#webpage\"},\"wordCount\":366,\"commentCount\":0,\"publisher\":{\"@id\":\"https:\/\/www.imosver.com\/blog\/#organization\"},\"image\":{\"@id\":\"https:\/\/www.imosver.com\/blog\/la-nueva-novela-de-dan-brown-origen\/#primaryimage\"},\"thumbnailUrl\":\"https:\/\/www.imosver.com\/blog\/wp-content\/uploads\/2017\/07\/X26-Imosver-200x284.jpg\",\"keywords\":[\"Dan Brown\",\"origen\",\"robert langdon\",\"\\u00faltima novela\"],\"articleSection\":[\"Actualidad\"],\"inLanguage\":\"es\",\"potentialAction\":[{\"@type\":\"CommentAction\",\"name\":\"Comment\",\"target\":[\"https:\/\/www.imosver.com\/blog\/la-nueva-novela-de-dan-brown-origen\/#respond\"]}]},{\"@type\":\"Person\",\"@id\":\"https:\/\/www.imosver.com\/blog\/#\/schema\/person\/4894cc3afc687758ce752d7938e0519d\",\"name\":\"Imosver\",\"image\":{\"@type\":\"ImageObject\",\"@id\":\"https:\/\/www.imosver.com\/blog\/#personlogo\",\"inLanguage\":\"es\",\"url\":\"https:\/\/secure.gravatar.com\/avatar\/00c6911b29e428161a36327744b2bc61?s=96&r=g\",\"contentUrl\":\"https:\/\/secure.gravatar.com\/avatar\/00c6911b29e428161a36327744b2bc61?s=96&r=g\",\"caption\":\"Imosver\"},\"url\":\"https:\/\/www.imosver.com\/blog\/author\/imosver\/\"}]}<\/script>\n<!-- \/ Yoast SEO plugin. -->","yoast_head_json":{"robots":{"index":"index","follow":"follow","max-snippet":"max-snippet:-1","max-image-preview":"max-image-preview:large","max-video-preview":"max-video-preview:-1"},"canonical":"https:\/\/www.imosver.com\/blog\/la-nueva-novela-de-dan-brown-origen\/","og_locale":"es_ES","og_type":"article","og_title":"La nueva novela de Dan Brown, Origen - Blog imosver","og_description":"\u00bfDisfrutaste de El C\u00f3digo Da Vinci o de Inferno? Pues no tienes que esperar m\u00e1s para poder disfrutar de otro libro de Dan Brown en donde encontrar a Robert Langdon como protagonista de una trama vertiginosa. En esta ocasi\u00f3n, en Origen, el profesor de Harvard vendr\u00e1 hasta latitudes espa\u00f1olas, al Museo Guggenheim de Bilbao, donde [&hellip;]","og_url":"https:\/\/www.imosver.com\/blog\/la-nueva-novela-de-dan-brown-origen\/","og_site_name":"Blog imosver","article_publisher":"https:\/\/www.facebook.com\/imosver","article_published_time":"2017-07-26T05:27:07+00:00","article_modified_time":"2021-04-07T14:10:45+00:00","og_image":[{"url":"https:\/\/www.imosver.com\/blog\/wp-content\/uploads\/2017\/07\/X26-Imosver-200x284.jpg"}],"twitter_card":"summary_large_image","twitter_creator":"@Imosver","twitter_site":"@Imosver","twitter_misc":{"Escrito por":"Imosver","Tiempo de lectura":"2 minutos"},"schema":{"@context":"https:\/\/schema.org","@graph":[{"@type":"Organization","@id":"https:\/\/www.imosver.com\/blog\/#organization","name":"Imosver","url":"https:\/\/www.imosver.com\/blog\/","sameAs":["https:\/\/www.facebook.com\/imosver","https:\/\/www.instagram.com\/imosver\/","https:\/\/www.linkedin.com\/company\/3086458\/admin\/","https:\/\/www.pinterest.es\/imosver\/","https:\/\/twitter.com\/Imosver"],"logo":{"@type":"ImageObject","@id":"https:\/\/www.imosver.com\/blog\/#logo","inLanguage":"es","url":"https:\/\/www.imosver.com\/blog\/wp-content\/uploads\/2026\/01\/logo.png","contentUrl":"https:\/\/www.imosver.com\/blog\/wp-content\/uploads\/2026\/01\/logo.png","width":523,"height":120,"caption":"Imosver"},"image":{"@id":"https:\/\/www.imosver.com\/blog\/#logo"}},{"@type":"WebSite","@id":"https:\/\/www.imosver.com\/blog\/#website","url":"https:\/\/www.imosver.com\/blog\/","name":"Blog imosver","description":"Blog Imosver","publisher":{"@id":"https:\/\/www.imosver.com\/blog\/#organization"},"potentialAction":[{"@type":"SearchAction","target":{"@type":"EntryPoint","urlTemplate":"https:\/\/www.imosver.com\/blog\/?s={search_term_string}"},"query-input":"required name=search_term_string"}],"inLanguage":"es"},{"@type":"ImageObject","@id":"https:\/\/www.imosver.com\/blog\/la-nueva-novela-de-dan-brown-origen\/#primaryimage","inLanguage":"es","url":"https:\/\/www.imosver.com\/blog\/wp-content\/uploads\/2017\/07\/X26-Imosver.jpg","contentUrl":"https:\/\/www.imosver.com\/blog\/wp-content\/uploads\/2017\/07\/X26-Imosver.jpg","width":"351","height":"500"},{"@type":"WebPage","@id":"https:\/\/www.imosver.com\/blog\/la-nueva-novela-de-dan-brown-origen\/#webpage","url":"https:\/\/www.imosver.com\/blog\/la-nueva-novela-de-dan-brown-origen\/","name":"La nueva novela de Dan Brown, Origen - Blog imosver","isPartOf":{"@id":"https:\/\/www.imosver.com\/blog\/#website"},"primaryImageOfPage":{"@id":"https:\/\/www.imosver.com\/blog\/la-nueva-novela-de-dan-brown-origen\/#primaryimage"},"datePublished":"2017-07-26T05:27:07+00:00","dateModified":"2021-04-07T14:10:45+00:00","breadcrumb":{"@id":"https:\/\/www.imosver.com\/blog\/la-nueva-novela-de-dan-brown-origen\/#breadcrumb"},"inLanguage":"es","potentialAction":[{"@type":"ReadAction","target":["https:\/\/www.imosver.com\/blog\/la-nueva-novela-de-dan-brown-origen\/"]}]},{"@type":"BreadcrumbList","@id":"https:\/\/www.imosver.com\/blog\/la-nueva-novela-de-dan-brown-origen\/#breadcrumb","itemListElement":[{"@type":"ListItem","position":1,"name":"Portada","item":"https:\/\/www.imosver.com\/blog\/"},{"@type":"ListItem","position":2,"name":"La nueva novela de Dan Brown, Origen"}]},{"@type":"Article","@id":"https:\/\/www.imosver.com\/blog\/la-nueva-novela-de-dan-brown-origen\/#article","isPartOf":{"@id":"https:\/\/www.imosver.com\/blog\/la-nueva-novela-de-dan-brown-origen\/#webpage"},"author":{"@id":"https:\/\/www.imosver.com\/blog\/#\/schema\/person\/4894cc3afc687758ce752d7938e0519d"},"headline":"La nueva novela de Dan Brown, Origen","datePublished":"2017-07-26T05:27:07+00:00","dateModified":"2021-04-07T14:10:45+00:00","mainEntityOfPage":{"@id":"https:\/\/www.imosver.com\/blog\/la-nueva-novela-de-dan-brown-origen\/#webpage"},"wordCount":366,"commentCount":0,"publisher":{"@id":"https:\/\/www.imosver.com\/blog\/#organization"},"image":{"@id":"https:\/\/www.imosver.com\/blog\/la-nueva-novela-de-dan-brown-origen\/#primaryimage"},"thumbnailUrl":"https:\/\/www.imosver.com\/blog\/wp-content\/uploads\/2017\/07\/X26-Imosver-200x284.jpg","keywords":["Dan Brown","origen","robert langdon","\u00faltima novela"],"articleSection":["Actualidad"],"inLanguage":"es","potentialAction":[{"@type":"CommentAction","name":"Comment","target":["https:\/\/www.imosver.com\/blog\/la-nueva-novela-de-dan-brown-origen\/#respond"]}]},{"@type":"Person","@id":"https:\/\/www.imosver.com\/blog\/#\/schema\/person\/4894cc3afc687758ce752d7938e0519d","name":"Imosver","image":{"@type":"ImageObject","@id":"https:\/\/www.imosver.com\/blog\/#personlogo","inLanguage":"es","url":"https:\/\/secure.gravatar.com\/avatar\/00c6911b29e428161a36327744b2bc61?s=96&r=g","contentUrl":"https:\/\/secure.gravatar.com\/avatar\/00c6911b29e428161a36327744b2bc61?s=96&r=g","caption":"Imosver"},"url":"https:\/\/www.imosver.com\/blog\/author\/imosver\/"}]}},"_links":{"self":[{"href":"https:\/\/www.imosver.com\/blog\/wp-json\/wp\/v2\/posts\/4898"}],"collection":[{"href":"https:\/\/www.imosver.com\/blog\/wp-json\/wp\/v2\/posts"}],"about":[{"href":"https:\/\/www.imosver.com\/blog\/wp-json\/wp\/v2\/types\/post"}],"author":[{"embeddable":true,"href":"https:\/\/www.imosver.com\/blog\/wp-json\/wp\/v2\/users\/2"}],"replies":[{"embeddable":true,"href":"https:\/\/www.imosver.com\/blog\/wp-json\/wp\/v2\/comments?post=4898"}],"version-history":[{"count":2,"href":"https:\/\/www.imosver.com\/blog\/wp-json\/wp\/v2\/posts\/4898\/revisions"}],"predecessor-version":[{"id":4901,"href":"https:\/\/www.imosver.com\/blog\/wp-json\/wp\/v2\/posts\/4898\/revisions\/4901"}],"wp:attachment":[{"href":"https:\/\/www.imosver.com\/blog\/wp-json\/wp\/v2\/media?parent=4898"}],"wp:term":[{"taxonomy":"category","embeddable":true,"href":"https:\/\/www.imosver.com\/blog\/wp-json\/wp\/v2\/categories?post=4898"},{"taxonomy":"post_tag","embeddable":true,"href":"https:\/\/www.imosver.com\/blog\/wp-json\/wp\/v2\/tags?post=4898"}],"curies":[{"name":"wp","href":"https:\/\/api.w.org\/{rel}","templated":true}]}}