{"id":495,"date":"2013-01-25T08:51:00","date_gmt":"2013-01-25T08:51:00","guid":{"rendered":"https:\/\/www.imosver.com\/blog\/?p=495"},"modified":"2013-01-25T08:51:01","modified_gmt":"2013-01-25T08:51:01","slug":"la-novela-mas-dramatica-de-virginia-woolf-su-propia-vida","status":"publish","type":"post","link":"https:\/\/www.imosver.com\/blog\/la-novela-mas-dramatica-de-virginia-woolf-su-propia-vida\/","title":{"rendered":"La novela m\u00e1s dram\u00e1tica de Virginia Woolf: su propia vida"},"content":{"rendered":"<p style=\"text-align: justify;\"><a href=\"https:\/\/www.imosver.com\/blog\/la-novela-mas-dramatica-de-virginia-woolf-su-propia-vida\/virginiawoolf\/\" rel=\"attachment wp-att-496\"><img loading=\"lazy\" class=\"alignleft size-full wp-image-496\" title=\"VirginiaWoolf\" src=\"https:\/\/www.imosver.com\/blog\/wp-content\/uploads\/2013\/01\/VirginiaWoolf.jpg\" alt=\"\" width=\"200\" height=\"273\" \/><\/a><\/p>\n<p style=\"text-align: justify;\">Virginia Woolf, \u00a0novelista\u00a0brit\u00e1nica, naci\u00f3 en Londres un \u00a025 de Enero en \u00a01882. Hered\u00f3 la pasi\u00f3n literaria de su padre, Leslie Stephen, distinguido cr\u00edtico e historiador. Virginia fue educada en su bien relacionado hogar de Kensington, comparti\u00e9ndolo con sus ocho hermanos y hermanastros, pues sus padres, viudos con anterioridad, reun\u00edan hijos de los tres matrimonios.\u00a0Con trece a\u00f1os, padeci\u00f3 su primera depresi\u00f3n con motivo de la repentina muerte de su madre en 1895. Dos a\u00f1os m\u00e1s tarde, fallec\u00eda su hermanastra Stella, que hab\u00eda tomado las riendas del hogar familiar. El desquiciamiento moral de su padre junto con su muerte en 1904, provoc\u00f3 en la joven Virginia, una de sus mayores crisis psicol\u00f3gicas, llegando incluso a su ingreso en un centro psiqui\u00e1trico. Levemente recuperada, la escritora y varios hermanos deciden trasladarse a vivir a una nueva casa en Bloommsbury. Su nuevo hogar, pronto se convirti\u00f3 en punto de reuni\u00f3n de intelectuales y antiguos compa\u00f1eros de universidad, que compart\u00edan ciertos criterios est\u00e9ticos y sociales, llegando a ser conocidos como el grupo o c\u00edrculo de Bloomsbury. En 1912 se cas\u00f3 con el tambi\u00e9n escritor, \u00a0con el que posteriormente colabor\u00f3 profesionalmente, Leonard Woolf, quien sent\u00eda verdadera pasi\u00f3n por su esposa.<\/p>\n<p style=\"text-align: justify;\">La inestabilidad emocional de Virginia, era cada vez m\u00e1s patente, y sus episodios de malestar y necesidad de internamiento m\u00e1s frecuentes. Sent\u00eda grandes dosis de culpabilidad por las desgracias que acompa\u00f1aban su vida. El fallecimiento prematuro, de su hermano Toby en 1906, su hermana Laura declarada mentalmente incapaz de por vida&#8230;.la hac\u00edan pronunciar de si misma frases tan dram\u00e1ticas como \u00ab\u00a1 cuan in\u00fatil soy para este mundo, ego\u00edsta, vanidosa, egoc\u00e9ntrica e incompetente !\u00bb o \u00abla vida se me hace intolerable\u00bb. Sexualmente ambigua, mantuvo una relaci\u00f3n con la escritora Vita Sackeville-West que dur\u00f3 varios a\u00f1os.<\/p>\n<p style=\"text-align: justify;\">Virginia Woolf, es considerada figura importante del modernismo literario del siglo XX. Actu\u00f3 como ferviente feminista y \u00a0luch\u00f3 por hacerse un hueco entre los escritores de su \u00e9poca, debatiendo que la escritura tuviese patente masculina.<\/p>\n<p style=\"text-align: justify;\">El 28 de Marzo de 1941, despu\u00e9s de desaparecer de su casa de campo, \u00a0aparec\u00eda muerta en el Rio Ouse con los bolsillos de su abrigo llenos de piedras.<\/p>\n<p style=\"text-align: justify;\">La medicina actual sugiere un cuadro de trastorno bipolar en su personalidad.<\/p>\n<p style=\"text-align: justify;\">Hoy desde Imosver le rendimos homenaje.<\/p>\n<p style=\"text-align: justify;\">Entre sus obras m\u00e1s conocidas destacamos <a href=\"https:\/\/www.imosver.com\/es\/libro\/una-habitacion-propia_NOB0001975\" target=\"_blank\">Una habitaci\u00f3n propia<\/a> , Alfaro, y La se\u00f1ora Dalloway.<\/p>\n","protected":false},"excerpt":{"rendered":"<p>Virginia Woolf, \u00a0novelista\u00a0brit\u00e1nica, naci\u00f3 en Londres un \u00a025 de Enero en \u00a01882. Hered\u00f3 la pasi\u00f3n literaria de su padre, Leslie Stephen, distinguido cr\u00edtico e historiador. Virginia fue educada en su bien relacionado hogar de Kensington, comparti\u00e9ndolo con sus ocho hermanos y hermanastros, pues sus padres, viudos con anterioridad, reun\u00edan hijos de los tres matrimonios.\u00a0Con trece [&hellip;]<\/p>\n","protected":false},"author":2,"featured_media":0,"comment_status":"open","ping_status":"open","sticky":false,"template":"","format":"standard","meta":{"tdm_status":"","tdm_grid_status":""},"categories":[165],"tags":[179],"yoast_head":"<!-- This site is optimized with the Yoast SEO plugin v17.2 - https:\/\/yoast.com\/wordpress\/plugins\/seo\/ -->\n<meta name=\"robots\" content=\"index, follow, max-snippet:-1, max-image-preview:large, max-video-preview:-1\" \/>\n<link rel=\"canonical\" href=\"https:\/\/www.imosver.com\/blog\/la-novela-mas-dramatica-de-virginia-woolf-su-propia-vida\/\" \/>\n<meta property=\"og:locale\" content=\"es_ES\" \/>\n<meta property=\"og:type\" content=\"article\" \/>\n<meta property=\"og:title\" content=\"La novela m\u00e1s dram\u00e1tica de Virginia Woolf: su propia vida - Blog imosver\" \/>\n<meta property=\"og:description\" content=\"Virginia Woolf, \u00a0novelista\u00a0brit\u00e1nica, naci\u00f3 en Londres un \u00a025 de Enero en \u00a01882. Hered\u00f3 la pasi\u00f3n literaria de su padre, Leslie Stephen, distinguido cr\u00edtico e historiador. Virginia fue educada en su bien relacionado hogar de Kensington, comparti\u00e9ndolo con sus ocho hermanos y hermanastros, pues sus padres, viudos con anterioridad, reun\u00edan hijos de los tres matrimonios.\u00a0Con trece [&hellip;]\" \/>\n<meta property=\"og:url\" content=\"https:\/\/www.imosver.com\/blog\/la-novela-mas-dramatica-de-virginia-woolf-su-propia-vida\/\" \/>\n<meta property=\"og:site_name\" content=\"Blog imosver\" \/>\n<meta property=\"article:publisher\" content=\"https:\/\/www.facebook.com\/imosver\" \/>\n<meta property=\"article:published_time\" content=\"2013-01-25T08:51:00+00:00\" \/>\n<meta property=\"article:modified_time\" content=\"2013-01-25T08:51:01+00:00\" \/>\n<meta property=\"og:image\" content=\"https:\/\/www.imosver.com\/blog\/wp-content\/uploads\/2013\/01\/VirginiaWoolf.jpg\" \/>\n<meta name=\"twitter:card\" content=\"summary_large_image\" \/>\n<meta name=\"twitter:creator\" content=\"@Imosver\" \/>\n<meta name=\"twitter:site\" content=\"@Imosver\" \/>\n<meta name=\"twitter:label1\" content=\"Escrito por\" \/>\n\t<meta name=\"twitter:data1\" content=\"Imosver\" \/>\n\t<meta name=\"twitter:label2\" content=\"Tiempo de lectura\" \/>\n\t<meta name=\"twitter:data2\" content=\"2 minutos\" \/>\n<script type=\"application\/ld+json\" class=\"yoast-schema-graph\">{\"@context\":\"https:\/\/schema.org\",\"@graph\":[{\"@type\":\"Organization\",\"@id\":\"https:\/\/www.imosver.com\/blog\/#organization\",\"name\":\"Imosver\",\"url\":\"https:\/\/www.imosver.com\/blog\/\",\"sameAs\":[\"https:\/\/www.facebook.com\/imosver\",\"https:\/\/www.instagram.com\/imosver\/\",\"https:\/\/www.linkedin.com\/company\/3086458\/admin\/\",\"https:\/\/www.pinterest.es\/imosver\/\",\"https:\/\/twitter.com\/Imosver\"],\"logo\":{\"@type\":\"ImageObject\",\"@id\":\"https:\/\/www.imosver.com\/blog\/#logo\",\"inLanguage\":\"es\",\"url\":\"https:\/\/www.imosver.com\/blog\/wp-content\/uploads\/2026\/01\/logo.png\",\"contentUrl\":\"https:\/\/www.imosver.com\/blog\/wp-content\/uploads\/2026\/01\/logo.png\",\"width\":523,\"height\":120,\"caption\":\"Imosver\"},\"image\":{\"@id\":\"https:\/\/www.imosver.com\/blog\/#logo\"}},{\"@type\":\"WebSite\",\"@id\":\"https:\/\/www.imosver.com\/blog\/#website\",\"url\":\"https:\/\/www.imosver.com\/blog\/\",\"name\":\"Blog imosver\",\"description\":\"Blog Imosver\",\"publisher\":{\"@id\":\"https:\/\/www.imosver.com\/blog\/#organization\"},\"potentialAction\":[{\"@type\":\"SearchAction\",\"target\":{\"@type\":\"EntryPoint\",\"urlTemplate\":\"https:\/\/www.imosver.com\/blog\/?s={search_term_string}\"},\"query-input\":\"required name=search_term_string\"}],\"inLanguage\":\"es\"},{\"@type\":\"ImageObject\",\"@id\":\"https:\/\/www.imosver.com\/blog\/la-novela-mas-dramatica-de-virginia-woolf-su-propia-vida\/#primaryimage\",\"inLanguage\":\"es\",\"url\":\"https:\/\/www.imosver.com\/blog\/wp-content\/uploads\/2013\/01\/VirginiaWoolf.jpg\",\"contentUrl\":\"https:\/\/www.imosver.com\/blog\/wp-content\/uploads\/2013\/01\/VirginiaWoolf.jpg\",\"width\":\"200\",\"height\":\"273\"},{\"@type\":\"WebPage\",\"@id\":\"https:\/\/www.imosver.com\/blog\/la-novela-mas-dramatica-de-virginia-woolf-su-propia-vida\/#webpage\",\"url\":\"https:\/\/www.imosver.com\/blog\/la-novela-mas-dramatica-de-virginia-woolf-su-propia-vida\/\",\"name\":\"La novela m\\u00e1s dram\\u00e1tica de Virginia Woolf: su propia vida - Blog imosver\",\"isPartOf\":{\"@id\":\"https:\/\/www.imosver.com\/blog\/#website\"},\"primaryImageOfPage\":{\"@id\":\"https:\/\/www.imosver.com\/blog\/la-novela-mas-dramatica-de-virginia-woolf-su-propia-vida\/#primaryimage\"},\"datePublished\":\"2013-01-25T08:51:00+00:00\",\"dateModified\":\"2013-01-25T08:51:01+00:00\",\"breadcrumb\":{\"@id\":\"https:\/\/www.imosver.com\/blog\/la-novela-mas-dramatica-de-virginia-woolf-su-propia-vida\/#breadcrumb\"},\"inLanguage\":\"es\",\"potentialAction\":[{\"@type\":\"ReadAction\",\"target\":[\"https:\/\/www.imosver.com\/blog\/la-novela-mas-dramatica-de-virginia-woolf-su-propia-vida\/\"]}]},{\"@type\":\"BreadcrumbList\",\"@id\":\"https:\/\/www.imosver.com\/blog\/la-novela-mas-dramatica-de-virginia-woolf-su-propia-vida\/#breadcrumb\",\"itemListElement\":[{\"@type\":\"ListItem\",\"position\":1,\"name\":\"Portada\",\"item\":\"https:\/\/www.imosver.com\/blog\/\"},{\"@type\":\"ListItem\",\"position\":2,\"name\":\"La novela m\\u00e1s dram\\u00e1tica de Virginia Woolf: su propia vida\"}]},{\"@type\":\"Article\",\"@id\":\"https:\/\/www.imosver.com\/blog\/la-novela-mas-dramatica-de-virginia-woolf-su-propia-vida\/#article\",\"isPartOf\":{\"@id\":\"https:\/\/www.imosver.com\/blog\/la-novela-mas-dramatica-de-virginia-woolf-su-propia-vida\/#webpage\"},\"author\":{\"@id\":\"https:\/\/www.imosver.com\/blog\/#\/schema\/person\/4894cc3afc687758ce752d7938e0519d\"},\"headline\":\"La novela m\\u00e1s dram\\u00e1tica de Virginia Woolf: su propia vida\",\"datePublished\":\"2013-01-25T08:51:00+00:00\",\"dateModified\":\"2013-01-25T08:51:01+00:00\",\"mainEntityOfPage\":{\"@id\":\"https:\/\/www.imosver.com\/blog\/la-novela-mas-dramatica-de-virginia-woolf-su-propia-vida\/#webpage\"},\"wordCount\":426,\"commentCount\":0,\"publisher\":{\"@id\":\"https:\/\/www.imosver.com\/blog\/#organization\"},\"image\":{\"@id\":\"https:\/\/www.imosver.com\/blog\/la-novela-mas-dramatica-de-virginia-woolf-su-propia-vida\/#primaryimage\"},\"thumbnailUrl\":\"https:\/\/www.imosver.com\/blog\/wp-content\/uploads\/2013\/01\/VirginiaWoolf.jpg\",\"keywords\":[\"Virginia Woolf\"],\"articleSection\":[\"Actualidad\"],\"inLanguage\":\"es\",\"potentialAction\":[{\"@type\":\"CommentAction\",\"name\":\"Comment\",\"target\":[\"https:\/\/www.imosver.com\/blog\/la-novela-mas-dramatica-de-virginia-woolf-su-propia-vida\/#respond\"]}]},{\"@type\":\"Person\",\"@id\":\"https:\/\/www.imosver.com\/blog\/#\/schema\/person\/4894cc3afc687758ce752d7938e0519d\",\"name\":\"Imosver\",\"image\":{\"@type\":\"ImageObject\",\"@id\":\"https:\/\/www.imosver.com\/blog\/#personlogo\",\"inLanguage\":\"es\",\"url\":\"https:\/\/secure.gravatar.com\/avatar\/00c6911b29e428161a36327744b2bc61?s=96&r=g\",\"contentUrl\":\"https:\/\/secure.gravatar.com\/avatar\/00c6911b29e428161a36327744b2bc61?s=96&r=g\",\"caption\":\"Imosver\"},\"url\":\"https:\/\/www.imosver.com\/blog\/author\/imosver\/\"}]}<\/script>\n<!-- \/ Yoast SEO plugin. -->","yoast_head_json":{"robots":{"index":"index","follow":"follow","max-snippet":"max-snippet:-1","max-image-preview":"max-image-preview:large","max-video-preview":"max-video-preview:-1"},"canonical":"https:\/\/www.imosver.com\/blog\/la-novela-mas-dramatica-de-virginia-woolf-su-propia-vida\/","og_locale":"es_ES","og_type":"article","og_title":"La novela m\u00e1s dram\u00e1tica de Virginia Woolf: su propia vida - Blog imosver","og_description":"Virginia Woolf, \u00a0novelista\u00a0brit\u00e1nica, naci\u00f3 en Londres un \u00a025 de Enero en \u00a01882. Hered\u00f3 la pasi\u00f3n literaria de su padre, Leslie Stephen, distinguido cr\u00edtico e historiador. Virginia fue educada en su bien relacionado hogar de Kensington, comparti\u00e9ndolo con sus ocho hermanos y hermanastros, pues sus padres, viudos con anterioridad, reun\u00edan hijos de los tres matrimonios.\u00a0Con trece [&hellip;]","og_url":"https:\/\/www.imosver.com\/blog\/la-novela-mas-dramatica-de-virginia-woolf-su-propia-vida\/","og_site_name":"Blog imosver","article_publisher":"https:\/\/www.facebook.com\/imosver","article_published_time":"2013-01-25T08:51:00+00:00","article_modified_time":"2013-01-25T08:51:01+00:00","og_image":[{"url":"https:\/\/www.imosver.com\/blog\/wp-content\/uploads\/2013\/01\/VirginiaWoolf.jpg"}],"twitter_card":"summary_large_image","twitter_creator":"@Imosver","twitter_site":"@Imosver","twitter_misc":{"Escrito por":"Imosver","Tiempo de lectura":"2 minutos"},"schema":{"@context":"https:\/\/schema.org","@graph":[{"@type":"Organization","@id":"https:\/\/www.imosver.com\/blog\/#organization","name":"Imosver","url":"https:\/\/www.imosver.com\/blog\/","sameAs":["https:\/\/www.facebook.com\/imosver","https:\/\/www.instagram.com\/imosver\/","https:\/\/www.linkedin.com\/company\/3086458\/admin\/","https:\/\/www.pinterest.es\/imosver\/","https:\/\/twitter.com\/Imosver"],"logo":{"@type":"ImageObject","@id":"https:\/\/www.imosver.com\/blog\/#logo","inLanguage":"es","url":"https:\/\/www.imosver.com\/blog\/wp-content\/uploads\/2026\/01\/logo.png","contentUrl":"https:\/\/www.imosver.com\/blog\/wp-content\/uploads\/2026\/01\/logo.png","width":523,"height":120,"caption":"Imosver"},"image":{"@id":"https:\/\/www.imosver.com\/blog\/#logo"}},{"@type":"WebSite","@id":"https:\/\/www.imosver.com\/blog\/#website","url":"https:\/\/www.imosver.com\/blog\/","name":"Blog imosver","description":"Blog Imosver","publisher":{"@id":"https:\/\/www.imosver.com\/blog\/#organization"},"potentialAction":[{"@type":"SearchAction","target":{"@type":"EntryPoint","urlTemplate":"https:\/\/www.imosver.com\/blog\/?s={search_term_string}"},"query-input":"required name=search_term_string"}],"inLanguage":"es"},{"@type":"ImageObject","@id":"https:\/\/www.imosver.com\/blog\/la-novela-mas-dramatica-de-virginia-woolf-su-propia-vida\/#primaryimage","inLanguage":"es","url":"https:\/\/www.imosver.com\/blog\/wp-content\/uploads\/2013\/01\/VirginiaWoolf.jpg","contentUrl":"https:\/\/www.imosver.com\/blog\/wp-content\/uploads\/2013\/01\/VirginiaWoolf.jpg","width":"200","height":"273"},{"@type":"WebPage","@id":"https:\/\/www.imosver.com\/blog\/la-novela-mas-dramatica-de-virginia-woolf-su-propia-vida\/#webpage","url":"https:\/\/www.imosver.com\/blog\/la-novela-mas-dramatica-de-virginia-woolf-su-propia-vida\/","name":"La novela m\u00e1s dram\u00e1tica de Virginia Woolf: su propia vida - Blog imosver","isPartOf":{"@id":"https:\/\/www.imosver.com\/blog\/#website"},"primaryImageOfPage":{"@id":"https:\/\/www.imosver.com\/blog\/la-novela-mas-dramatica-de-virginia-woolf-su-propia-vida\/#primaryimage"},"datePublished":"2013-01-25T08:51:00+00:00","dateModified":"2013-01-25T08:51:01+00:00","breadcrumb":{"@id":"https:\/\/www.imosver.com\/blog\/la-novela-mas-dramatica-de-virginia-woolf-su-propia-vida\/#breadcrumb"},"inLanguage":"es","potentialAction":[{"@type":"ReadAction","target":["https:\/\/www.imosver.com\/blog\/la-novela-mas-dramatica-de-virginia-woolf-su-propia-vida\/"]}]},{"@type":"BreadcrumbList","@id":"https:\/\/www.imosver.com\/blog\/la-novela-mas-dramatica-de-virginia-woolf-su-propia-vida\/#breadcrumb","itemListElement":[{"@type":"ListItem","position":1,"name":"Portada","item":"https:\/\/www.imosver.com\/blog\/"},{"@type":"ListItem","position":2,"name":"La novela m\u00e1s dram\u00e1tica de Virginia Woolf: su propia vida"}]},{"@type":"Article","@id":"https:\/\/www.imosver.com\/blog\/la-novela-mas-dramatica-de-virginia-woolf-su-propia-vida\/#article","isPartOf":{"@id":"https:\/\/www.imosver.com\/blog\/la-novela-mas-dramatica-de-virginia-woolf-su-propia-vida\/#webpage"},"author":{"@id":"https:\/\/www.imosver.com\/blog\/#\/schema\/person\/4894cc3afc687758ce752d7938e0519d"},"headline":"La novela m\u00e1s dram\u00e1tica de Virginia Woolf: su propia vida","datePublished":"2013-01-25T08:51:00+00:00","dateModified":"2013-01-25T08:51:01+00:00","mainEntityOfPage":{"@id":"https:\/\/www.imosver.com\/blog\/la-novela-mas-dramatica-de-virginia-woolf-su-propia-vida\/#webpage"},"wordCount":426,"commentCount":0,"publisher":{"@id":"https:\/\/www.imosver.com\/blog\/#organization"},"image":{"@id":"https:\/\/www.imosver.com\/blog\/la-novela-mas-dramatica-de-virginia-woolf-su-propia-vida\/#primaryimage"},"thumbnailUrl":"https:\/\/www.imosver.com\/blog\/wp-content\/uploads\/2013\/01\/VirginiaWoolf.jpg","keywords":["Virginia Woolf"],"articleSection":["Actualidad"],"inLanguage":"es","potentialAction":[{"@type":"CommentAction","name":"Comment","target":["https:\/\/www.imosver.com\/blog\/la-novela-mas-dramatica-de-virginia-woolf-su-propia-vida\/#respond"]}]},{"@type":"Person","@id":"https:\/\/www.imosver.com\/blog\/#\/schema\/person\/4894cc3afc687758ce752d7938e0519d","name":"Imosver","image":{"@type":"ImageObject","@id":"https:\/\/www.imosver.com\/blog\/#personlogo","inLanguage":"es","url":"https:\/\/secure.gravatar.com\/avatar\/00c6911b29e428161a36327744b2bc61?s=96&r=g","contentUrl":"https:\/\/secure.gravatar.com\/avatar\/00c6911b29e428161a36327744b2bc61?s=96&r=g","caption":"Imosver"},"url":"https:\/\/www.imosver.com\/blog\/author\/imosver\/"}]}},"_links":{"self":[{"href":"https:\/\/www.imosver.com\/blog\/wp-json\/wp\/v2\/posts\/495"}],"collection":[{"href":"https:\/\/www.imosver.com\/blog\/wp-json\/wp\/v2\/posts"}],"about":[{"href":"https:\/\/www.imosver.com\/blog\/wp-json\/wp\/v2\/types\/post"}],"author":[{"embeddable":true,"href":"https:\/\/www.imosver.com\/blog\/wp-json\/wp\/v2\/users\/2"}],"replies":[{"embeddable":true,"href":"https:\/\/www.imosver.com\/blog\/wp-json\/wp\/v2\/comments?post=495"}],"version-history":[{"count":6,"href":"https:\/\/www.imosver.com\/blog\/wp-json\/wp\/v2\/posts\/495\/revisions"}],"predecessor-version":[{"id":503,"href":"https:\/\/www.imosver.com\/blog\/wp-json\/wp\/v2\/posts\/495\/revisions\/503"}],"wp:attachment":[{"href":"https:\/\/www.imosver.com\/blog\/wp-json\/wp\/v2\/media?parent=495"}],"wp:term":[{"taxonomy":"category","embeddable":true,"href":"https:\/\/www.imosver.com\/blog\/wp-json\/wp\/v2\/categories?post=495"},{"taxonomy":"post_tag","embeddable":true,"href":"https:\/\/www.imosver.com\/blog\/wp-json\/wp\/v2\/tags?post=495"}],"curies":[{"name":"wp","href":"https:\/\/api.w.org\/{rel}","templated":true}]}}