{"id":5302,"date":"2017-12-13T10:19:20","date_gmt":"2017-12-13T09:19:20","guid":{"rendered":"https:\/\/www.imosver.com\/blog\/?p=5302"},"modified":"2021-04-07T16:13:45","modified_gmt":"2021-04-07T14:13:45","slug":"coloreables-tematicos-regalar","status":"publish","type":"post","link":"https:\/\/www.imosver.com\/blog\/coloreables-tematicos-regalar\/","title":{"rendered":"Coloreables tem\u00e1ticos para regalar"},"content":{"rendered":"<p style=\"text-align: justify;\">Seguro que muchos de vosotros ya and\u00e1is con mil y una ideas en la cabeza sobre los regalos de navidad que os quedan por comprar o simplemente qu\u00e9 le pod\u00e9is regalar a quien os ha tocado en el amigo invisible.<!--more--> Pero si no es as\u00ed, nosotros os queremos sorprender con diferentes <strong>coloreables tem\u00e1ticos<\/strong> para todos los gustos. \u00bfNos acompa\u00f1\u00e1is a descubrir algunas de las opciones de los <strong>libros para colorear<\/strong> que han lanzado las editoriales?<\/p>\n<h2 style=\"text-align: justify;\"><a href=\"https:\/\/www.imosver.com\/es\/libro\/el-atlas-del-mundo-para-colorear_0010176652\">El atlas del mundo para colorear<\/a><\/h2>\n<p style=\"text-align: justify;\"><a href=\"https:\/\/www.imosver.com\/blog\/wp-content\/uploads\/2017\/12\/L11Imosver3.jpeg\"><img loading=\"lazy\" class=\"alignright size-medium wp-image-5306\" title=\"regalo-navidad-colorear-Imosver\" src=\"https:\/\/www.imosver.com\/blog\/wp-content\/uploads\/2017\/12\/L11Imosver3-200x133.jpeg\" alt=\"regalos para colorear en Navidad\" width=\"200\" height=\"133\" srcset=\"https:\/\/www.imosver.com\/blog\/wp-content\/uploads\/2017\/12\/L11Imosver3-200x133.jpeg 200w, https:\/\/www.imosver.com\/blog\/wp-content\/uploads\/2017\/12\/L11Imosver3-1024x682.jpeg 1024w, https:\/\/www.imosver.com\/blog\/wp-content\/uploads\/2017\/12\/L11Imosver3-450x300.jpeg 450w, https:\/\/www.imosver.com\/blog\/wp-content\/uploads\/2017\/12\/L11Imosver3.jpeg 1125w\" sizes=\"(max-width: 200px) 100vw, 200px\" \/><\/a>Para grandes y peque\u00f1os, muchas de las ilustraciones de este fant\u00e1stico libro son magn\u00edficas, por lo que con los veinte mapas de las diferentes regiones de la tierra d este libro, podr\u00e9is redescubrir y por qu\u00e9 no, reinventar algunos de los monumentos que se consideran las maravillas del mundo.<\/p>\n<h2 style=\"text-align: justify;\"><a href=\"https:\/\/www.imosver.com\/es\/libro\/30-obras-maestras-de-estampas-japonesas-para-colorear_2949980605\">Obras maestras de estampas japonesas<\/a><\/h2>\n<p style=\"text-align: justify;\">Hasta 30 l\u00e1minas distintas para colorear al estilo japon\u00e9s, porque puedes recrear algunas de las estampas japonesas m\u00e1s t\u00edpicas gracias a la t\u00e9cnica de colorear por n\u00fameros. Un c\u00f3digo de colores ser\u00e1 el que te marque la manera en la que puedes <strong>colorear estas l\u00e1minas<\/strong>.<\/p>\n<h2 style=\"text-align: justify;\"><a href=\"https:\/\/www.imosver.com\/es\/libro\/calaveras-para-colorear_0010175553\">Calaveras para colorear<\/a><\/h2>\n<p style=\"text-align: justify;\">Hay quienes son unos aut\u00e9nticos enamorados de las calaveras y sus posibles ilusiones \u00f3pticas o los elementos g\u00f3ticos que a veces acompa\u00f1an a este tipo de dibujo. Inspiraciones de tatuajes, de decoraciones o simplemente tendencias piratas. Sin duda este libro con m\u00e1s de 90 motivos calav\u00e9ricos para colorear y 10 l\u00e1pices de tipo fluorescente puede ser un gran regalo estas navidades.<\/p>\n<h2 style=\"text-align: justify;\"><a href=\"https:\/\/www.imosver.com\/es\/libro\/100-dibujos-para-colorear_0010174748\">100 Dibujos de Pixar para colorear<\/a><\/h2>\n<p style=\"text-align: justify;\">Somos muchos los que disfrutamos con los dibujos de Pixar, pues en este libro para grandes y peque\u00f1os podemos darles color a nuestros personajes preferidos, reinvent\u00e1ndolos o siendo fieles a c\u00f3mo los conocemos.<\/p>\n<h2 style=\"text-align: justify;\"><a href=\"https:\/\/www.imosver.com\/es\/libro\/madruga-la-coloreable-de-la-semana-santa-de-sevilla_0010181899\">Un coloreable de la Semana Santa de Sevilla<\/a><\/h2>\n<p style=\"text-align: justify;\">Para aquellos que son fan\u00e1ticos de la Semana Santa, existe un libro que va m\u00e1s all\u00e1 de ponerse simplemente v\u00eddeos de los pasos de la \u00ab<em>Madrug\u00e1\u00bb<\/em>, porque con este libro se le puede dar color cofrade a cada una de las l\u00e1minas de este <strong>coloreable<\/strong>.<\/p>\n","protected":false},"excerpt":{"rendered":"<p>Seguro que muchos de vosotros ya and\u00e1is con mil y una ideas en la cabeza sobre los regalos de navidad que os quedan por comprar o simplemente qu\u00e9 le pod\u00e9is regalar a quien os ha tocado en el amigo invisible.<\/p>\n","protected":false},"author":2,"featured_media":5306,"comment_status":"open","ping_status":"open","sticky":false,"template":"","format":"standard","meta":{"tdm_status":"","tdm_grid_status":""},"categories":[165],"tags":[2734,2732,2735,2733,2731],"yoast_head":"<!-- This site is optimized with the Yoast SEO plugin v17.2 - https:\/\/yoast.com\/wordpress\/plugins\/seo\/ -->\n<meta name=\"robots\" content=\"index, follow, max-snippet:-1, max-image-preview:large, max-video-preview:-1\" \/>\n<link rel=\"canonical\" href=\"https:\/\/www.imosver.com\/blog\/coloreables-tematicos-regalar\/\" \/>\n<meta property=\"og:locale\" content=\"es_ES\" \/>\n<meta property=\"og:type\" content=\"article\" \/>\n<meta property=\"og:title\" content=\"Coloreables tem\u00e1ticos para regalar - Blog imosver\" \/>\n<meta property=\"og:description\" content=\"Seguro que muchos de vosotros ya and\u00e1is con mil y una ideas en la cabeza sobre los regalos de navidad que os quedan por comprar o simplemente qu\u00e9 le pod\u00e9is regalar a quien os ha tocado en el amigo invisible.\" \/>\n<meta property=\"og:url\" content=\"https:\/\/www.imosver.com\/blog\/coloreables-tematicos-regalar\/\" \/>\n<meta property=\"og:site_name\" content=\"Blog imosver\" \/>\n<meta property=\"article:publisher\" content=\"https:\/\/www.facebook.com\/imosver\" \/>\n<meta property=\"article:published_time\" content=\"2017-12-13T09:19:20+00:00\" \/>\n<meta property=\"article:modified_time\" content=\"2021-04-07T14:13:45+00:00\" \/>\n<meta property=\"og:image\" content=\"https:\/\/imosver.com\/blog\/wp-content\/uploads\/2017\/12\/L11Imosver3.jpeg\" \/>\n\t<meta property=\"og:image:width\" content=\"1125\" \/>\n\t<meta property=\"og:image:height\" content=\"750\" \/>\n<meta name=\"twitter:card\" content=\"summary_large_image\" \/>\n<meta name=\"twitter:creator\" content=\"@Imosver\" \/>\n<meta name=\"twitter:site\" content=\"@Imosver\" \/>\n<meta name=\"twitter:label1\" content=\"Escrito por\" \/>\n\t<meta name=\"twitter:data1\" content=\"Imosver\" \/>\n\t<meta name=\"twitter:label2\" content=\"Tiempo de lectura\" \/>\n\t<meta name=\"twitter:data2\" content=\"2 minutos\" \/>\n<script type=\"application\/ld+json\" class=\"yoast-schema-graph\">{\"@context\":\"https:\/\/schema.org\",\"@graph\":[{\"@type\":\"Organization\",\"@id\":\"https:\/\/www.imosver.com\/blog\/#organization\",\"name\":\"Imosver\",\"url\":\"https:\/\/www.imosver.com\/blog\/\",\"sameAs\":[\"https:\/\/www.facebook.com\/imosver\",\"https:\/\/www.instagram.com\/imosver\/\",\"https:\/\/www.linkedin.com\/company\/3086458\/admin\/\",\"https:\/\/www.pinterest.es\/imosver\/\",\"https:\/\/twitter.com\/Imosver\"],\"logo\":{\"@type\":\"ImageObject\",\"@id\":\"https:\/\/www.imosver.com\/blog\/#logo\",\"inLanguage\":\"es\",\"url\":\"https:\/\/www.imosver.com\/blog\/wp-content\/uploads\/2026\/01\/logo.png\",\"contentUrl\":\"https:\/\/www.imosver.com\/blog\/wp-content\/uploads\/2026\/01\/logo.png\",\"width\":523,\"height\":120,\"caption\":\"Imosver\"},\"image\":{\"@id\":\"https:\/\/www.imosver.com\/blog\/#logo\"}},{\"@type\":\"WebSite\",\"@id\":\"https:\/\/www.imosver.com\/blog\/#website\",\"url\":\"https:\/\/www.imosver.com\/blog\/\",\"name\":\"Blog imosver\",\"description\":\"Blog Imosver\",\"publisher\":{\"@id\":\"https:\/\/www.imosver.com\/blog\/#organization\"},\"potentialAction\":[{\"@type\":\"SearchAction\",\"target\":{\"@type\":\"EntryPoint\",\"urlTemplate\":\"https:\/\/www.imosver.com\/blog\/?s={search_term_string}\"},\"query-input\":\"required name=search_term_string\"}],\"inLanguage\":\"es\"},{\"@type\":\"ImageObject\",\"@id\":\"https:\/\/www.imosver.com\/blog\/coloreables-tematicos-regalar\/#primaryimage\",\"inLanguage\":\"es\",\"url\":\"https:\/\/www.imosver.com\/blog\/wp-content\/uploads\/2017\/12\/L11Imosver3.jpeg\",\"contentUrl\":\"https:\/\/www.imosver.com\/blog\/wp-content\/uploads\/2017\/12\/L11Imosver3.jpeg\",\"width\":\"1125\",\"height\":\"750\",\"caption\":\"regalos para colorear en Navidad\"},{\"@type\":\"WebPage\",\"@id\":\"https:\/\/www.imosver.com\/blog\/coloreables-tematicos-regalar\/#webpage\",\"url\":\"https:\/\/www.imosver.com\/blog\/coloreables-tematicos-regalar\/\",\"name\":\"Coloreables tem\\u00e1ticos para regalar - Blog imosver\",\"isPartOf\":{\"@id\":\"https:\/\/www.imosver.com\/blog\/#website\"},\"primaryImageOfPage\":{\"@id\":\"https:\/\/www.imosver.com\/blog\/coloreables-tematicos-regalar\/#primaryimage\"},\"datePublished\":\"2017-12-13T09:19:20+00:00\",\"dateModified\":\"2021-04-07T14:13:45+00:00\",\"breadcrumb\":{\"@id\":\"https:\/\/www.imosver.com\/blog\/coloreables-tematicos-regalar\/#breadcrumb\"},\"inLanguage\":\"es\",\"potentialAction\":[{\"@type\":\"ReadAction\",\"target\":[\"https:\/\/www.imosver.com\/blog\/coloreables-tematicos-regalar\/\"]}]},{\"@type\":\"BreadcrumbList\",\"@id\":\"https:\/\/www.imosver.com\/blog\/coloreables-tematicos-regalar\/#breadcrumb\",\"itemListElement\":[{\"@type\":\"ListItem\",\"position\":1,\"name\":\"Portada\",\"item\":\"https:\/\/www.imosver.com\/blog\/\"},{\"@type\":\"ListItem\",\"position\":2,\"name\":\"Coloreables tem\\u00e1ticos para regalar\"}]},{\"@type\":\"Article\",\"@id\":\"https:\/\/www.imosver.com\/blog\/coloreables-tematicos-regalar\/#article\",\"isPartOf\":{\"@id\":\"https:\/\/www.imosver.com\/blog\/coloreables-tematicos-regalar\/#webpage\"},\"author\":{\"@id\":\"https:\/\/www.imosver.com\/blog\/#\/schema\/person\/4894cc3afc687758ce752d7938e0519d\"},\"headline\":\"Coloreables tem\\u00e1ticos para regalar\",\"datePublished\":\"2017-12-13T09:19:20+00:00\",\"dateModified\":\"2021-04-07T14:13:45+00:00\",\"mainEntityOfPage\":{\"@id\":\"https:\/\/www.imosver.com\/blog\/coloreables-tematicos-regalar\/#webpage\"},\"wordCount\":366,\"commentCount\":0,\"publisher\":{\"@id\":\"https:\/\/www.imosver.com\/blog\/#organization\"},\"image\":{\"@id\":\"https:\/\/www.imosver.com\/blog\/coloreables-tematicos-regalar\/#primaryimage\"},\"thumbnailUrl\":\"https:\/\/www.imosver.com\/blog\/wp-content\/uploads\/2017\/12\/L11Imosver3.jpeg\",\"keywords\":[\"libros colorear\",\"navidad\",\"recomendaci\\u00f3n navidad\",\"regalos colorear\",\"regalos navidad\"],\"articleSection\":[\"Actualidad\"],\"inLanguage\":\"es\",\"potentialAction\":[{\"@type\":\"CommentAction\",\"name\":\"Comment\",\"target\":[\"https:\/\/www.imosver.com\/blog\/coloreables-tematicos-regalar\/#respond\"]}]},{\"@type\":\"Person\",\"@id\":\"https:\/\/www.imosver.com\/blog\/#\/schema\/person\/4894cc3afc687758ce752d7938e0519d\",\"name\":\"Imosver\",\"image\":{\"@type\":\"ImageObject\",\"@id\":\"https:\/\/www.imosver.com\/blog\/#personlogo\",\"inLanguage\":\"es\",\"url\":\"https:\/\/secure.gravatar.com\/avatar\/00c6911b29e428161a36327744b2bc61?s=96&r=g\",\"contentUrl\":\"https:\/\/secure.gravatar.com\/avatar\/00c6911b29e428161a36327744b2bc61?s=96&r=g\",\"caption\":\"Imosver\"},\"url\":\"https:\/\/www.imosver.com\/blog\/author\/imosver\/\"}]}<\/script>\n<!-- \/ Yoast SEO plugin. -->","yoast_head_json":{"robots":{"index":"index","follow":"follow","max-snippet":"max-snippet:-1","max-image-preview":"max-image-preview:large","max-video-preview":"max-video-preview:-1"},"canonical":"https:\/\/www.imosver.com\/blog\/coloreables-tematicos-regalar\/","og_locale":"es_ES","og_type":"article","og_title":"Coloreables tem\u00e1ticos para regalar - Blog imosver","og_description":"Seguro que muchos de vosotros ya and\u00e1is con mil y una ideas en la cabeza sobre los regalos de navidad que os quedan por comprar o simplemente qu\u00e9 le pod\u00e9is regalar a quien os ha tocado en el amigo invisible.","og_url":"https:\/\/www.imosver.com\/blog\/coloreables-tematicos-regalar\/","og_site_name":"Blog imosver","article_publisher":"https:\/\/www.facebook.com\/imosver","article_published_time":"2017-12-13T09:19:20+00:00","article_modified_time":"2021-04-07T14:13:45+00:00","og_image":[{"width":"1125","height":"750","url":"https:\/\/imosver.com\/blog\/wp-content\/uploads\/2017\/12\/L11Imosver3.jpeg","path":"\/home\/admin\/web\/imosver.com\/blog\/public_html\/wp-content\/uploads\/2017\/12\/L11Imosver3.jpeg","size":"full","id":5306,"alt":"regalos para colorear en Navidad","pixels":843750,"type":"image\/jpeg"}],"twitter_card":"summary_large_image","twitter_creator":"@Imosver","twitter_site":"@Imosver","twitter_misc":{"Escrito por":"Imosver","Tiempo de lectura":"2 minutos"},"schema":{"@context":"https:\/\/schema.org","@graph":[{"@type":"Organization","@id":"https:\/\/www.imosver.com\/blog\/#organization","name":"Imosver","url":"https:\/\/www.imosver.com\/blog\/","sameAs":["https:\/\/www.facebook.com\/imosver","https:\/\/www.instagram.com\/imosver\/","https:\/\/www.linkedin.com\/company\/3086458\/admin\/","https:\/\/www.pinterest.es\/imosver\/","https:\/\/twitter.com\/Imosver"],"logo":{"@type":"ImageObject","@id":"https:\/\/www.imosver.com\/blog\/#logo","inLanguage":"es","url":"https:\/\/www.imosver.com\/blog\/wp-content\/uploads\/2026\/01\/logo.png","contentUrl":"https:\/\/www.imosver.com\/blog\/wp-content\/uploads\/2026\/01\/logo.png","width":523,"height":120,"caption":"Imosver"},"image":{"@id":"https:\/\/www.imosver.com\/blog\/#logo"}},{"@type":"WebSite","@id":"https:\/\/www.imosver.com\/blog\/#website","url":"https:\/\/www.imosver.com\/blog\/","name":"Blog imosver","description":"Blog Imosver","publisher":{"@id":"https:\/\/www.imosver.com\/blog\/#organization"},"potentialAction":[{"@type":"SearchAction","target":{"@type":"EntryPoint","urlTemplate":"https:\/\/www.imosver.com\/blog\/?s={search_term_string}"},"query-input":"required name=search_term_string"}],"inLanguage":"es"},{"@type":"ImageObject","@id":"https:\/\/www.imosver.com\/blog\/coloreables-tematicos-regalar\/#primaryimage","inLanguage":"es","url":"https:\/\/www.imosver.com\/blog\/wp-content\/uploads\/2017\/12\/L11Imosver3.jpeg","contentUrl":"https:\/\/www.imosver.com\/blog\/wp-content\/uploads\/2017\/12\/L11Imosver3.jpeg","width":"1125","height":"750","caption":"regalos para colorear en Navidad"},{"@type":"WebPage","@id":"https:\/\/www.imosver.com\/blog\/coloreables-tematicos-regalar\/#webpage","url":"https:\/\/www.imosver.com\/blog\/coloreables-tematicos-regalar\/","name":"Coloreables tem\u00e1ticos para regalar - Blog imosver","isPartOf":{"@id":"https:\/\/www.imosver.com\/blog\/#website"},"primaryImageOfPage":{"@id":"https:\/\/www.imosver.com\/blog\/coloreables-tematicos-regalar\/#primaryimage"},"datePublished":"2017-12-13T09:19:20+00:00","dateModified":"2021-04-07T14:13:45+00:00","breadcrumb":{"@id":"https:\/\/www.imosver.com\/blog\/coloreables-tematicos-regalar\/#breadcrumb"},"inLanguage":"es","potentialAction":[{"@type":"ReadAction","target":["https:\/\/www.imosver.com\/blog\/coloreables-tematicos-regalar\/"]}]},{"@type":"BreadcrumbList","@id":"https:\/\/www.imosver.com\/blog\/coloreables-tematicos-regalar\/#breadcrumb","itemListElement":[{"@type":"ListItem","position":1,"name":"Portada","item":"https:\/\/www.imosver.com\/blog\/"},{"@type":"ListItem","position":2,"name":"Coloreables tem\u00e1ticos para regalar"}]},{"@type":"Article","@id":"https:\/\/www.imosver.com\/blog\/coloreables-tematicos-regalar\/#article","isPartOf":{"@id":"https:\/\/www.imosver.com\/blog\/coloreables-tematicos-regalar\/#webpage"},"author":{"@id":"https:\/\/www.imosver.com\/blog\/#\/schema\/person\/4894cc3afc687758ce752d7938e0519d"},"headline":"Coloreables tem\u00e1ticos para regalar","datePublished":"2017-12-13T09:19:20+00:00","dateModified":"2021-04-07T14:13:45+00:00","mainEntityOfPage":{"@id":"https:\/\/www.imosver.com\/blog\/coloreables-tematicos-regalar\/#webpage"},"wordCount":366,"commentCount":0,"publisher":{"@id":"https:\/\/www.imosver.com\/blog\/#organization"},"image":{"@id":"https:\/\/www.imosver.com\/blog\/coloreables-tematicos-regalar\/#primaryimage"},"thumbnailUrl":"https:\/\/www.imosver.com\/blog\/wp-content\/uploads\/2017\/12\/L11Imosver3.jpeg","keywords":["libros colorear","navidad","recomendaci\u00f3n navidad","regalos colorear","regalos navidad"],"articleSection":["Actualidad"],"inLanguage":"es","potentialAction":[{"@type":"CommentAction","name":"Comment","target":["https:\/\/www.imosver.com\/blog\/coloreables-tematicos-regalar\/#respond"]}]},{"@type":"Person","@id":"https:\/\/www.imosver.com\/blog\/#\/schema\/person\/4894cc3afc687758ce752d7938e0519d","name":"Imosver","image":{"@type":"ImageObject","@id":"https:\/\/www.imosver.com\/blog\/#personlogo","inLanguage":"es","url":"https:\/\/secure.gravatar.com\/avatar\/00c6911b29e428161a36327744b2bc61?s=96&r=g","contentUrl":"https:\/\/secure.gravatar.com\/avatar\/00c6911b29e428161a36327744b2bc61?s=96&r=g","caption":"Imosver"},"url":"https:\/\/www.imosver.com\/blog\/author\/imosver\/"}]}},"_links":{"self":[{"href":"https:\/\/www.imosver.com\/blog\/wp-json\/wp\/v2\/posts\/5302"}],"collection":[{"href":"https:\/\/www.imosver.com\/blog\/wp-json\/wp\/v2\/posts"}],"about":[{"href":"https:\/\/www.imosver.com\/blog\/wp-json\/wp\/v2\/types\/post"}],"author":[{"embeddable":true,"href":"https:\/\/www.imosver.com\/blog\/wp-json\/wp\/v2\/users\/2"}],"replies":[{"embeddable":true,"href":"https:\/\/www.imosver.com\/blog\/wp-json\/wp\/v2\/comments?post=5302"}],"version-history":[{"count":9,"href":"https:\/\/www.imosver.com\/blog\/wp-json\/wp\/v2\/posts\/5302\/revisions"}],"predecessor-version":[{"id":8714,"href":"https:\/\/www.imosver.com\/blog\/wp-json\/wp\/v2\/posts\/5302\/revisions\/8714"}],"wp:featuredmedia":[{"embeddable":true,"href":"https:\/\/www.imosver.com\/blog\/wp-json\/wp\/v2\/media\/5306"}],"wp:attachment":[{"href":"https:\/\/www.imosver.com\/blog\/wp-json\/wp\/v2\/media?parent=5302"}],"wp:term":[{"taxonomy":"category","embeddable":true,"href":"https:\/\/www.imosver.com\/blog\/wp-json\/wp\/v2\/categories?post=5302"},{"taxonomy":"post_tag","embeddable":true,"href":"https:\/\/www.imosver.com\/blog\/wp-json\/wp\/v2\/tags?post=5302"}],"curies":[{"name":"wp","href":"https:\/\/api.w.org\/{rel}","templated":true}]}}