{"id":5411,"date":"2018-01-10T12:04:54","date_gmt":"2018-01-10T11:04:54","guid":{"rendered":"https:\/\/www.imosver.com\/blog\/?p=5411"},"modified":"2021-04-07T16:12:47","modified_gmt":"2021-04-07T14:12:47","slug":"un-libro-para-creer-en-ti","status":"publish","type":"post","link":"https:\/\/www.imosver.com\/blog\/un-libro-para-creer-en-ti\/","title":{"rendered":"Un libro para creer en ti"},"content":{"rendered":"<p style=\"text-align: justify;\">Aunque el t\u00edtulo de nuestra entrada de hoy os pueda llevar a pensar que os queremos hablar de un libro de autoayuda, estamos m\u00e1s bien ante un <strong>libro de autoempoderamiento<\/strong>. A trav\u00e9s de las p\u00e1ginas de \u00ab<a href=\"https:\/\/www.imosver.com\/es\/libro\/cree-en-ti_0010170290\">Cree en ti<\/a>\u00ab, puedes ser el due\u00f1o de tus propias decisiones y tomar las riendas de todas esas cuestiones que te hacen infeliz o tal vez no tan feliz como te mereces. \u00bfNos acompa\u00f1as a descubrir algo m\u00e1s sobre este trabajo de <strong>Rut Nieves<\/strong>?<\/p>\n<p style=\"text-align: justify;\"><a href=\"https:\/\/www.imosver.com\/blog\/wp-content\/uploads\/2018\/01\/X10Imosver.jpg\"><img loading=\"lazy\" class=\"alignright size-thumbnail wp-image-5412\" title=\"portada-cree-en-ti\" src=\"https:\/\/www.imosver.com\/blog\/wp-content\/uploads\/2018\/01\/X10Imosver-150x150.jpg\" alt=\"Portada de el libro &quot;Cree en ti&quot;\" width=\"150\" height=\"150\" \/><\/a>En este trabajo se plantea una cuesti\u00f3n muy directa <strong>\u00bfest\u00e1s harto de que tu vida no cambie? <\/strong>Quiz\u00e1s te has preguntado por qu\u00e9 hay personas que consiguen lo que quieren, aparentemente, f\u00e1cilmente y sin embargo tu siempre estas estancado en el mismo punto. En primer,\u00a0\u00abCree en ti\u00bb, nos propone que tomemos conciencia de d\u00f3nde estamos y de quienes somos, porque conoci\u00e9ndonos no seremos una marioneta simplemente de nuestro subconsciente.<\/p>\n<p style=\"text-align: justify;\">Es un <strong>viaje interior de la propia autora<\/strong>, cuando un d\u00eda se da cuenta de que sabe exactamente la respuesta a c\u00f3mo ser\u00e1 su vida dentro de diez a\u00f1os y por supuesto no le gusta lo que ya sabe. Es entonces cuando deja a trabajo en el estudio de arquitectura, su piso y toda la gente a la que quer\u00eda para internarse directamente en la Selva Negra. A trav\u00e9s de sus p\u00e1ginas seremos part\u00edcipes de c\u00f3mo el crecimiento interior de esta autora la ayudo a seguir adelante y a entender todo aquello que durante toda su vida hab\u00eda absorbido su mente y condicionado sus decisiones.<\/p>\n<p style=\"text-align: justify;\">Si quieres un ejemplo, una <strong>nueva perspectiva<\/strong>, tal vez para este 2018, \u00abCree en ti\u00bb puede ser el t\u00edtulo que andabas buscando porque encontrar\u00e1s el reflejo, tal vez de lo que te sucede a ti pero tambi\u00e9n de las posibles soluciones a las cuestiones de tu vida porque estos consejos nacen de la experiencia propia. \u00bfA qu\u00e9 esperas para lanzarte a conocer los secretos de este libro?<\/p>\n","protected":false},"excerpt":{"rendered":"<p>Aunque el t\u00edtulo de nuestra entrada de hoy os pueda llevar a pensar que os queremos hablar de un libro de autoayuda, estamos m\u00e1s bien ante un libro de autoempoderamiento. A trav\u00e9s de las p\u00e1ginas de \u00abCree en ti\u00ab, puedes ser el due\u00f1o de tus propias decisiones y tomar las riendas de todas esas cuestiones [&hellip;]<\/p>\n","protected":false},"author":2,"featured_media":5412,"comment_status":"open","ping_status":"open","sticky":false,"template":"","format":"standard","meta":{"tdm_status":"","tdm_grid_status":""},"categories":[165],"tags":[1651,12,10,160,1736,164],"yoast_head":"<!-- This site is optimized with the Yoast SEO plugin v17.2 - https:\/\/yoast.com\/wordpress\/plugins\/seo\/ -->\n<meta name=\"robots\" content=\"index, follow, max-snippet:-1, max-image-preview:large, max-video-preview:-1\" \/>\n<link rel=\"canonical\" href=\"https:\/\/www.imosver.com\/blog\/un-libro-para-creer-en-ti\/\" \/>\n<meta property=\"og:locale\" content=\"es_ES\" \/>\n<meta property=\"og:type\" content=\"article\" \/>\n<meta property=\"og:title\" content=\"Un libro para creer en ti - Blog imosver\" \/>\n<meta property=\"og:description\" content=\"Aunque el t\u00edtulo de nuestra entrada de hoy os pueda llevar a pensar que os queremos hablar de un libro de autoayuda, estamos m\u00e1s bien ante un libro de autoempoderamiento. A trav\u00e9s de las p\u00e1ginas de \u00abCree en ti\u00ab, puedes ser el due\u00f1o de tus propias decisiones y tomar las riendas de todas esas cuestiones [&hellip;]\" \/>\n<meta property=\"og:url\" content=\"https:\/\/www.imosver.com\/blog\/un-libro-para-creer-en-ti\/\" \/>\n<meta property=\"og:site_name\" content=\"Blog imosver\" \/>\n<meta property=\"article:publisher\" content=\"https:\/\/www.facebook.com\/imosver\" \/>\n<meta property=\"article:published_time\" content=\"2018-01-10T11:04:54+00:00\" \/>\n<meta property=\"article:modified_time\" content=\"2021-04-07T14:12:47+00:00\" \/>\n<meta property=\"og:image\" content=\"https:\/\/imosver.com\/blog\/wp-content\/uploads\/2018\/01\/X10Imosver.jpg\" \/>\n\t<meta property=\"og:image:width\" content=\"325\" \/>\n\t<meta property=\"og:image:height\" content=\"500\" \/>\n<meta name=\"twitter:card\" content=\"summary_large_image\" \/>\n<meta name=\"twitter:creator\" content=\"@Imosver\" \/>\n<meta name=\"twitter:site\" content=\"@Imosver\" \/>\n<meta name=\"twitter:label1\" content=\"Escrito por\" \/>\n\t<meta name=\"twitter:data1\" content=\"Imosver\" \/>\n\t<meta name=\"twitter:label2\" content=\"Tiempo de lectura\" \/>\n\t<meta name=\"twitter:data2\" content=\"2 minutos\" \/>\n<script type=\"application\/ld+json\" class=\"yoast-schema-graph\">{\"@context\":\"https:\/\/schema.org\",\"@graph\":[{\"@type\":\"Organization\",\"@id\":\"https:\/\/www.imosver.com\/blog\/#organization\",\"name\":\"Imosver\",\"url\":\"https:\/\/www.imosver.com\/blog\/\",\"sameAs\":[\"https:\/\/www.facebook.com\/imosver\",\"https:\/\/www.instagram.com\/imosver\/\",\"https:\/\/www.linkedin.com\/company\/3086458\/admin\/\",\"https:\/\/www.pinterest.es\/imosver\/\",\"https:\/\/twitter.com\/Imosver\"],\"logo\":{\"@type\":\"ImageObject\",\"@id\":\"https:\/\/www.imosver.com\/blog\/#logo\",\"inLanguage\":\"es\",\"url\":\"https:\/\/www.imosver.com\/blog\/wp-content\/uploads\/2026\/01\/logo.png\",\"contentUrl\":\"https:\/\/www.imosver.com\/blog\/wp-content\/uploads\/2026\/01\/logo.png\",\"width\":523,\"height\":120,\"caption\":\"Imosver\"},\"image\":{\"@id\":\"https:\/\/www.imosver.com\/blog\/#logo\"}},{\"@type\":\"WebSite\",\"@id\":\"https:\/\/www.imosver.com\/blog\/#website\",\"url\":\"https:\/\/www.imosver.com\/blog\/\",\"name\":\"Blog imosver\",\"description\":\"Blog Imosver\",\"publisher\":{\"@id\":\"https:\/\/www.imosver.com\/blog\/#organization\"},\"potentialAction\":[{\"@type\":\"SearchAction\",\"target\":{\"@type\":\"EntryPoint\",\"urlTemplate\":\"https:\/\/www.imosver.com\/blog\/?s={search_term_string}\"},\"query-input\":\"required name=search_term_string\"}],\"inLanguage\":\"es\"},{\"@type\":\"ImageObject\",\"@id\":\"https:\/\/www.imosver.com\/blog\/un-libro-para-creer-en-ti\/#primaryimage\",\"inLanguage\":\"es\",\"url\":\"https:\/\/www.imosver.com\/blog\/wp-content\/uploads\/2018\/01\/X10Imosver.jpg\",\"contentUrl\":\"https:\/\/www.imosver.com\/blog\/wp-content\/uploads\/2018\/01\/X10Imosver.jpg\",\"width\":\"325\",\"height\":\"500\",\"caption\":\"Portada de el libro \\\"Cree en ti\\\"\"},{\"@type\":\"WebPage\",\"@id\":\"https:\/\/www.imosver.com\/blog\/un-libro-para-creer-en-ti\/#webpage\",\"url\":\"https:\/\/www.imosver.com\/blog\/un-libro-para-creer-en-ti\/\",\"name\":\"Un libro para creer en ti - Blog imosver\",\"isPartOf\":{\"@id\":\"https:\/\/www.imosver.com\/blog\/#website\"},\"primaryImageOfPage\":{\"@id\":\"https:\/\/www.imosver.com\/blog\/un-libro-para-creer-en-ti\/#primaryimage\"},\"datePublished\":\"2018-01-10T11:04:54+00:00\",\"dateModified\":\"2021-04-07T14:12:47+00:00\",\"breadcrumb\":{\"@id\":\"https:\/\/www.imosver.com\/blog\/un-libro-para-creer-en-ti\/#breadcrumb\"},\"inLanguage\":\"es\",\"potentialAction\":[{\"@type\":\"ReadAction\",\"target\":[\"https:\/\/www.imosver.com\/blog\/un-libro-para-creer-en-ti\/\"]}]},{\"@type\":\"BreadcrumbList\",\"@id\":\"https:\/\/www.imosver.com\/blog\/un-libro-para-creer-en-ti\/#breadcrumb\",\"itemListElement\":[{\"@type\":\"ListItem\",\"position\":1,\"name\":\"Portada\",\"item\":\"https:\/\/www.imosver.com\/blog\/\"},{\"@type\":\"ListItem\",\"position\":2,\"name\":\"Un libro para creer en ti\"}]},{\"@type\":\"Article\",\"@id\":\"https:\/\/www.imosver.com\/blog\/un-libro-para-creer-en-ti\/#article\",\"isPartOf\":{\"@id\":\"https:\/\/www.imosver.com\/blog\/un-libro-para-creer-en-ti\/#webpage\"},\"author\":{\"@id\":\"https:\/\/www.imosver.com\/blog\/#\/schema\/person\/4894cc3afc687758ce752d7938e0519d\"},\"headline\":\"Un libro para creer en ti\",\"datePublished\":\"2018-01-10T11:04:54+00:00\",\"dateModified\":\"2021-04-07T14:12:47+00:00\",\"mainEntityOfPage\":{\"@id\":\"https:\/\/www.imosver.com\/blog\/un-libro-para-creer-en-ti\/#webpage\"},\"wordCount\":352,\"commentCount\":0,\"publisher\":{\"@id\":\"https:\/\/www.imosver.com\/blog\/#organization\"},\"image\":{\"@id\":\"https:\/\/www.imosver.com\/blog\/un-libro-para-creer-en-ti\/#primaryimage\"},\"thumbnailUrl\":\"https:\/\/www.imosver.com\/blog\/wp-content\/uploads\/2018\/01\/X10Imosver.jpg\",\"keywords\":[\"autoayuda\",\"comprar libros\",\"imosver\",\"lectura\",\"libro autoayuda\",\"libros\"],\"articleSection\":[\"Actualidad\"],\"inLanguage\":\"es\",\"potentialAction\":[{\"@type\":\"CommentAction\",\"name\":\"Comment\",\"target\":[\"https:\/\/www.imosver.com\/blog\/un-libro-para-creer-en-ti\/#respond\"]}]},{\"@type\":\"Person\",\"@id\":\"https:\/\/www.imosver.com\/blog\/#\/schema\/person\/4894cc3afc687758ce752d7938e0519d\",\"name\":\"Imosver\",\"image\":{\"@type\":\"ImageObject\",\"@id\":\"https:\/\/www.imosver.com\/blog\/#personlogo\",\"inLanguage\":\"es\",\"url\":\"https:\/\/secure.gravatar.com\/avatar\/00c6911b29e428161a36327744b2bc61?s=96&r=g\",\"contentUrl\":\"https:\/\/secure.gravatar.com\/avatar\/00c6911b29e428161a36327744b2bc61?s=96&r=g\",\"caption\":\"Imosver\"},\"url\":\"https:\/\/www.imosver.com\/blog\/author\/imosver\/\"}]}<\/script>\n<!-- \/ Yoast SEO plugin. -->","yoast_head_json":{"robots":{"index":"index","follow":"follow","max-snippet":"max-snippet:-1","max-image-preview":"max-image-preview:large","max-video-preview":"max-video-preview:-1"},"canonical":"https:\/\/www.imosver.com\/blog\/un-libro-para-creer-en-ti\/","og_locale":"es_ES","og_type":"article","og_title":"Un libro para creer en ti - Blog imosver","og_description":"Aunque el t\u00edtulo de nuestra entrada de hoy os pueda llevar a pensar que os queremos hablar de un libro de autoayuda, estamos m\u00e1s bien ante un libro de autoempoderamiento. A trav\u00e9s de las p\u00e1ginas de \u00abCree en ti\u00ab, puedes ser el due\u00f1o de tus propias decisiones y tomar las riendas de todas esas cuestiones [&hellip;]","og_url":"https:\/\/www.imosver.com\/blog\/un-libro-para-creer-en-ti\/","og_site_name":"Blog imosver","article_publisher":"https:\/\/www.facebook.com\/imosver","article_published_time":"2018-01-10T11:04:54+00:00","article_modified_time":"2021-04-07T14:12:47+00:00","og_image":[{"width":"325","height":"500","url":"https:\/\/imosver.com\/blog\/wp-content\/uploads\/2018\/01\/X10Imosver.jpg","path":"\/home\/admin\/web\/imosver.com\/blog\/public_html\/wp-content\/uploads\/2018\/01\/X10Imosver.jpg","size":"full","id":5412,"alt":"Portada de el libro \"Cree en ti\"","pixels":162500,"type":"image\/jpeg"}],"twitter_card":"summary_large_image","twitter_creator":"@Imosver","twitter_site":"@Imosver","twitter_misc":{"Escrito por":"Imosver","Tiempo de lectura":"2 minutos"},"schema":{"@context":"https:\/\/schema.org","@graph":[{"@type":"Organization","@id":"https:\/\/www.imosver.com\/blog\/#organization","name":"Imosver","url":"https:\/\/www.imosver.com\/blog\/","sameAs":["https:\/\/www.facebook.com\/imosver","https:\/\/www.instagram.com\/imosver\/","https:\/\/www.linkedin.com\/company\/3086458\/admin\/","https:\/\/www.pinterest.es\/imosver\/","https:\/\/twitter.com\/Imosver"],"logo":{"@type":"ImageObject","@id":"https:\/\/www.imosver.com\/blog\/#logo","inLanguage":"es","url":"https:\/\/www.imosver.com\/blog\/wp-content\/uploads\/2026\/01\/logo.png","contentUrl":"https:\/\/www.imosver.com\/blog\/wp-content\/uploads\/2026\/01\/logo.png","width":523,"height":120,"caption":"Imosver"},"image":{"@id":"https:\/\/www.imosver.com\/blog\/#logo"}},{"@type":"WebSite","@id":"https:\/\/www.imosver.com\/blog\/#website","url":"https:\/\/www.imosver.com\/blog\/","name":"Blog imosver","description":"Blog Imosver","publisher":{"@id":"https:\/\/www.imosver.com\/blog\/#organization"},"potentialAction":[{"@type":"SearchAction","target":{"@type":"EntryPoint","urlTemplate":"https:\/\/www.imosver.com\/blog\/?s={search_term_string}"},"query-input":"required name=search_term_string"}],"inLanguage":"es"},{"@type":"ImageObject","@id":"https:\/\/www.imosver.com\/blog\/un-libro-para-creer-en-ti\/#primaryimage","inLanguage":"es","url":"https:\/\/www.imosver.com\/blog\/wp-content\/uploads\/2018\/01\/X10Imosver.jpg","contentUrl":"https:\/\/www.imosver.com\/blog\/wp-content\/uploads\/2018\/01\/X10Imosver.jpg","width":"325","height":"500","caption":"Portada de el libro \"Cree en ti\""},{"@type":"WebPage","@id":"https:\/\/www.imosver.com\/blog\/un-libro-para-creer-en-ti\/#webpage","url":"https:\/\/www.imosver.com\/blog\/un-libro-para-creer-en-ti\/","name":"Un libro para creer en ti - Blog imosver","isPartOf":{"@id":"https:\/\/www.imosver.com\/blog\/#website"},"primaryImageOfPage":{"@id":"https:\/\/www.imosver.com\/blog\/un-libro-para-creer-en-ti\/#primaryimage"},"datePublished":"2018-01-10T11:04:54+00:00","dateModified":"2021-04-07T14:12:47+00:00","breadcrumb":{"@id":"https:\/\/www.imosver.com\/blog\/un-libro-para-creer-en-ti\/#breadcrumb"},"inLanguage":"es","potentialAction":[{"@type":"ReadAction","target":["https:\/\/www.imosver.com\/blog\/un-libro-para-creer-en-ti\/"]}]},{"@type":"BreadcrumbList","@id":"https:\/\/www.imosver.com\/blog\/un-libro-para-creer-en-ti\/#breadcrumb","itemListElement":[{"@type":"ListItem","position":1,"name":"Portada","item":"https:\/\/www.imosver.com\/blog\/"},{"@type":"ListItem","position":2,"name":"Un libro para creer en ti"}]},{"@type":"Article","@id":"https:\/\/www.imosver.com\/blog\/un-libro-para-creer-en-ti\/#article","isPartOf":{"@id":"https:\/\/www.imosver.com\/blog\/un-libro-para-creer-en-ti\/#webpage"},"author":{"@id":"https:\/\/www.imosver.com\/blog\/#\/schema\/person\/4894cc3afc687758ce752d7938e0519d"},"headline":"Un libro para creer en ti","datePublished":"2018-01-10T11:04:54+00:00","dateModified":"2021-04-07T14:12:47+00:00","mainEntityOfPage":{"@id":"https:\/\/www.imosver.com\/blog\/un-libro-para-creer-en-ti\/#webpage"},"wordCount":352,"commentCount":0,"publisher":{"@id":"https:\/\/www.imosver.com\/blog\/#organization"},"image":{"@id":"https:\/\/www.imosver.com\/blog\/un-libro-para-creer-en-ti\/#primaryimage"},"thumbnailUrl":"https:\/\/www.imosver.com\/blog\/wp-content\/uploads\/2018\/01\/X10Imosver.jpg","keywords":["autoayuda","comprar libros","imosver","lectura","libro autoayuda","libros"],"articleSection":["Actualidad"],"inLanguage":"es","potentialAction":[{"@type":"CommentAction","name":"Comment","target":["https:\/\/www.imosver.com\/blog\/un-libro-para-creer-en-ti\/#respond"]}]},{"@type":"Person","@id":"https:\/\/www.imosver.com\/blog\/#\/schema\/person\/4894cc3afc687758ce752d7938e0519d","name":"Imosver","image":{"@type":"ImageObject","@id":"https:\/\/www.imosver.com\/blog\/#personlogo","inLanguage":"es","url":"https:\/\/secure.gravatar.com\/avatar\/00c6911b29e428161a36327744b2bc61?s=96&r=g","contentUrl":"https:\/\/secure.gravatar.com\/avatar\/00c6911b29e428161a36327744b2bc61?s=96&r=g","caption":"Imosver"},"url":"https:\/\/www.imosver.com\/blog\/author\/imosver\/"}]}},"_links":{"self":[{"href":"https:\/\/www.imosver.com\/blog\/wp-json\/wp\/v2\/posts\/5411"}],"collection":[{"href":"https:\/\/www.imosver.com\/blog\/wp-json\/wp\/v2\/posts"}],"about":[{"href":"https:\/\/www.imosver.com\/blog\/wp-json\/wp\/v2\/types\/post"}],"author":[{"embeddable":true,"href":"https:\/\/www.imosver.com\/blog\/wp-json\/wp\/v2\/users\/2"}],"replies":[{"embeddable":true,"href":"https:\/\/www.imosver.com\/blog\/wp-json\/wp\/v2\/comments?post=5411"}],"version-history":[{"count":3,"href":"https:\/\/www.imosver.com\/blog\/wp-json\/wp\/v2\/posts\/5411\/revisions"}],"predecessor-version":[{"id":5415,"href":"https:\/\/www.imosver.com\/blog\/wp-json\/wp\/v2\/posts\/5411\/revisions\/5415"}],"wp:featuredmedia":[{"embeddable":true,"href":"https:\/\/www.imosver.com\/blog\/wp-json\/wp\/v2\/media\/5412"}],"wp:attachment":[{"href":"https:\/\/www.imosver.com\/blog\/wp-json\/wp\/v2\/media?parent=5411"}],"wp:term":[{"taxonomy":"category","embeddable":true,"href":"https:\/\/www.imosver.com\/blog\/wp-json\/wp\/v2\/categories?post=5411"},{"taxonomy":"post_tag","embeddable":true,"href":"https:\/\/www.imosver.com\/blog\/wp-json\/wp\/v2\/tags?post=5411"}],"curies":[{"name":"wp","href":"https:\/\/api.w.org\/{rel}","templated":true}]}}