{"id":5466,"date":"2018-01-24T10:40:24","date_gmt":"2018-01-24T09:40:24","guid":{"rendered":"https:\/\/www.imosver.com\/blog\/?p=5466"},"modified":"2021-04-07T16:13:44","modified_gmt":"2021-04-07T14:13:44","slug":"de-el-punal-a-la-herida","status":"publish","type":"post","link":"https:\/\/www.imosver.com\/blog\/de-el-punal-a-la-herida\/","title":{"rendered":"De El pu\u00f1al, a La Herida"},"content":{"rendered":"<p style=\"text-align: justify;\">Dos novelas de <strong>Jorge Fern\u00e1ndez<\/strong> D\u00edaz son la que hoy nos ocupan. A trav\u00e9s de <strong>Remil<\/strong>, un ex combatiente de las Islas Malvinas y que trabaja para la Casita en Argentina, podremos destapar algunos de los misterios de los servicios secretos argentinos.<!--more--><\/p>\n<p style=\"text-align: justify;\">\u00bfNos acompa\u00f1as a descubrir m\u00e1s detalles de estas <strong>dos novelas<\/strong> y conocer qu\u00e9 trama podremos encontrar en cada uno de estos libros donde amor y pol\u00edtica tienen mucho peso?<\/p>\n<h2 style=\"text-align: justify;\"><a href=\"https:\/\/www.imosver.com\/es\/libro\/el-punal_0010066529\">El pu\u00f1al<\/a><\/h2>\n<p style=\"text-align: justify;\"><a href=\"https:\/\/www.imosver.com\/blog\/wp-content\/uploads\/2018\/01\/X24Imosver.jpg\"><img loading=\"lazy\" class=\"alignright size-full wp-image-5467\" title=\"punal-herida\" src=\"https:\/\/www.imosver.com\/blog\/wp-content\/uploads\/2018\/01\/X24Imosver.jpg\" alt=\"portada de el pu\u00f1al\" width=\"171\" height=\"300\" \/><\/a>En este caso, <strong>Remil<\/strong> se encarga de algunos temas relacionados con menores, sin embargo en su \u00faltimo encargo que le har\u00e1 el jefe C\u00e1lgaris no tendr\u00e1 tanta suerte y se tratar\u00e1 de un caso algo m\u00e1s movido de lo normal. En este caso, Remil habr\u00e1 de proteger a una abogada espa\u00f1ola que se encuentra en Buenos Aires por razones de negocios con algunas empresas de vino, sin embargo, estos negocios no parecen ser tales.<\/p>\n<p style=\"text-align: justify;\">Una historia donde se entremezclar\u00e1 tanto la relaci\u00f3n entre un hombre y una mujer, como las relaciones entre narcos y pol\u00edticos. Sin duda tiene todos los ingredientes para convertirse en una novela vertiginoso donde no quedar\u00e1 t\u00edtere con cabeza.<\/p>\n<h2 style=\"text-align: justify;\"><a href=\"https:\/\/www.imosver.com\/es\/libro\/la-herida_0010183572\">La herida<\/a><\/h2>\n<p style=\"text-align: justify;\">Y de <a href=\"https:\/\/www.imosver.com\/es\/libro\/el-punal_0010066529\">El pu\u00f1al<\/a> a <a href=\"https:\/\/www.imosver.com\/es\/libro\/la-herida_0010183572\">La Herida<\/a>. Otra de las <strong>misiones para Remil<\/strong> ocupar\u00e1 las p\u00e1ginas de esta novela de <strong>Jorge Fern\u00e1ndez D\u00edaz<\/strong>, pero esta vez estaremos ante una monja que desparece dejando tras de s\u00ed un misterioso mensaje y por otro lado ante una operadora pol\u00edtica despedida del gobierno argentino. El mismo papa Francisco encarga que la monja desaparecida sea buscada por cielo y tierra, pero \u00bfqu\u00e9 tendr\u00e1 que ver con esa operadora argentina?<\/p>\n<p style=\"text-align: justify;\">Un crimen de estado y una siniestra organizaci\u00f3n tambi\u00e9n tendr\u00e1n un gran papel en esta novela, porque estamos ante un aut\u00e9ntico thriller pol\u00edtico donde las historias de amor desde el Vaticano a la Patagonia nos dejar\u00e1n m\u00e1s que sorprendidos. Ya os adelantamos que se trata de una novela con pulso propio y sin duda con el rigor investigador que caracteriza a su autor.<\/p>\n","protected":false},"excerpt":{"rendered":"<p>Dos novelas de Jorge Fern\u00e1ndez D\u00edaz son la que hoy nos ocupan. A trav\u00e9s de Remil, un ex combatiente de las Islas Malvinas y que trabaja para la Casita en Argentina, podremos destapar algunos de los misterios de los servicios secretos argentinos.<\/p>\n","protected":false},"author":2,"featured_media":5467,"comment_status":"open","ping_status":"open","sticky":false,"template":"","format":"standard","meta":{"tdm_status":"","tdm_grid_status":""},"categories":[165],"tags":[269,12,10,160],"yoast_head":"<!-- This site is optimized with the Yoast SEO plugin v17.2 - https:\/\/yoast.com\/wordpress\/plugins\/seo\/ -->\n<meta name=\"robots\" content=\"index, follow, max-snippet:-1, max-image-preview:large, max-video-preview:-1\" \/>\n<link rel=\"canonical\" href=\"https:\/\/www.imosver.com\/blog\/de-el-punal-a-la-herida\/\" \/>\n<meta property=\"og:locale\" content=\"es_ES\" \/>\n<meta property=\"og:type\" content=\"article\" \/>\n<meta property=\"og:title\" content=\"De El pu\u00f1al, a La Herida - Blog imosver\" \/>\n<meta property=\"og:description\" content=\"Dos novelas de Jorge Fern\u00e1ndez D\u00edaz son la que hoy nos ocupan. A trav\u00e9s de Remil, un ex combatiente de las Islas Malvinas y que trabaja para la Casita en Argentina, podremos destapar algunos de los misterios de los servicios secretos argentinos.\" \/>\n<meta property=\"og:url\" content=\"https:\/\/www.imosver.com\/blog\/de-el-punal-a-la-herida\/\" \/>\n<meta property=\"og:site_name\" content=\"Blog imosver\" \/>\n<meta property=\"article:publisher\" content=\"https:\/\/www.facebook.com\/imosver\" \/>\n<meta property=\"article:published_time\" content=\"2018-01-24T09:40:24+00:00\" \/>\n<meta property=\"article:modified_time\" content=\"2021-04-07T14:13:44+00:00\" \/>\n<meta property=\"og:image\" content=\"https:\/\/imosver.com\/blog\/wp-content\/uploads\/2018\/01\/X24Imosver.jpg\" \/>\n\t<meta property=\"og:image:width\" content=\"171\" \/>\n\t<meta property=\"og:image:height\" content=\"300\" \/>\n<meta name=\"twitter:card\" content=\"summary_large_image\" \/>\n<meta name=\"twitter:creator\" content=\"@Imosver\" \/>\n<meta name=\"twitter:site\" content=\"@Imosver\" \/>\n<meta name=\"twitter:label1\" content=\"Escrito por\" \/>\n\t<meta name=\"twitter:data1\" content=\"Imosver\" \/>\n\t<meta name=\"twitter:label2\" content=\"Tiempo de lectura\" \/>\n\t<meta name=\"twitter:data2\" content=\"2 minutos\" \/>\n<script type=\"application\/ld+json\" class=\"yoast-schema-graph\">{\"@context\":\"https:\/\/schema.org\",\"@graph\":[{\"@type\":\"Organization\",\"@id\":\"https:\/\/www.imosver.com\/blog\/#organization\",\"name\":\"Imosver\",\"url\":\"https:\/\/www.imosver.com\/blog\/\",\"sameAs\":[\"https:\/\/www.facebook.com\/imosver\",\"https:\/\/www.instagram.com\/imosver\/\",\"https:\/\/www.linkedin.com\/company\/3086458\/admin\/\",\"https:\/\/www.pinterest.es\/imosver\/\",\"https:\/\/twitter.com\/Imosver\"],\"logo\":{\"@type\":\"ImageObject\",\"@id\":\"https:\/\/www.imosver.com\/blog\/#logo\",\"inLanguage\":\"es\",\"url\":\"https:\/\/www.imosver.com\/blog\/wp-content\/uploads\/2026\/01\/logo.png\",\"contentUrl\":\"https:\/\/www.imosver.com\/blog\/wp-content\/uploads\/2026\/01\/logo.png\",\"width\":523,\"height\":120,\"caption\":\"Imosver\"},\"image\":{\"@id\":\"https:\/\/www.imosver.com\/blog\/#logo\"}},{\"@type\":\"WebSite\",\"@id\":\"https:\/\/www.imosver.com\/blog\/#website\",\"url\":\"https:\/\/www.imosver.com\/blog\/\",\"name\":\"Blog imosver\",\"description\":\"Blog Imosver\",\"publisher\":{\"@id\":\"https:\/\/www.imosver.com\/blog\/#organization\"},\"potentialAction\":[{\"@type\":\"SearchAction\",\"target\":{\"@type\":\"EntryPoint\",\"urlTemplate\":\"https:\/\/www.imosver.com\/blog\/?s={search_term_string}\"},\"query-input\":\"required name=search_term_string\"}],\"inLanguage\":\"es\"},{\"@type\":\"ImageObject\",\"@id\":\"https:\/\/www.imosver.com\/blog\/de-el-punal-a-la-herida\/#primaryimage\",\"inLanguage\":\"es\",\"url\":\"https:\/\/www.imosver.com\/blog\/wp-content\/uploads\/2018\/01\/X24Imosver.jpg\",\"contentUrl\":\"https:\/\/www.imosver.com\/blog\/wp-content\/uploads\/2018\/01\/X24Imosver.jpg\",\"width\":\"171\",\"height\":\"300\",\"caption\":\"portada de el pu\\u00f1al\"},{\"@type\":\"WebPage\",\"@id\":\"https:\/\/www.imosver.com\/blog\/de-el-punal-a-la-herida\/#webpage\",\"url\":\"https:\/\/www.imosver.com\/blog\/de-el-punal-a-la-herida\/\",\"name\":\"De El pu\\u00f1al, a La Herida - Blog imosver\",\"isPartOf\":{\"@id\":\"https:\/\/www.imosver.com\/blog\/#website\"},\"primaryImageOfPage\":{\"@id\":\"https:\/\/www.imosver.com\/blog\/de-el-punal-a-la-herida\/#primaryimage\"},\"datePublished\":\"2018-01-24T09:40:24+00:00\",\"dateModified\":\"2021-04-07T14:13:44+00:00\",\"breadcrumb\":{\"@id\":\"https:\/\/www.imosver.com\/blog\/de-el-punal-a-la-herida\/#breadcrumb\"},\"inLanguage\":\"es\",\"potentialAction\":[{\"@type\":\"ReadAction\",\"target\":[\"https:\/\/www.imosver.com\/blog\/de-el-punal-a-la-herida\/\"]}]},{\"@type\":\"BreadcrumbList\",\"@id\":\"https:\/\/www.imosver.com\/blog\/de-el-punal-a-la-herida\/#breadcrumb\",\"itemListElement\":[{\"@type\":\"ListItem\",\"position\":1,\"name\":\"Portada\",\"item\":\"https:\/\/www.imosver.com\/blog\/\"},{\"@type\":\"ListItem\",\"position\":2,\"name\":\"De El pu\\u00f1al, a La Herida\"}]},{\"@type\":\"Article\",\"@id\":\"https:\/\/www.imosver.com\/blog\/de-el-punal-a-la-herida\/#article\",\"isPartOf\":{\"@id\":\"https:\/\/www.imosver.com\/blog\/de-el-punal-a-la-herida\/#webpage\"},\"author\":{\"@id\":\"https:\/\/www.imosver.com\/blog\/#\/schema\/person\/4894cc3afc687758ce752d7938e0519d\"},\"headline\":\"De El pu\\u00f1al, a La Herida\",\"datePublished\":\"2018-01-24T09:40:24+00:00\",\"dateModified\":\"2021-04-07T14:13:44+00:00\",\"mainEntityOfPage\":{\"@id\":\"https:\/\/www.imosver.com\/blog\/de-el-punal-a-la-herida\/#webpage\"},\"wordCount\":358,\"commentCount\":0,\"publisher\":{\"@id\":\"https:\/\/www.imosver.com\/blog\/#organization\"},\"image\":{\"@id\":\"https:\/\/www.imosver.com\/blog\/de-el-punal-a-la-herida\/#primaryimage\"},\"thumbnailUrl\":\"https:\/\/www.imosver.com\/blog\/wp-content\/uploads\/2018\/01\/X24Imosver.jpg\",\"keywords\":[\"autores\",\"comprar libros\",\"imosver\",\"lectura\"],\"articleSection\":[\"Actualidad\"],\"inLanguage\":\"es\",\"potentialAction\":[{\"@type\":\"CommentAction\",\"name\":\"Comment\",\"target\":[\"https:\/\/www.imosver.com\/blog\/de-el-punal-a-la-herida\/#respond\"]}]},{\"@type\":\"Person\",\"@id\":\"https:\/\/www.imosver.com\/blog\/#\/schema\/person\/4894cc3afc687758ce752d7938e0519d\",\"name\":\"Imosver\",\"image\":{\"@type\":\"ImageObject\",\"@id\":\"https:\/\/www.imosver.com\/blog\/#personlogo\",\"inLanguage\":\"es\",\"url\":\"https:\/\/secure.gravatar.com\/avatar\/00c6911b29e428161a36327744b2bc61?s=96&r=g\",\"contentUrl\":\"https:\/\/secure.gravatar.com\/avatar\/00c6911b29e428161a36327744b2bc61?s=96&r=g\",\"caption\":\"Imosver\"},\"url\":\"https:\/\/www.imosver.com\/blog\/author\/imosver\/\"}]}<\/script>\n<!-- \/ Yoast SEO plugin. -->","yoast_head_json":{"robots":{"index":"index","follow":"follow","max-snippet":"max-snippet:-1","max-image-preview":"max-image-preview:large","max-video-preview":"max-video-preview:-1"},"canonical":"https:\/\/www.imosver.com\/blog\/de-el-punal-a-la-herida\/","og_locale":"es_ES","og_type":"article","og_title":"De El pu\u00f1al, a La Herida - Blog imosver","og_description":"Dos novelas de Jorge Fern\u00e1ndez D\u00edaz son la que hoy nos ocupan. A trav\u00e9s de Remil, un ex combatiente de las Islas Malvinas y que trabaja para la Casita en Argentina, podremos destapar algunos de los misterios de los servicios secretos argentinos.","og_url":"https:\/\/www.imosver.com\/blog\/de-el-punal-a-la-herida\/","og_site_name":"Blog imosver","article_publisher":"https:\/\/www.facebook.com\/imosver","article_published_time":"2018-01-24T09:40:24+00:00","article_modified_time":"2021-04-07T14:13:44+00:00","og_image":[{"width":"171","height":"300","url":"https:\/\/imosver.com\/blog\/wp-content\/uploads\/2018\/01\/X24Imosver.jpg","path":"\/home\/admin\/web\/imosver.com\/blog\/public_html\/wp-content\/uploads\/2018\/01\/X24Imosver.jpg","size":"full","id":5467,"alt":"portada de el pu\u00f1al","pixels":51300,"type":"image\/jpeg"}],"twitter_card":"summary_large_image","twitter_creator":"@Imosver","twitter_site":"@Imosver","twitter_misc":{"Escrito por":"Imosver","Tiempo de lectura":"2 minutos"},"schema":{"@context":"https:\/\/schema.org","@graph":[{"@type":"Organization","@id":"https:\/\/www.imosver.com\/blog\/#organization","name":"Imosver","url":"https:\/\/www.imosver.com\/blog\/","sameAs":["https:\/\/www.facebook.com\/imosver","https:\/\/www.instagram.com\/imosver\/","https:\/\/www.linkedin.com\/company\/3086458\/admin\/","https:\/\/www.pinterest.es\/imosver\/","https:\/\/twitter.com\/Imosver"],"logo":{"@type":"ImageObject","@id":"https:\/\/www.imosver.com\/blog\/#logo","inLanguage":"es","url":"https:\/\/www.imosver.com\/blog\/wp-content\/uploads\/2026\/01\/logo.png","contentUrl":"https:\/\/www.imosver.com\/blog\/wp-content\/uploads\/2026\/01\/logo.png","width":523,"height":120,"caption":"Imosver"},"image":{"@id":"https:\/\/www.imosver.com\/blog\/#logo"}},{"@type":"WebSite","@id":"https:\/\/www.imosver.com\/blog\/#website","url":"https:\/\/www.imosver.com\/blog\/","name":"Blog imosver","description":"Blog Imosver","publisher":{"@id":"https:\/\/www.imosver.com\/blog\/#organization"},"potentialAction":[{"@type":"SearchAction","target":{"@type":"EntryPoint","urlTemplate":"https:\/\/www.imosver.com\/blog\/?s={search_term_string}"},"query-input":"required name=search_term_string"}],"inLanguage":"es"},{"@type":"ImageObject","@id":"https:\/\/www.imosver.com\/blog\/de-el-punal-a-la-herida\/#primaryimage","inLanguage":"es","url":"https:\/\/www.imosver.com\/blog\/wp-content\/uploads\/2018\/01\/X24Imosver.jpg","contentUrl":"https:\/\/www.imosver.com\/blog\/wp-content\/uploads\/2018\/01\/X24Imosver.jpg","width":"171","height":"300","caption":"portada de el pu\u00f1al"},{"@type":"WebPage","@id":"https:\/\/www.imosver.com\/blog\/de-el-punal-a-la-herida\/#webpage","url":"https:\/\/www.imosver.com\/blog\/de-el-punal-a-la-herida\/","name":"De El pu\u00f1al, a La Herida - Blog imosver","isPartOf":{"@id":"https:\/\/www.imosver.com\/blog\/#website"},"primaryImageOfPage":{"@id":"https:\/\/www.imosver.com\/blog\/de-el-punal-a-la-herida\/#primaryimage"},"datePublished":"2018-01-24T09:40:24+00:00","dateModified":"2021-04-07T14:13:44+00:00","breadcrumb":{"@id":"https:\/\/www.imosver.com\/blog\/de-el-punal-a-la-herida\/#breadcrumb"},"inLanguage":"es","potentialAction":[{"@type":"ReadAction","target":["https:\/\/www.imosver.com\/blog\/de-el-punal-a-la-herida\/"]}]},{"@type":"BreadcrumbList","@id":"https:\/\/www.imosver.com\/blog\/de-el-punal-a-la-herida\/#breadcrumb","itemListElement":[{"@type":"ListItem","position":1,"name":"Portada","item":"https:\/\/www.imosver.com\/blog\/"},{"@type":"ListItem","position":2,"name":"De El pu\u00f1al, a La Herida"}]},{"@type":"Article","@id":"https:\/\/www.imosver.com\/blog\/de-el-punal-a-la-herida\/#article","isPartOf":{"@id":"https:\/\/www.imosver.com\/blog\/de-el-punal-a-la-herida\/#webpage"},"author":{"@id":"https:\/\/www.imosver.com\/blog\/#\/schema\/person\/4894cc3afc687758ce752d7938e0519d"},"headline":"De El pu\u00f1al, a La Herida","datePublished":"2018-01-24T09:40:24+00:00","dateModified":"2021-04-07T14:13:44+00:00","mainEntityOfPage":{"@id":"https:\/\/www.imosver.com\/blog\/de-el-punal-a-la-herida\/#webpage"},"wordCount":358,"commentCount":0,"publisher":{"@id":"https:\/\/www.imosver.com\/blog\/#organization"},"image":{"@id":"https:\/\/www.imosver.com\/blog\/de-el-punal-a-la-herida\/#primaryimage"},"thumbnailUrl":"https:\/\/www.imosver.com\/blog\/wp-content\/uploads\/2018\/01\/X24Imosver.jpg","keywords":["autores","comprar libros","imosver","lectura"],"articleSection":["Actualidad"],"inLanguage":"es","potentialAction":[{"@type":"CommentAction","name":"Comment","target":["https:\/\/www.imosver.com\/blog\/de-el-punal-a-la-herida\/#respond"]}]},{"@type":"Person","@id":"https:\/\/www.imosver.com\/blog\/#\/schema\/person\/4894cc3afc687758ce752d7938e0519d","name":"Imosver","image":{"@type":"ImageObject","@id":"https:\/\/www.imosver.com\/blog\/#personlogo","inLanguage":"es","url":"https:\/\/secure.gravatar.com\/avatar\/00c6911b29e428161a36327744b2bc61?s=96&r=g","contentUrl":"https:\/\/secure.gravatar.com\/avatar\/00c6911b29e428161a36327744b2bc61?s=96&r=g","caption":"Imosver"},"url":"https:\/\/www.imosver.com\/blog\/author\/imosver\/"}]}},"_links":{"self":[{"href":"https:\/\/www.imosver.com\/blog\/wp-json\/wp\/v2\/posts\/5466"}],"collection":[{"href":"https:\/\/www.imosver.com\/blog\/wp-json\/wp\/v2\/posts"}],"about":[{"href":"https:\/\/www.imosver.com\/blog\/wp-json\/wp\/v2\/types\/post"}],"author":[{"embeddable":true,"href":"https:\/\/www.imosver.com\/blog\/wp-json\/wp\/v2\/users\/2"}],"replies":[{"embeddable":true,"href":"https:\/\/www.imosver.com\/blog\/wp-json\/wp\/v2\/comments?post=5466"}],"version-history":[{"count":5,"href":"https:\/\/www.imosver.com\/blog\/wp-json\/wp\/v2\/posts\/5466\/revisions"}],"predecessor-version":[{"id":5472,"href":"https:\/\/www.imosver.com\/blog\/wp-json\/wp\/v2\/posts\/5466\/revisions\/5472"}],"wp:featuredmedia":[{"embeddable":true,"href":"https:\/\/www.imosver.com\/blog\/wp-json\/wp\/v2\/media\/5467"}],"wp:attachment":[{"href":"https:\/\/www.imosver.com\/blog\/wp-json\/wp\/v2\/media?parent=5466"}],"wp:term":[{"taxonomy":"category","embeddable":true,"href":"https:\/\/www.imosver.com\/blog\/wp-json\/wp\/v2\/categories?post=5466"},{"taxonomy":"post_tag","embeddable":true,"href":"https:\/\/www.imosver.com\/blog\/wp-json\/wp\/v2\/tags?post=5466"}],"curies":[{"name":"wp","href":"https:\/\/api.w.org\/{rel}","templated":true}]}}