{"id":6741,"date":"2019-03-21T16:37:26","date_gmt":"2019-03-21T15:37:26","guid":{"rendered":"https:\/\/www.imosver.com\/blog\/?p=6741"},"modified":"2021-04-07T16:13:23","modified_gmt":"2021-04-07T14:13:23","slug":"los-crimenes-de-alicia","status":"publish","type":"post","link":"https:\/\/www.imosver.com\/blog\/los-crimenes-de-alicia\/","title":{"rendered":"Los cr\u00edmenes de Alicia"},"content":{"rendered":"<p>La novela<strong>\u00a0\u00ab<a href=\"https:\/\/www.imosver.com\/es\/libro\/los-crimenes-de-alicia_0010225634\">Los cr\u00edmenes de Alicia<\/a>\u00bb <\/strong>viene a convertirse en la secuela de la anterior obra Los Cr\u00edmenes de Oxford.<!--more--> Ambas lecturas son completamente independientes, aunque s\u00ed comparten como escenario la Universidad de Oxford y algunos de sus personajes.<\/p>\n<p><a href=\"https:\/\/www.imosver.com\/blog\/wp-content\/uploads\/2019\/03\/9788423355101.jpg\"><img loading=\"lazy\" class=\"alignright size-medium wp-image-6743\" title=\"978842335510\" src=\"https:\/\/www.imosver.com\/blog\/wp-content\/uploads\/2019\/03\/9788423355101-174x300.jpg\" alt=\"\" width=\"174\" height=\"300\" srcset=\"https:\/\/www.imosver.com\/blog\/wp-content\/uploads\/2019\/03\/9788423355101-174x300.jpg 174w, https:\/\/www.imosver.com\/blog\/wp-content\/uploads\/2019\/03\/9788423355101.jpg 500w\" sizes=\"(max-width: 174px) 100vw, 174px\" \/><\/a>El ritmo de la lectura es lento al principio del libro, cuando poco a poco se va dando a conocer el personaje de Carroll y alguna informaci\u00f3n antes que empiece a suceder algo, \u00a0en la narraci\u00f3n de <strong>una historia dentro del marco de una hermandad<\/strong>, en la que una p\u00e1gina faltante de un diario, generar\u00e1 intriga previa a los acontecimientos misteriosos en los asesinatos que ocurrir\u00e1n, replicando los patrones de Alicia en el Pa\u00eds de las maravillas.<\/p>\n<p>Conforme se avanza en la lectura, la novela nos invita a sumergirnos en una atm\u00f3sfera de suspense que ha sido estructura de forma tal que es capaz de atrapar la atenci\u00f3n desde el inicio. Se plantean tres l\u00edneas de inter\u00e9s en la historia: el inicio de la investigaci\u00f3n de los asesinatos, el contenido de la p\u00e1gina faltante del diario y los detalles que se van conociendo sobre <strong>la vida de Carroll<\/strong>.<\/p>\n<p>Se puede considerar que al autor ha conseguido con esta novela, que el lector sea capaz de dudar de todo y de todos. Cabe destacar que la historia <strong>mezcla realidad y ficci\u00f3n<\/strong>, ya que un hecho real es el motivo en donde se origin\u00f3 Los cr\u00edmenes de Alicia.<\/p>\n<p><em>Oxford, 1994. La Hermandad Lewis Carroll decide publicar los diarios\u00a0privados\u00a0 del autor de Alicia en el Pa\u00eds de las Maravillas.\u00a0Kristen Hill, una joven becaria, viaja para reunir los cuadernos\u00a0originales y\u00a0 descubre la clave de una p\u00e1gina que fue misteriosamente arrancada.\u00a0Pero\u00a0 Kristen no logra llegar con su descubrimiento a la reuni\u00f3n de la\u00a0Hermandad.\u00a0 Una serie de cr\u00edmenes se desencadena, con el prop\u00f3sito aparente de\u00a0impedir,\u00a0una y otra vez, que el secreto de esa p\u00e1gina salga a la luz.\u00a0\u00bfQui\u00e9n quiere matar al mensajero? \u00bfCu\u00e1l es el verdadero patr\u00f3n detr\u00e1s\u00a0de esta\u00a0 sucesi\u00f3n de cr\u00edmenes? \u00bfQui\u00e9n y por qu\u00e9 est\u00e1 utilizando el libro de\u00a0Alicia\u00a0para matar?\u00a0Para desentra\u00f1ar lo que sucede, el c\u00e9lebre profesor de L\u00f3gica Arthur\u00a0Seldom,\u00a0tambi\u00e9n miembro de la Hermandad Lewis Carroll, y un joven estudiante\u00a0de\u00a0matem\u00e1tica unen fuerzas para llegar al fondo de la intriga, y ser\u00e1n\u00a0 peligrosamente arrastrados por unos cr\u00edmenes impredecibles, en una\u00a0investigaci\u00f3n que combina la intriga con lo libresco.<\/em><em><\/em><\/p>\n","protected":false},"excerpt":{"rendered":"<p>La novela\u00a0\u00abLos cr\u00edmenes de Alicia\u00bb viene a convertirse en la secuela de la anterior obra Los Cr\u00edmenes de Oxford.<\/p>\n","protected":false},"author":2,"featured_media":6743,"comment_status":"open","ping_status":"open","sticky":false,"template":"","format":"standard","meta":{"tdm_status":"","tdm_grid_status":""},"categories":[165],"tags":[],"yoast_head":"<!-- This site is optimized with the Yoast SEO plugin v17.2 - https:\/\/yoast.com\/wordpress\/plugins\/seo\/ -->\n<meta name=\"robots\" content=\"index, follow, max-snippet:-1, max-image-preview:large, max-video-preview:-1\" \/>\n<link rel=\"canonical\" href=\"https:\/\/www.imosver.com\/blog\/los-crimenes-de-alicia\/\" \/>\n<meta property=\"og:locale\" content=\"es_ES\" \/>\n<meta property=\"og:type\" content=\"article\" \/>\n<meta property=\"og:title\" content=\"Los cr\u00edmenes de Alicia - Blog imosver\" \/>\n<meta property=\"og:description\" content=\"La novela\u00a0\u00abLos cr\u00edmenes de Alicia\u00bb viene a convertirse en la secuela de la anterior obra Los Cr\u00edmenes de Oxford.\" \/>\n<meta property=\"og:url\" content=\"https:\/\/www.imosver.com\/blog\/los-crimenes-de-alicia\/\" \/>\n<meta property=\"og:site_name\" content=\"Blog imosver\" \/>\n<meta property=\"article:publisher\" content=\"https:\/\/www.facebook.com\/imosver\" \/>\n<meta property=\"article:published_time\" content=\"2019-03-21T15:37:26+00:00\" \/>\n<meta property=\"article:modified_time\" content=\"2021-04-07T14:13:23+00:00\" \/>\n<meta property=\"og:image\" content=\"https:\/\/imosver.com\/blog\/wp-content\/uploads\/2019\/03\/9788423355101.jpg\" \/>\n\t<meta property=\"og:image:width\" content=\"500\" \/>\n\t<meta property=\"og:image:height\" content=\"861\" \/>\n<meta name=\"twitter:card\" content=\"summary_large_image\" \/>\n<meta name=\"twitter:creator\" content=\"@Imosver\" \/>\n<meta name=\"twitter:site\" content=\"@Imosver\" \/>\n<meta name=\"twitter:label1\" content=\"Escrito por\" \/>\n\t<meta name=\"twitter:data1\" content=\"Imosver\" \/>\n\t<meta name=\"twitter:label2\" content=\"Tiempo de lectura\" \/>\n\t<meta name=\"twitter:data2\" content=\"2 minutos\" \/>\n<script type=\"application\/ld+json\" class=\"yoast-schema-graph\">{\"@context\":\"https:\/\/schema.org\",\"@graph\":[{\"@type\":\"Organization\",\"@id\":\"https:\/\/www.imosver.com\/blog\/#organization\",\"name\":\"Imosver\",\"url\":\"https:\/\/www.imosver.com\/blog\/\",\"sameAs\":[\"https:\/\/www.facebook.com\/imosver\",\"https:\/\/www.instagram.com\/imosver\/\",\"https:\/\/www.linkedin.com\/company\/3086458\/admin\/\",\"https:\/\/www.pinterest.es\/imosver\/\",\"https:\/\/twitter.com\/Imosver\"],\"logo\":{\"@type\":\"ImageObject\",\"@id\":\"https:\/\/www.imosver.com\/blog\/#logo\",\"inLanguage\":\"es\",\"url\":\"https:\/\/www.imosver.com\/blog\/wp-content\/uploads\/2026\/01\/logo.png\",\"contentUrl\":\"https:\/\/www.imosver.com\/blog\/wp-content\/uploads\/2026\/01\/logo.png\",\"width\":523,\"height\":120,\"caption\":\"Imosver\"},\"image\":{\"@id\":\"https:\/\/www.imosver.com\/blog\/#logo\"}},{\"@type\":\"WebSite\",\"@id\":\"https:\/\/www.imosver.com\/blog\/#website\",\"url\":\"https:\/\/www.imosver.com\/blog\/\",\"name\":\"Blog imosver\",\"description\":\"Blog Imosver\",\"publisher\":{\"@id\":\"https:\/\/www.imosver.com\/blog\/#organization\"},\"potentialAction\":[{\"@type\":\"SearchAction\",\"target\":{\"@type\":\"EntryPoint\",\"urlTemplate\":\"https:\/\/www.imosver.com\/blog\/?s={search_term_string}\"},\"query-input\":\"required name=search_term_string\"}],\"inLanguage\":\"es\"},{\"@type\":\"ImageObject\",\"@id\":\"https:\/\/www.imosver.com\/blog\/los-crimenes-de-alicia\/#primaryimage\",\"inLanguage\":\"es\",\"url\":\"https:\/\/www.imosver.com\/blog\/wp-content\/uploads\/2019\/03\/9788423355101.jpg\",\"contentUrl\":\"https:\/\/www.imosver.com\/blog\/wp-content\/uploads\/2019\/03\/9788423355101.jpg\",\"width\":\"500\",\"height\":\"861\"},{\"@type\":\"WebPage\",\"@id\":\"https:\/\/www.imosver.com\/blog\/los-crimenes-de-alicia\/#webpage\",\"url\":\"https:\/\/www.imosver.com\/blog\/los-crimenes-de-alicia\/\",\"name\":\"Los cr\\u00edmenes de Alicia - Blog imosver\",\"isPartOf\":{\"@id\":\"https:\/\/www.imosver.com\/blog\/#website\"},\"primaryImageOfPage\":{\"@id\":\"https:\/\/www.imosver.com\/blog\/los-crimenes-de-alicia\/#primaryimage\"},\"datePublished\":\"2019-03-21T15:37:26+00:00\",\"dateModified\":\"2021-04-07T14:13:23+00:00\",\"breadcrumb\":{\"@id\":\"https:\/\/www.imosver.com\/blog\/los-crimenes-de-alicia\/#breadcrumb\"},\"inLanguage\":\"es\",\"potentialAction\":[{\"@type\":\"ReadAction\",\"target\":[\"https:\/\/www.imosver.com\/blog\/los-crimenes-de-alicia\/\"]}]},{\"@type\":\"BreadcrumbList\",\"@id\":\"https:\/\/www.imosver.com\/blog\/los-crimenes-de-alicia\/#breadcrumb\",\"itemListElement\":[{\"@type\":\"ListItem\",\"position\":1,\"name\":\"Portada\",\"item\":\"https:\/\/www.imosver.com\/blog\/\"},{\"@type\":\"ListItem\",\"position\":2,\"name\":\"Los cr\\u00edmenes de Alicia\"}]},{\"@type\":\"Article\",\"@id\":\"https:\/\/www.imosver.com\/blog\/los-crimenes-de-alicia\/#article\",\"isPartOf\":{\"@id\":\"https:\/\/www.imosver.com\/blog\/los-crimenes-de-alicia\/#webpage\"},\"author\":{\"@id\":\"https:\/\/www.imosver.com\/blog\/#\/schema\/person\/4894cc3afc687758ce752d7938e0519d\"},\"headline\":\"Los cr\\u00edmenes de Alicia\",\"datePublished\":\"2019-03-21T15:37:26+00:00\",\"dateModified\":\"2021-04-07T14:13:23+00:00\",\"mainEntityOfPage\":{\"@id\":\"https:\/\/www.imosver.com\/blog\/los-crimenes-de-alicia\/#webpage\"},\"wordCount\":438,\"commentCount\":0,\"publisher\":{\"@id\":\"https:\/\/www.imosver.com\/blog\/#organization\"},\"image\":{\"@id\":\"https:\/\/www.imosver.com\/blog\/los-crimenes-de-alicia\/#primaryimage\"},\"thumbnailUrl\":\"https:\/\/www.imosver.com\/blog\/wp-content\/uploads\/2019\/03\/9788423355101.jpg\",\"articleSection\":[\"Actualidad\"],\"inLanguage\":\"es\",\"potentialAction\":[{\"@type\":\"CommentAction\",\"name\":\"Comment\",\"target\":[\"https:\/\/www.imosver.com\/blog\/los-crimenes-de-alicia\/#respond\"]}]},{\"@type\":\"Person\",\"@id\":\"https:\/\/www.imosver.com\/blog\/#\/schema\/person\/4894cc3afc687758ce752d7938e0519d\",\"name\":\"Imosver\",\"image\":{\"@type\":\"ImageObject\",\"@id\":\"https:\/\/www.imosver.com\/blog\/#personlogo\",\"inLanguage\":\"es\",\"url\":\"https:\/\/secure.gravatar.com\/avatar\/00c6911b29e428161a36327744b2bc61?s=96&r=g\",\"contentUrl\":\"https:\/\/secure.gravatar.com\/avatar\/00c6911b29e428161a36327744b2bc61?s=96&r=g\",\"caption\":\"Imosver\"},\"url\":\"https:\/\/www.imosver.com\/blog\/author\/imosver\/\"}]}<\/script>\n<!-- \/ Yoast SEO plugin. -->","yoast_head_json":{"robots":{"index":"index","follow":"follow","max-snippet":"max-snippet:-1","max-image-preview":"max-image-preview:large","max-video-preview":"max-video-preview:-1"},"canonical":"https:\/\/www.imosver.com\/blog\/los-crimenes-de-alicia\/","og_locale":"es_ES","og_type":"article","og_title":"Los cr\u00edmenes de Alicia - Blog imosver","og_description":"La novela\u00a0\u00abLos cr\u00edmenes de Alicia\u00bb viene a convertirse en la secuela de la anterior obra Los Cr\u00edmenes de Oxford.","og_url":"https:\/\/www.imosver.com\/blog\/los-crimenes-de-alicia\/","og_site_name":"Blog imosver","article_publisher":"https:\/\/www.facebook.com\/imosver","article_published_time":"2019-03-21T15:37:26+00:00","article_modified_time":"2021-04-07T14:13:23+00:00","og_image":[{"width":"500","height":"861","url":"https:\/\/imosver.com\/blog\/wp-content\/uploads\/2019\/03\/9788423355101.jpg","path":"\/home\/admin\/web\/imosver.com\/blog\/public_html\/wp-content\/uploads\/2019\/03\/9788423355101.jpg","size":"full","id":6743,"alt":"","pixels":430500,"type":"image\/jpeg"}],"twitter_card":"summary_large_image","twitter_creator":"@Imosver","twitter_site":"@Imosver","twitter_misc":{"Escrito por":"Imosver","Tiempo de lectura":"2 minutos"},"schema":{"@context":"https:\/\/schema.org","@graph":[{"@type":"Organization","@id":"https:\/\/www.imosver.com\/blog\/#organization","name":"Imosver","url":"https:\/\/www.imosver.com\/blog\/","sameAs":["https:\/\/www.facebook.com\/imosver","https:\/\/www.instagram.com\/imosver\/","https:\/\/www.linkedin.com\/company\/3086458\/admin\/","https:\/\/www.pinterest.es\/imosver\/","https:\/\/twitter.com\/Imosver"],"logo":{"@type":"ImageObject","@id":"https:\/\/www.imosver.com\/blog\/#logo","inLanguage":"es","url":"https:\/\/www.imosver.com\/blog\/wp-content\/uploads\/2026\/01\/logo.png","contentUrl":"https:\/\/www.imosver.com\/blog\/wp-content\/uploads\/2026\/01\/logo.png","width":523,"height":120,"caption":"Imosver"},"image":{"@id":"https:\/\/www.imosver.com\/blog\/#logo"}},{"@type":"WebSite","@id":"https:\/\/www.imosver.com\/blog\/#website","url":"https:\/\/www.imosver.com\/blog\/","name":"Blog imosver","description":"Blog Imosver","publisher":{"@id":"https:\/\/www.imosver.com\/blog\/#organization"},"potentialAction":[{"@type":"SearchAction","target":{"@type":"EntryPoint","urlTemplate":"https:\/\/www.imosver.com\/blog\/?s={search_term_string}"},"query-input":"required name=search_term_string"}],"inLanguage":"es"},{"@type":"ImageObject","@id":"https:\/\/www.imosver.com\/blog\/los-crimenes-de-alicia\/#primaryimage","inLanguage":"es","url":"https:\/\/www.imosver.com\/blog\/wp-content\/uploads\/2019\/03\/9788423355101.jpg","contentUrl":"https:\/\/www.imosver.com\/blog\/wp-content\/uploads\/2019\/03\/9788423355101.jpg","width":"500","height":"861"},{"@type":"WebPage","@id":"https:\/\/www.imosver.com\/blog\/los-crimenes-de-alicia\/#webpage","url":"https:\/\/www.imosver.com\/blog\/los-crimenes-de-alicia\/","name":"Los cr\u00edmenes de Alicia - Blog imosver","isPartOf":{"@id":"https:\/\/www.imosver.com\/blog\/#website"},"primaryImageOfPage":{"@id":"https:\/\/www.imosver.com\/blog\/los-crimenes-de-alicia\/#primaryimage"},"datePublished":"2019-03-21T15:37:26+00:00","dateModified":"2021-04-07T14:13:23+00:00","breadcrumb":{"@id":"https:\/\/www.imosver.com\/blog\/los-crimenes-de-alicia\/#breadcrumb"},"inLanguage":"es","potentialAction":[{"@type":"ReadAction","target":["https:\/\/www.imosver.com\/blog\/los-crimenes-de-alicia\/"]}]},{"@type":"BreadcrumbList","@id":"https:\/\/www.imosver.com\/blog\/los-crimenes-de-alicia\/#breadcrumb","itemListElement":[{"@type":"ListItem","position":1,"name":"Portada","item":"https:\/\/www.imosver.com\/blog\/"},{"@type":"ListItem","position":2,"name":"Los cr\u00edmenes de Alicia"}]},{"@type":"Article","@id":"https:\/\/www.imosver.com\/blog\/los-crimenes-de-alicia\/#article","isPartOf":{"@id":"https:\/\/www.imosver.com\/blog\/los-crimenes-de-alicia\/#webpage"},"author":{"@id":"https:\/\/www.imosver.com\/blog\/#\/schema\/person\/4894cc3afc687758ce752d7938e0519d"},"headline":"Los cr\u00edmenes de Alicia","datePublished":"2019-03-21T15:37:26+00:00","dateModified":"2021-04-07T14:13:23+00:00","mainEntityOfPage":{"@id":"https:\/\/www.imosver.com\/blog\/los-crimenes-de-alicia\/#webpage"},"wordCount":438,"commentCount":0,"publisher":{"@id":"https:\/\/www.imosver.com\/blog\/#organization"},"image":{"@id":"https:\/\/www.imosver.com\/blog\/los-crimenes-de-alicia\/#primaryimage"},"thumbnailUrl":"https:\/\/www.imosver.com\/blog\/wp-content\/uploads\/2019\/03\/9788423355101.jpg","articleSection":["Actualidad"],"inLanguage":"es","potentialAction":[{"@type":"CommentAction","name":"Comment","target":["https:\/\/www.imosver.com\/blog\/los-crimenes-de-alicia\/#respond"]}]},{"@type":"Person","@id":"https:\/\/www.imosver.com\/blog\/#\/schema\/person\/4894cc3afc687758ce752d7938e0519d","name":"Imosver","image":{"@type":"ImageObject","@id":"https:\/\/www.imosver.com\/blog\/#personlogo","inLanguage":"es","url":"https:\/\/secure.gravatar.com\/avatar\/00c6911b29e428161a36327744b2bc61?s=96&r=g","contentUrl":"https:\/\/secure.gravatar.com\/avatar\/00c6911b29e428161a36327744b2bc61?s=96&r=g","caption":"Imosver"},"url":"https:\/\/www.imosver.com\/blog\/author\/imosver\/"}]}},"_links":{"self":[{"href":"https:\/\/www.imosver.com\/blog\/wp-json\/wp\/v2\/posts\/6741"}],"collection":[{"href":"https:\/\/www.imosver.com\/blog\/wp-json\/wp\/v2\/posts"}],"about":[{"href":"https:\/\/www.imosver.com\/blog\/wp-json\/wp\/v2\/types\/post"}],"author":[{"embeddable":true,"href":"https:\/\/www.imosver.com\/blog\/wp-json\/wp\/v2\/users\/2"}],"replies":[{"embeddable":true,"href":"https:\/\/www.imosver.com\/blog\/wp-json\/wp\/v2\/comments?post=6741"}],"version-history":[{"count":3,"href":"https:\/\/www.imosver.com\/blog\/wp-json\/wp\/v2\/posts\/6741\/revisions"}],"predecessor-version":[{"id":8627,"href":"https:\/\/www.imosver.com\/blog\/wp-json\/wp\/v2\/posts\/6741\/revisions\/8627"}],"wp:featuredmedia":[{"embeddable":true,"href":"https:\/\/www.imosver.com\/blog\/wp-json\/wp\/v2\/media\/6743"}],"wp:attachment":[{"href":"https:\/\/www.imosver.com\/blog\/wp-json\/wp\/v2\/media?parent=6741"}],"wp:term":[{"taxonomy":"category","embeddable":true,"href":"https:\/\/www.imosver.com\/blog\/wp-json\/wp\/v2\/categories?post=6741"},{"taxonomy":"post_tag","embeddable":true,"href":"https:\/\/www.imosver.com\/blog\/wp-json\/wp\/v2\/tags?post=6741"}],"curies":[{"name":"wp","href":"https:\/\/api.w.org\/{rel}","templated":true}]}}