{"id":7160,"date":"2019-08-06T14:43:51","date_gmt":"2019-08-06T12:43:51","guid":{"rendered":"https:\/\/www.imosver.com\/blog\/?p=7160"},"modified":"2021-04-07T16:13:15","modified_gmt":"2021-04-07T14:13:15","slug":"los-sabores-perdidos","status":"publish","type":"post","link":"https:\/\/www.imosver.com\/blog\/los-sabores-perdidos\/","title":{"rendered":"Los sabores perdidos"},"content":{"rendered":"<p>Raquel Martos est\u00e1 a punto de publicar <strong><a href=\"https:\/\/www.imosver.com\/es\/libro\/los-sabores-perdidos_0010242185\">\u201cLos sabores perdidos\u201d,<\/a><\/strong> una novela que conecta una historia personal llena de recuerdos y experiencias con algunas de las <strong>recetas m\u00e1s conocidas de la chef Gabriella Tassile<\/strong>.<!--more--><\/p>\n<p><strong>\u201cLos sabores perdidos\u201d<\/strong> comienza como no pod\u00eda ser de otra forma con un fin de semana en un Curso de Cocina Emocional, una experiencia rompedora que cambia la percepci\u00f3n que tenemos de la cocina y que nos conectan con los alimentos y las sensaciones que provocan cuando vamos desgranando su sabor y su textura.<span style=\"font-weight: 300;\">\u00a0<\/span><\/p>\n<p><a href=\"https:\/\/www.imosver.com\/blog\/wp-content\/uploads\/2019\/08\/978846666578.jpg\"><img loading=\"lazy\" class=\"alignright size-full wp-image-7161\" title=\"978846666578\" src=\"https:\/\/www.imosver.com\/blog\/wp-content\/uploads\/2019\/08\/978846666578.jpg\" alt=\"\" width=\"200\" height=\"300\" \/><\/a>En este curso los alumnos descubrir\u00e1n recuerdos olvidados, vivir\u00e1n experiencias que marcar\u00e1n sus vidas para siempre y se emocionar\u00e1n mientras viven el retiro m\u00e1s bonito de su vida.<span style=\"font-weight: 300;\">\u00a0<\/span><\/p>\n<p>En cierto modo, <strong>\u201cLos sabores perdidos\u201d<\/strong> recuerda levemente a \u201cComo agua para chocolate\u201d de Laura Esquivel, un libro que cambi\u00f3 a muchos la percepci\u00f3n de la cocina al fusionar las recetas y la preparaci\u00f3n de la comida con emociones tan intensas como el deseo, el amor y el sexo.<span style=\"font-weight: 300;\">\u00a0<\/span><\/p>\n<p>La comida no es solo un instrumento para recobrar la energ\u00eda que necesitamos cada d\u00eda, sino que nos aporta mucha informaci\u00f3n sobre \u00e1mbitos tan dispares como una zona geogr\u00e1fica, un estrato social, detalles qu\u00edmicos o tiene el poder de recuperar recuerdos escondidos en nuestra memoria.<span style=\"font-weight: 300;\">\u00a0<\/span><\/p>\n<p>\u00bfCu\u00e1ntos de vosotros no hab\u00e9is probado una receta e instant\u00e1neamente os hab\u00e9is trasladado a vuestra infancia o a un viaje que disfrutasteis mucho con vuestros amigos o familia? Los sabores dejan una huella emocional que perdura con el paso del tiempo.<span style=\"font-weight: 300;\">\u00a0<\/span><\/p>\n<p>Si te ha gustado la <strong>sinopsis de \u201cLos sabores perdidos\u201d<\/strong>, recuerda que puedes comprarlo el 12 de septiembre en tu librer\u00eda favorita.<\/p>\n","protected":false},"excerpt":{"rendered":"<p>Raquel Martos est\u00e1 a punto de publicar \u201cLos sabores perdidos\u201d, una novela que conecta una historia personal llena de recuerdos y experiencias con algunas de las recetas m\u00e1s conocidas de la chef Gabriella Tassile.<\/p>\n","protected":false},"author":2,"featured_media":7161,"comment_status":"open","ping_status":"open","sticky":false,"template":"","format":"standard","meta":{"tdm_status":"","tdm_grid_status":""},"categories":[165],"tags":[],"yoast_head":"<!-- This site is optimized with the Yoast SEO plugin v17.2 - https:\/\/yoast.com\/wordpress\/plugins\/seo\/ -->\n<meta name=\"robots\" content=\"index, follow, max-snippet:-1, max-image-preview:large, max-video-preview:-1\" \/>\n<link rel=\"canonical\" href=\"https:\/\/www.imosver.com\/blog\/los-sabores-perdidos\/\" \/>\n<meta property=\"og:locale\" content=\"es_ES\" \/>\n<meta property=\"og:type\" content=\"article\" \/>\n<meta property=\"og:title\" content=\"Los sabores perdidos - Blog imosver\" \/>\n<meta property=\"og:description\" content=\"Raquel Martos est\u00e1 a punto de publicar \u201cLos sabores perdidos\u201d, una novela que conecta una historia personal llena de recuerdos y experiencias con algunas de las recetas m\u00e1s conocidas de la chef Gabriella Tassile.\" \/>\n<meta property=\"og:url\" content=\"https:\/\/www.imosver.com\/blog\/los-sabores-perdidos\/\" \/>\n<meta property=\"og:site_name\" content=\"Blog imosver\" \/>\n<meta property=\"article:publisher\" content=\"https:\/\/www.facebook.com\/imosver\" \/>\n<meta property=\"article:published_time\" content=\"2019-08-06T12:43:51+00:00\" \/>\n<meta property=\"article:modified_time\" content=\"2021-04-07T14:13:15+00:00\" \/>\n<meta property=\"og:image\" content=\"https:\/\/imosver.com\/blog\/wp-content\/uploads\/2019\/08\/978846666578.jpg\" \/>\n\t<meta property=\"og:image:width\" content=\"200\" \/>\n\t<meta property=\"og:image:height\" content=\"300\" \/>\n<meta name=\"twitter:card\" content=\"summary_large_image\" \/>\n<meta name=\"twitter:creator\" content=\"@Imosver\" \/>\n<meta name=\"twitter:site\" content=\"@Imosver\" \/>\n<meta name=\"twitter:label1\" content=\"Escrito por\" \/>\n\t<meta name=\"twitter:data1\" content=\"Imosver\" \/>\n\t<meta name=\"twitter:label2\" content=\"Tiempo de lectura\" \/>\n\t<meta name=\"twitter:data2\" content=\"1 minuto\" \/>\n<script type=\"application\/ld+json\" class=\"yoast-schema-graph\">{\"@context\":\"https:\/\/schema.org\",\"@graph\":[{\"@type\":\"Organization\",\"@id\":\"https:\/\/www.imosver.com\/blog\/#organization\",\"name\":\"Imosver\",\"url\":\"https:\/\/www.imosver.com\/blog\/\",\"sameAs\":[\"https:\/\/www.facebook.com\/imosver\",\"https:\/\/www.instagram.com\/imosver\/\",\"https:\/\/www.linkedin.com\/company\/3086458\/admin\/\",\"https:\/\/www.pinterest.es\/imosver\/\",\"https:\/\/twitter.com\/Imosver\"],\"logo\":{\"@type\":\"ImageObject\",\"@id\":\"https:\/\/www.imosver.com\/blog\/#logo\",\"inLanguage\":\"es\",\"url\":\"https:\/\/www.imosver.com\/blog\/wp-content\/uploads\/2026\/01\/logo.png\",\"contentUrl\":\"https:\/\/www.imosver.com\/blog\/wp-content\/uploads\/2026\/01\/logo.png\",\"width\":523,\"height\":120,\"caption\":\"Imosver\"},\"image\":{\"@id\":\"https:\/\/www.imosver.com\/blog\/#logo\"}},{\"@type\":\"WebSite\",\"@id\":\"https:\/\/www.imosver.com\/blog\/#website\",\"url\":\"https:\/\/www.imosver.com\/blog\/\",\"name\":\"Blog imosver\",\"description\":\"Blog Imosver\",\"publisher\":{\"@id\":\"https:\/\/www.imosver.com\/blog\/#organization\"},\"potentialAction\":[{\"@type\":\"SearchAction\",\"target\":{\"@type\":\"EntryPoint\",\"urlTemplate\":\"https:\/\/www.imosver.com\/blog\/?s={search_term_string}\"},\"query-input\":\"required name=search_term_string\"}],\"inLanguage\":\"es\"},{\"@type\":\"ImageObject\",\"@id\":\"https:\/\/www.imosver.com\/blog\/los-sabores-perdidos\/#primaryimage\",\"inLanguage\":\"es\",\"url\":\"https:\/\/www.imosver.com\/blog\/wp-content\/uploads\/2019\/08\/978846666578.jpg\",\"contentUrl\":\"https:\/\/www.imosver.com\/blog\/wp-content\/uploads\/2019\/08\/978846666578.jpg\",\"width\":\"200\",\"height\":\"300\"},{\"@type\":\"WebPage\",\"@id\":\"https:\/\/www.imosver.com\/blog\/los-sabores-perdidos\/#webpage\",\"url\":\"https:\/\/www.imosver.com\/blog\/los-sabores-perdidos\/\",\"name\":\"Los sabores perdidos - Blog imosver\",\"isPartOf\":{\"@id\":\"https:\/\/www.imosver.com\/blog\/#website\"},\"primaryImageOfPage\":{\"@id\":\"https:\/\/www.imosver.com\/blog\/los-sabores-perdidos\/#primaryimage\"},\"datePublished\":\"2019-08-06T12:43:51+00:00\",\"dateModified\":\"2021-04-07T14:13:15+00:00\",\"breadcrumb\":{\"@id\":\"https:\/\/www.imosver.com\/blog\/los-sabores-perdidos\/#breadcrumb\"},\"inLanguage\":\"es\",\"potentialAction\":[{\"@type\":\"ReadAction\",\"target\":[\"https:\/\/www.imosver.com\/blog\/los-sabores-perdidos\/\"]}]},{\"@type\":\"BreadcrumbList\",\"@id\":\"https:\/\/www.imosver.com\/blog\/los-sabores-perdidos\/#breadcrumb\",\"itemListElement\":[{\"@type\":\"ListItem\",\"position\":1,\"name\":\"Portada\",\"item\":\"https:\/\/www.imosver.com\/blog\/\"},{\"@type\":\"ListItem\",\"position\":2,\"name\":\"Los sabores perdidos\"}]},{\"@type\":\"Article\",\"@id\":\"https:\/\/www.imosver.com\/blog\/los-sabores-perdidos\/#article\",\"isPartOf\":{\"@id\":\"https:\/\/www.imosver.com\/blog\/los-sabores-perdidos\/#webpage\"},\"author\":{\"@id\":\"https:\/\/www.imosver.com\/blog\/#\/schema\/person\/4894cc3afc687758ce752d7938e0519d\"},\"headline\":\"Los sabores perdidos\",\"datePublished\":\"2019-08-06T12:43:51+00:00\",\"dateModified\":\"2021-04-07T14:13:15+00:00\",\"mainEntityOfPage\":{\"@id\":\"https:\/\/www.imosver.com\/blog\/los-sabores-perdidos\/#webpage\"},\"wordCount\":295,\"commentCount\":1,\"publisher\":{\"@id\":\"https:\/\/www.imosver.com\/blog\/#organization\"},\"image\":{\"@id\":\"https:\/\/www.imosver.com\/blog\/los-sabores-perdidos\/#primaryimage\"},\"thumbnailUrl\":\"https:\/\/www.imosver.com\/blog\/wp-content\/uploads\/2019\/08\/978846666578.jpg\",\"articleSection\":[\"Actualidad\"],\"inLanguage\":\"es\",\"potentialAction\":[{\"@type\":\"CommentAction\",\"name\":\"Comment\",\"target\":[\"https:\/\/www.imosver.com\/blog\/los-sabores-perdidos\/#respond\"]}]},{\"@type\":\"Person\",\"@id\":\"https:\/\/www.imosver.com\/blog\/#\/schema\/person\/4894cc3afc687758ce752d7938e0519d\",\"name\":\"Imosver\",\"image\":{\"@type\":\"ImageObject\",\"@id\":\"https:\/\/www.imosver.com\/blog\/#personlogo\",\"inLanguage\":\"es\",\"url\":\"https:\/\/secure.gravatar.com\/avatar\/00c6911b29e428161a36327744b2bc61?s=96&r=g\",\"contentUrl\":\"https:\/\/secure.gravatar.com\/avatar\/00c6911b29e428161a36327744b2bc61?s=96&r=g\",\"caption\":\"Imosver\"},\"url\":\"https:\/\/www.imosver.com\/blog\/author\/imosver\/\"}]}<\/script>\n<!-- \/ Yoast SEO plugin. -->","yoast_head_json":{"robots":{"index":"index","follow":"follow","max-snippet":"max-snippet:-1","max-image-preview":"max-image-preview:large","max-video-preview":"max-video-preview:-1"},"canonical":"https:\/\/www.imosver.com\/blog\/los-sabores-perdidos\/","og_locale":"es_ES","og_type":"article","og_title":"Los sabores perdidos - Blog imosver","og_description":"Raquel Martos est\u00e1 a punto de publicar \u201cLos sabores perdidos\u201d, una novela que conecta una historia personal llena de recuerdos y experiencias con algunas de las recetas m\u00e1s conocidas de la chef Gabriella Tassile.","og_url":"https:\/\/www.imosver.com\/blog\/los-sabores-perdidos\/","og_site_name":"Blog imosver","article_publisher":"https:\/\/www.facebook.com\/imosver","article_published_time":"2019-08-06T12:43:51+00:00","article_modified_time":"2021-04-07T14:13:15+00:00","og_image":[{"width":"200","height":"300","url":"https:\/\/imosver.com\/blog\/wp-content\/uploads\/2019\/08\/978846666578.jpg","path":"\/home\/admin\/web\/imosver.com\/blog\/public_html\/wp-content\/uploads\/2019\/08\/978846666578.jpg","size":"full","id":7161,"alt":"","pixels":60000,"type":"image\/jpeg"}],"twitter_card":"summary_large_image","twitter_creator":"@Imosver","twitter_site":"@Imosver","twitter_misc":{"Escrito por":"Imosver","Tiempo de lectura":"1 minuto"},"schema":{"@context":"https:\/\/schema.org","@graph":[{"@type":"Organization","@id":"https:\/\/www.imosver.com\/blog\/#organization","name":"Imosver","url":"https:\/\/www.imosver.com\/blog\/","sameAs":["https:\/\/www.facebook.com\/imosver","https:\/\/www.instagram.com\/imosver\/","https:\/\/www.linkedin.com\/company\/3086458\/admin\/","https:\/\/www.pinterest.es\/imosver\/","https:\/\/twitter.com\/Imosver"],"logo":{"@type":"ImageObject","@id":"https:\/\/www.imosver.com\/blog\/#logo","inLanguage":"es","url":"https:\/\/www.imosver.com\/blog\/wp-content\/uploads\/2026\/01\/logo.png","contentUrl":"https:\/\/www.imosver.com\/blog\/wp-content\/uploads\/2026\/01\/logo.png","width":523,"height":120,"caption":"Imosver"},"image":{"@id":"https:\/\/www.imosver.com\/blog\/#logo"}},{"@type":"WebSite","@id":"https:\/\/www.imosver.com\/blog\/#website","url":"https:\/\/www.imosver.com\/blog\/","name":"Blog imosver","description":"Blog Imosver","publisher":{"@id":"https:\/\/www.imosver.com\/blog\/#organization"},"potentialAction":[{"@type":"SearchAction","target":{"@type":"EntryPoint","urlTemplate":"https:\/\/www.imosver.com\/blog\/?s={search_term_string}"},"query-input":"required name=search_term_string"}],"inLanguage":"es"},{"@type":"ImageObject","@id":"https:\/\/www.imosver.com\/blog\/los-sabores-perdidos\/#primaryimage","inLanguage":"es","url":"https:\/\/www.imosver.com\/blog\/wp-content\/uploads\/2019\/08\/978846666578.jpg","contentUrl":"https:\/\/www.imosver.com\/blog\/wp-content\/uploads\/2019\/08\/978846666578.jpg","width":"200","height":"300"},{"@type":"WebPage","@id":"https:\/\/www.imosver.com\/blog\/los-sabores-perdidos\/#webpage","url":"https:\/\/www.imosver.com\/blog\/los-sabores-perdidos\/","name":"Los sabores perdidos - Blog imosver","isPartOf":{"@id":"https:\/\/www.imosver.com\/blog\/#website"},"primaryImageOfPage":{"@id":"https:\/\/www.imosver.com\/blog\/los-sabores-perdidos\/#primaryimage"},"datePublished":"2019-08-06T12:43:51+00:00","dateModified":"2021-04-07T14:13:15+00:00","breadcrumb":{"@id":"https:\/\/www.imosver.com\/blog\/los-sabores-perdidos\/#breadcrumb"},"inLanguage":"es","potentialAction":[{"@type":"ReadAction","target":["https:\/\/www.imosver.com\/blog\/los-sabores-perdidos\/"]}]},{"@type":"BreadcrumbList","@id":"https:\/\/www.imosver.com\/blog\/los-sabores-perdidos\/#breadcrumb","itemListElement":[{"@type":"ListItem","position":1,"name":"Portada","item":"https:\/\/www.imosver.com\/blog\/"},{"@type":"ListItem","position":2,"name":"Los sabores perdidos"}]},{"@type":"Article","@id":"https:\/\/www.imosver.com\/blog\/los-sabores-perdidos\/#article","isPartOf":{"@id":"https:\/\/www.imosver.com\/blog\/los-sabores-perdidos\/#webpage"},"author":{"@id":"https:\/\/www.imosver.com\/blog\/#\/schema\/person\/4894cc3afc687758ce752d7938e0519d"},"headline":"Los sabores perdidos","datePublished":"2019-08-06T12:43:51+00:00","dateModified":"2021-04-07T14:13:15+00:00","mainEntityOfPage":{"@id":"https:\/\/www.imosver.com\/blog\/los-sabores-perdidos\/#webpage"},"wordCount":295,"commentCount":1,"publisher":{"@id":"https:\/\/www.imosver.com\/blog\/#organization"},"image":{"@id":"https:\/\/www.imosver.com\/blog\/los-sabores-perdidos\/#primaryimage"},"thumbnailUrl":"https:\/\/www.imosver.com\/blog\/wp-content\/uploads\/2019\/08\/978846666578.jpg","articleSection":["Actualidad"],"inLanguage":"es","potentialAction":[{"@type":"CommentAction","name":"Comment","target":["https:\/\/www.imosver.com\/blog\/los-sabores-perdidos\/#respond"]}]},{"@type":"Person","@id":"https:\/\/www.imosver.com\/blog\/#\/schema\/person\/4894cc3afc687758ce752d7938e0519d","name":"Imosver","image":{"@type":"ImageObject","@id":"https:\/\/www.imosver.com\/blog\/#personlogo","inLanguage":"es","url":"https:\/\/secure.gravatar.com\/avatar\/00c6911b29e428161a36327744b2bc61?s=96&r=g","contentUrl":"https:\/\/secure.gravatar.com\/avatar\/00c6911b29e428161a36327744b2bc61?s=96&r=g","caption":"Imosver"},"url":"https:\/\/www.imosver.com\/blog\/author\/imosver\/"}]}},"_links":{"self":[{"href":"https:\/\/www.imosver.com\/blog\/wp-json\/wp\/v2\/posts\/7160"}],"collection":[{"href":"https:\/\/www.imosver.com\/blog\/wp-json\/wp\/v2\/posts"}],"about":[{"href":"https:\/\/www.imosver.com\/blog\/wp-json\/wp\/v2\/types\/post"}],"author":[{"embeddable":true,"href":"https:\/\/www.imosver.com\/blog\/wp-json\/wp\/v2\/users\/2"}],"replies":[{"embeddable":true,"href":"https:\/\/www.imosver.com\/blog\/wp-json\/wp\/v2\/comments?post=7160"}],"version-history":[{"count":3,"href":"https:\/\/www.imosver.com\/blog\/wp-json\/wp\/v2\/posts\/7160\/revisions"}],"predecessor-version":[{"id":8583,"href":"https:\/\/www.imosver.com\/blog\/wp-json\/wp\/v2\/posts\/7160\/revisions\/8583"}],"wp:featuredmedia":[{"embeddable":true,"href":"https:\/\/www.imosver.com\/blog\/wp-json\/wp\/v2\/media\/7161"}],"wp:attachment":[{"href":"https:\/\/www.imosver.com\/blog\/wp-json\/wp\/v2\/media?parent=7160"}],"wp:term":[{"taxonomy":"category","embeddable":true,"href":"https:\/\/www.imosver.com\/blog\/wp-json\/wp\/v2\/categories?post=7160"},{"taxonomy":"post_tag","embeddable":true,"href":"https:\/\/www.imosver.com\/blog\/wp-json\/wp\/v2\/tags?post=7160"}],"curies":[{"name":"wp","href":"https:\/\/api.w.org\/{rel}","templated":true}]}}