{"id":7173,"date":"2019-08-12T08:34:50","date_gmt":"2019-08-12T06:34:50","guid":{"rendered":"https:\/\/www.imosver.com\/blog\/?p=7173"},"modified":"2021-04-07T16:13:15","modified_gmt":"2021-04-07T14:13:15","slug":"matar-a-november","status":"publish","type":"post","link":"https:\/\/www.imosver.com\/blog\/matar-a-november\/","title":{"rendered":"Matar a November"},"content":{"rendered":"<p>Adriana Mather presenta <strong><a href=\"https:\/\/www.imosver.com\/es\/libro\/matar-a-november_DIG0010650\">\u201cMatar a November\u201d,<\/a><\/strong> una novela que trata sobre un grupo de j\u00f3venes de la \u00e9lite que tienen todo a su favor para ser la siguiente generaci\u00f3n que domine el mundo.<!--more--> Provienen de familias que controlan la mayor\u00eda de las empresas importantes a nivel global y est\u00e1n acostumbrados desde peque\u00f1os a mandar. \u00bfQu\u00e9 podr\u00eda salir mal?<span style=\"font-weight: 300;\">\u00a0<\/span><\/p>\n<p><a href=\"https:\/\/www.imosver.com\/blog\/wp-content\/uploads\/2019\/08\/978842721805.jpg\"><img loading=\"lazy\" class=\"alignright size-medium wp-image-7174\" title=\"978842721805\" src=\"https:\/\/www.imosver.com\/blog\/wp-content\/uploads\/2019\/08\/978842721805-197x300.jpg\" alt=\"\" width=\"197\" height=\"300\" srcset=\"https:\/\/www.imosver.com\/blog\/wp-content\/uploads\/2019\/08\/978842721805-197x300.jpg 197w, https:\/\/www.imosver.com\/blog\/wp-content\/uploads\/2019\/08\/978842721805.jpg 500w\" sizes=\"(max-width: 197px) 100vw, 197px\" \/><\/a>Los chicos de <strong>\u201cMatar a November\u201d<\/strong> viven en una burbuja hecha a medida, entrenan para ser asesinos, expertos en la imitaci\u00f3n de caracteres y esp\u00edas secretos. Sin embargo, November cree que no encaja en una academia de este tipo y se siente bastante mal, pero antes de que pueda hacer algo para intentar solucionar su situaci\u00f3n es testigo de c\u00f3mo una chica muere en extra\u00f1as circunstancias, lo que har\u00e1 que se tenga que lanzar a una carrera para evitar se se\u00f1alada como la culpable.<span style=\"font-weight: 300;\">\u00a0<\/span><\/p>\n<p>Al mismo tiempo, <strong>November tendr\u00e1 que luchar para no ser la siguiente v\u00edctima<\/strong> de una academia donde las cosas no son tan sencillas como parecen y donde todo el mundo guarda secretos a cada cual m\u00e1s oscuro.<span style=\"font-weight: 300;\">\u00a0<\/span><\/p>\n<p>\u00bfQu\u00e9 tiene que hacer una joven para solucionar un problema tan grave? \u00bfPor qu\u00e9 tiene que enfrentarse a esa situaci\u00f3n si lo \u00fanico que siempre ha querido es tener una vida tranquila?<span style=\"font-weight: 300;\">\u00a0<\/span><\/p>\n<p>November ver\u00e1 como su mundo se pone de patas arriba mientras se enfrenta a maestros del enga\u00f1o, lo que tambi\u00e9n pondr\u00e1 a prueba al lector, ya que este tendr\u00e1 que intentar descubrir la ra\u00edz del problema y la soluci\u00f3n al mismo tiempo que la propia protagonista. Y es que, si hay una cosa que nos gusta de este libro, es que <strong>Adriana Mather hace part\u00edcipe al lector de toda la acci\u00f3n<\/strong> y te hace sentir que eres un personaje m\u00e1s del libro.<span style=\"font-weight: 300;\">\u00a0<\/span><\/p>\n<p>\u00bfCrees que ser\u00edas capaz de resolver un misterio de tales proporciones? Int\u00e9ntalo y despu\u00e9s nos cuentas tu opini\u00f3n sobre este libro.<\/p>\n","protected":false},"excerpt":{"rendered":"<p>Adriana Mather presenta \u201cMatar a November\u201d, una novela que trata sobre un grupo de j\u00f3venes de la \u00e9lite que tienen todo a su favor para ser la siguiente generaci\u00f3n que domine el mundo.<\/p>\n","protected":false},"author":2,"featured_media":7174,"comment_status":"open","ping_status":"open","sticky":false,"template":"","format":"standard","meta":{"tdm_status":"","tdm_grid_status":""},"categories":[165],"tags":[],"yoast_head":"<!-- This site is optimized with the Yoast SEO plugin v17.2 - https:\/\/yoast.com\/wordpress\/plugins\/seo\/ -->\n<meta name=\"robots\" content=\"index, follow, max-snippet:-1, max-image-preview:large, max-video-preview:-1\" \/>\n<link rel=\"canonical\" href=\"https:\/\/www.imosver.com\/blog\/matar-a-november\/\" \/>\n<meta property=\"og:locale\" content=\"es_ES\" \/>\n<meta property=\"og:type\" content=\"article\" \/>\n<meta property=\"og:title\" content=\"Matar a November - Blog imosver\" \/>\n<meta property=\"og:description\" content=\"Adriana Mather presenta \u201cMatar a November\u201d, una novela que trata sobre un grupo de j\u00f3venes de la \u00e9lite que tienen todo a su favor para ser la siguiente generaci\u00f3n que domine el mundo.\" \/>\n<meta property=\"og:url\" content=\"https:\/\/www.imosver.com\/blog\/matar-a-november\/\" \/>\n<meta property=\"og:site_name\" content=\"Blog imosver\" \/>\n<meta property=\"article:publisher\" content=\"https:\/\/www.facebook.com\/imosver\" \/>\n<meta property=\"article:published_time\" content=\"2019-08-12T06:34:50+00:00\" \/>\n<meta property=\"article:modified_time\" content=\"2021-04-07T14:13:15+00:00\" \/>\n<meta property=\"og:image\" content=\"https:\/\/imosver.com\/blog\/wp-content\/uploads\/2019\/08\/978842721805.jpg\" \/>\n\t<meta property=\"og:image:width\" content=\"500\" \/>\n\t<meta property=\"og:image:height\" content=\"761\" \/>\n<meta name=\"twitter:card\" content=\"summary_large_image\" \/>\n<meta name=\"twitter:creator\" content=\"@Imosver\" \/>\n<meta name=\"twitter:site\" content=\"@Imosver\" \/>\n<meta name=\"twitter:label1\" content=\"Escrito por\" \/>\n\t<meta name=\"twitter:data1\" content=\"Imosver\" \/>\n\t<meta name=\"twitter:label2\" content=\"Tiempo de lectura\" \/>\n\t<meta name=\"twitter:data2\" content=\"2 minutos\" \/>\n<script type=\"application\/ld+json\" class=\"yoast-schema-graph\">{\"@context\":\"https:\/\/schema.org\",\"@graph\":[{\"@type\":\"Organization\",\"@id\":\"https:\/\/www.imosver.com\/blog\/#organization\",\"name\":\"Imosver\",\"url\":\"https:\/\/www.imosver.com\/blog\/\",\"sameAs\":[\"https:\/\/www.facebook.com\/imosver\",\"https:\/\/www.instagram.com\/imosver\/\",\"https:\/\/www.linkedin.com\/company\/3086458\/admin\/\",\"https:\/\/www.pinterest.es\/imosver\/\",\"https:\/\/twitter.com\/Imosver\"],\"logo\":{\"@type\":\"ImageObject\",\"@id\":\"https:\/\/www.imosver.com\/blog\/#logo\",\"inLanguage\":\"es\",\"url\":\"https:\/\/www.imosver.com\/blog\/wp-content\/uploads\/2026\/01\/logo.png\",\"contentUrl\":\"https:\/\/www.imosver.com\/blog\/wp-content\/uploads\/2026\/01\/logo.png\",\"width\":523,\"height\":120,\"caption\":\"Imosver\"},\"image\":{\"@id\":\"https:\/\/www.imosver.com\/blog\/#logo\"}},{\"@type\":\"WebSite\",\"@id\":\"https:\/\/www.imosver.com\/blog\/#website\",\"url\":\"https:\/\/www.imosver.com\/blog\/\",\"name\":\"Blog imosver\",\"description\":\"Blog Imosver\",\"publisher\":{\"@id\":\"https:\/\/www.imosver.com\/blog\/#organization\"},\"potentialAction\":[{\"@type\":\"SearchAction\",\"target\":{\"@type\":\"EntryPoint\",\"urlTemplate\":\"https:\/\/www.imosver.com\/blog\/?s={search_term_string}\"},\"query-input\":\"required name=search_term_string\"}],\"inLanguage\":\"es\"},{\"@type\":\"ImageObject\",\"@id\":\"https:\/\/www.imosver.com\/blog\/matar-a-november\/#primaryimage\",\"inLanguage\":\"es\",\"url\":\"https:\/\/www.imosver.com\/blog\/wp-content\/uploads\/2019\/08\/978842721805.jpg\",\"contentUrl\":\"https:\/\/www.imosver.com\/blog\/wp-content\/uploads\/2019\/08\/978842721805.jpg\",\"width\":\"500\",\"height\":\"761\"},{\"@type\":\"WebPage\",\"@id\":\"https:\/\/www.imosver.com\/blog\/matar-a-november\/#webpage\",\"url\":\"https:\/\/www.imosver.com\/blog\/matar-a-november\/\",\"name\":\"Matar a November - Blog imosver\",\"isPartOf\":{\"@id\":\"https:\/\/www.imosver.com\/blog\/#website\"},\"primaryImageOfPage\":{\"@id\":\"https:\/\/www.imosver.com\/blog\/matar-a-november\/#primaryimage\"},\"datePublished\":\"2019-08-12T06:34:50+00:00\",\"dateModified\":\"2021-04-07T14:13:15+00:00\",\"breadcrumb\":{\"@id\":\"https:\/\/www.imosver.com\/blog\/matar-a-november\/#breadcrumb\"},\"inLanguage\":\"es\",\"potentialAction\":[{\"@type\":\"ReadAction\",\"target\":[\"https:\/\/www.imosver.com\/blog\/matar-a-november\/\"]}]},{\"@type\":\"BreadcrumbList\",\"@id\":\"https:\/\/www.imosver.com\/blog\/matar-a-november\/#breadcrumb\",\"itemListElement\":[{\"@type\":\"ListItem\",\"position\":1,\"name\":\"Portada\",\"item\":\"https:\/\/www.imosver.com\/blog\/\"},{\"@type\":\"ListItem\",\"position\":2,\"name\":\"Matar a November\"}]},{\"@type\":\"Article\",\"@id\":\"https:\/\/www.imosver.com\/blog\/matar-a-november\/#article\",\"isPartOf\":{\"@id\":\"https:\/\/www.imosver.com\/blog\/matar-a-november\/#webpage\"},\"author\":{\"@id\":\"https:\/\/www.imosver.com\/blog\/#\/schema\/person\/4894cc3afc687758ce752d7938e0519d\"},\"headline\":\"Matar a November\",\"datePublished\":\"2019-08-12T06:34:50+00:00\",\"dateModified\":\"2021-04-07T14:13:15+00:00\",\"mainEntityOfPage\":{\"@id\":\"https:\/\/www.imosver.com\/blog\/matar-a-november\/#webpage\"},\"wordCount\":343,\"commentCount\":0,\"publisher\":{\"@id\":\"https:\/\/www.imosver.com\/blog\/#organization\"},\"image\":{\"@id\":\"https:\/\/www.imosver.com\/blog\/matar-a-november\/#primaryimage\"},\"thumbnailUrl\":\"https:\/\/www.imosver.com\/blog\/wp-content\/uploads\/2019\/08\/978842721805.jpg\",\"articleSection\":[\"Actualidad\"],\"inLanguage\":\"es\",\"potentialAction\":[{\"@type\":\"CommentAction\",\"name\":\"Comment\",\"target\":[\"https:\/\/www.imosver.com\/blog\/matar-a-november\/#respond\"]}]},{\"@type\":\"Person\",\"@id\":\"https:\/\/www.imosver.com\/blog\/#\/schema\/person\/4894cc3afc687758ce752d7938e0519d\",\"name\":\"Imosver\",\"image\":{\"@type\":\"ImageObject\",\"@id\":\"https:\/\/www.imosver.com\/blog\/#personlogo\",\"inLanguage\":\"es\",\"url\":\"https:\/\/secure.gravatar.com\/avatar\/00c6911b29e428161a36327744b2bc61?s=96&r=g\",\"contentUrl\":\"https:\/\/secure.gravatar.com\/avatar\/00c6911b29e428161a36327744b2bc61?s=96&r=g\",\"caption\":\"Imosver\"},\"url\":\"https:\/\/www.imosver.com\/blog\/author\/imosver\/\"}]}<\/script>\n<!-- \/ Yoast SEO plugin. -->","yoast_head_json":{"robots":{"index":"index","follow":"follow","max-snippet":"max-snippet:-1","max-image-preview":"max-image-preview:large","max-video-preview":"max-video-preview:-1"},"canonical":"https:\/\/www.imosver.com\/blog\/matar-a-november\/","og_locale":"es_ES","og_type":"article","og_title":"Matar a November - Blog imosver","og_description":"Adriana Mather presenta \u201cMatar a November\u201d, una novela que trata sobre un grupo de j\u00f3venes de la \u00e9lite que tienen todo a su favor para ser la siguiente generaci\u00f3n que domine el mundo.","og_url":"https:\/\/www.imosver.com\/blog\/matar-a-november\/","og_site_name":"Blog imosver","article_publisher":"https:\/\/www.facebook.com\/imosver","article_published_time":"2019-08-12T06:34:50+00:00","article_modified_time":"2021-04-07T14:13:15+00:00","og_image":[{"width":"500","height":"761","url":"https:\/\/imosver.com\/blog\/wp-content\/uploads\/2019\/08\/978842721805.jpg","path":"\/home\/admin\/web\/imosver.com\/blog\/public_html\/wp-content\/uploads\/2019\/08\/978842721805.jpg","size":"full","id":7174,"alt":"","pixels":380500,"type":"image\/jpeg"}],"twitter_card":"summary_large_image","twitter_creator":"@Imosver","twitter_site":"@Imosver","twitter_misc":{"Escrito por":"Imosver","Tiempo de lectura":"2 minutos"},"schema":{"@context":"https:\/\/schema.org","@graph":[{"@type":"Organization","@id":"https:\/\/www.imosver.com\/blog\/#organization","name":"Imosver","url":"https:\/\/www.imosver.com\/blog\/","sameAs":["https:\/\/www.facebook.com\/imosver","https:\/\/www.instagram.com\/imosver\/","https:\/\/www.linkedin.com\/company\/3086458\/admin\/","https:\/\/www.pinterest.es\/imosver\/","https:\/\/twitter.com\/Imosver"],"logo":{"@type":"ImageObject","@id":"https:\/\/www.imosver.com\/blog\/#logo","inLanguage":"es","url":"https:\/\/www.imosver.com\/blog\/wp-content\/uploads\/2026\/01\/logo.png","contentUrl":"https:\/\/www.imosver.com\/blog\/wp-content\/uploads\/2026\/01\/logo.png","width":523,"height":120,"caption":"Imosver"},"image":{"@id":"https:\/\/www.imosver.com\/blog\/#logo"}},{"@type":"WebSite","@id":"https:\/\/www.imosver.com\/blog\/#website","url":"https:\/\/www.imosver.com\/blog\/","name":"Blog imosver","description":"Blog Imosver","publisher":{"@id":"https:\/\/www.imosver.com\/blog\/#organization"},"potentialAction":[{"@type":"SearchAction","target":{"@type":"EntryPoint","urlTemplate":"https:\/\/www.imosver.com\/blog\/?s={search_term_string}"},"query-input":"required name=search_term_string"}],"inLanguage":"es"},{"@type":"ImageObject","@id":"https:\/\/www.imosver.com\/blog\/matar-a-november\/#primaryimage","inLanguage":"es","url":"https:\/\/www.imosver.com\/blog\/wp-content\/uploads\/2019\/08\/978842721805.jpg","contentUrl":"https:\/\/www.imosver.com\/blog\/wp-content\/uploads\/2019\/08\/978842721805.jpg","width":"500","height":"761"},{"@type":"WebPage","@id":"https:\/\/www.imosver.com\/blog\/matar-a-november\/#webpage","url":"https:\/\/www.imosver.com\/blog\/matar-a-november\/","name":"Matar a November - Blog imosver","isPartOf":{"@id":"https:\/\/www.imosver.com\/blog\/#website"},"primaryImageOfPage":{"@id":"https:\/\/www.imosver.com\/blog\/matar-a-november\/#primaryimage"},"datePublished":"2019-08-12T06:34:50+00:00","dateModified":"2021-04-07T14:13:15+00:00","breadcrumb":{"@id":"https:\/\/www.imosver.com\/blog\/matar-a-november\/#breadcrumb"},"inLanguage":"es","potentialAction":[{"@type":"ReadAction","target":["https:\/\/www.imosver.com\/blog\/matar-a-november\/"]}]},{"@type":"BreadcrumbList","@id":"https:\/\/www.imosver.com\/blog\/matar-a-november\/#breadcrumb","itemListElement":[{"@type":"ListItem","position":1,"name":"Portada","item":"https:\/\/www.imosver.com\/blog\/"},{"@type":"ListItem","position":2,"name":"Matar a November"}]},{"@type":"Article","@id":"https:\/\/www.imosver.com\/blog\/matar-a-november\/#article","isPartOf":{"@id":"https:\/\/www.imosver.com\/blog\/matar-a-november\/#webpage"},"author":{"@id":"https:\/\/www.imosver.com\/blog\/#\/schema\/person\/4894cc3afc687758ce752d7938e0519d"},"headline":"Matar a November","datePublished":"2019-08-12T06:34:50+00:00","dateModified":"2021-04-07T14:13:15+00:00","mainEntityOfPage":{"@id":"https:\/\/www.imosver.com\/blog\/matar-a-november\/#webpage"},"wordCount":343,"commentCount":0,"publisher":{"@id":"https:\/\/www.imosver.com\/blog\/#organization"},"image":{"@id":"https:\/\/www.imosver.com\/blog\/matar-a-november\/#primaryimage"},"thumbnailUrl":"https:\/\/www.imosver.com\/blog\/wp-content\/uploads\/2019\/08\/978842721805.jpg","articleSection":["Actualidad"],"inLanguage":"es","potentialAction":[{"@type":"CommentAction","name":"Comment","target":["https:\/\/www.imosver.com\/blog\/matar-a-november\/#respond"]}]},{"@type":"Person","@id":"https:\/\/www.imosver.com\/blog\/#\/schema\/person\/4894cc3afc687758ce752d7938e0519d","name":"Imosver","image":{"@type":"ImageObject","@id":"https:\/\/www.imosver.com\/blog\/#personlogo","inLanguage":"es","url":"https:\/\/secure.gravatar.com\/avatar\/00c6911b29e428161a36327744b2bc61?s=96&r=g","contentUrl":"https:\/\/secure.gravatar.com\/avatar\/00c6911b29e428161a36327744b2bc61?s=96&r=g","caption":"Imosver"},"url":"https:\/\/www.imosver.com\/blog\/author\/imosver\/"}]}},"_links":{"self":[{"href":"https:\/\/www.imosver.com\/blog\/wp-json\/wp\/v2\/posts\/7173"}],"collection":[{"href":"https:\/\/www.imosver.com\/blog\/wp-json\/wp\/v2\/posts"}],"about":[{"href":"https:\/\/www.imosver.com\/blog\/wp-json\/wp\/v2\/types\/post"}],"author":[{"embeddable":true,"href":"https:\/\/www.imosver.com\/blog\/wp-json\/wp\/v2\/users\/2"}],"replies":[{"embeddable":true,"href":"https:\/\/www.imosver.com\/blog\/wp-json\/wp\/v2\/comments?post=7173"}],"version-history":[{"count":3,"href":"https:\/\/www.imosver.com\/blog\/wp-json\/wp\/v2\/posts\/7173\/revisions"}],"predecessor-version":[{"id":7176,"href":"https:\/\/www.imosver.com\/blog\/wp-json\/wp\/v2\/posts\/7173\/revisions\/7176"}],"wp:featuredmedia":[{"embeddable":true,"href":"https:\/\/www.imosver.com\/blog\/wp-json\/wp\/v2\/media\/7174"}],"wp:attachment":[{"href":"https:\/\/www.imosver.com\/blog\/wp-json\/wp\/v2\/media?parent=7173"}],"wp:term":[{"taxonomy":"category","embeddable":true,"href":"https:\/\/www.imosver.com\/blog\/wp-json\/wp\/v2\/categories?post=7173"},{"taxonomy":"post_tag","embeddable":true,"href":"https:\/\/www.imosver.com\/blog\/wp-json\/wp\/v2\/tags?post=7173"}],"curies":[{"name":"wp","href":"https:\/\/api.w.org\/{rel}","templated":true}]}}