{"id":874,"date":"2013-03-19T10:18:00","date_gmt":"2013-03-19T10:18:00","guid":{"rendered":"https:\/\/www.imosver.com\/blog\/?p=874"},"modified":"2013-03-19T11:58:13","modified_gmt":"2013-03-19T11:58:13","slug":"a-donde-nos-vamos-a-desconectar","status":"publish","type":"post","link":"https:\/\/www.imosver.com\/blog\/a-donde-nos-vamos-a-desconectar\/","title":{"rendered":"\u00bfA d\u00f3nde nos vamos a desconectar?"},"content":{"rendered":"<p style=\"text-align: justify;\"><a href=\"https:\/\/www.imosver.com\/blog\/a-donde-nos-vamos-a-desconectar\/tandem-familiar-para-viajar\/\" rel=\"attachment wp-att-875\"><img loading=\"lazy\" class=\"alignleft size-medium wp-image-875\" title=\"TANDEM FAMILIAR PARA VIAJAR\" src=\"https:\/\/www.imosver.com\/blog\/wp-content\/uploads\/2013\/03\/TANDEM-FAMILIAR-PARA-VIAJAR-200x121.jpg\" alt=\"\" width=\"200\" height=\"121\" srcset=\"https:\/\/www.imosver.com\/blog\/wp-content\/uploads\/2013\/03\/TANDEM-FAMILIAR-PARA-VIAJAR-200x121.jpg 200w, https:\/\/www.imosver.com\/blog\/wp-content\/uploads\/2013\/03\/TANDEM-FAMILIAR-PARA-VIAJAR-494x300.jpg 494w, https:\/\/www.imosver.com\/blog\/wp-content\/uploads\/2013\/03\/TANDEM-FAMILIAR-PARA-VIAJAR.jpg 700w\" sizes=\"(max-width: 200px) 100vw, 200px\" \/><\/a><\/p>\n<p style=\"text-align: justify;\">Se acerca Semana Santa, seg\u00fan las estad\u00edsticas, el momento preferido por los espa\u00f1oles para escaparse y viajar.<\/p>\n<p style=\"text-align: justify;\">Hoy en d\u00eda los destinos son innumerables y para todos los gustos. Desde el turismo\u00a0 mochilero, hasta el viaje m\u00e1s lujoso. Cruceros, estaciones de esqu\u00ed, ciudades de Europa, parques tem\u00e1ticos con ni\u00f1os, playa, turismo rural, pa\u00edses ex\u00f3ticos,\u00a0 fiestas populares&#8230; Desde luego no ser\u00e1 por falta de opciones&#8230;.<\/p>\n<p style=\"text-align: justify;\">Pero como dice Rousseau, \u201cHay muchas diferencia en viajar para ver pa\u00edses y viajar para ver pueblos\u201d. El destino lo eleg\u00eds vosotros, pero queremos dejaros unos consejos comunes para cualquiera que sea la aventura elegida, y para que aprovech\u00e9is al m\u00e1ximo los beneficios que esta costumbre nos aporta.<\/p>\n<ul style=\"text-align: justify;\">\n<li>Una vez decidido nuestro viaje, nos informaremos y prepararemos\u00a0 toda la documentaci\u00f3n necesaria: billetes, pasaportes, seguros, permisos, visados&#8230;y no os olvid\u00e9is que los ni\u00f1os tambi\u00e9n necesitan sus acreditaciones.<\/li>\n<li>Por supuesto, si vais a desplazaros en coche, realizadle una revisi\u00f3n previa para evitar contratiempos y utilizad las medidas de seguridad adecuadas para los ni\u00f1os. Si prefer\u00eds un transporte p\u00fablico aprovechad los descuentos como el\u00a0 de carnet joven o\u00a0 familia numerosa. Ya sab\u00e9is que en el caso del avi\u00f3n, los billetes cogidos con antelaci\u00f3n pueden suponer un ahorro importante.<\/li>\n<li>Comprad una buena <strong>Gu\u00eda de Viajes<\/strong> relativa al destino elegido. Os resultar\u00e1 muy pr\u00e1ctica para conocer las costumbres, climatolog\u00eda, museos, gastronom\u00eda, fiestas&#8230;y un mont\u00f3n de detalles de cada lugar. Todav\u00eda en casa, Internet os proporciona mucha informaci\u00f3n y marcar en la Gu\u00eda de viajes los itinerarios, visitas y actividades que realizareis os evitar\u00e1 p\u00e9rdidas de tiempo una vez iniciadas las vacaciones. Es mejor llevar una buena planificaci\u00f3n y despu\u00e9s hacer sobre la marcha las modificaciones que os interesen , que dejar a la improvisaci\u00f3n las visitas y excursiones a realizar.<\/li>\n<li>Llevar ropa c\u00f3moda y no cargu\u00e9is excesivamente las maletas. Normalmente de los viajes se regresa con m\u00e1s cosas de las que se llevan. Un equipaje demasiado grande puede resultar muy inc\u00f3modo e incluso caro, sobretodo si vais a hacer noche en lugares diferentes. Recordad tambi\u00e9n, que un buen\u00a0 calzado es fundamental.<\/li>\n<li>Elegid un adecuado\u00a0 bolso de mano tipo bandolera, mochila o ri\u00f1onera,\u00a0 donde quepan las cosas b\u00e1sicas como dinero, identificaciones, c\u00e1mara de fotos, tel\u00e9fono&#8230;y no mucho m\u00e1s. Necesitareis tener esto siempre a mano pero que no suponga una carga excesiva sobre todo para los desplazamientos.<\/li>\n<\/ul>\n<p style=\"text-align: justify;\">Empapaos de las diferentes costumbres que conozc\u00e1is y disfrutad mucho&#8230;.aunque os vay\u00e1is al pueblo de al lado. Lo importante es romper con la rutina y cargar pilas. Ya nos contar\u00e9is a la vuelta!!!<\/p>\n<p style=\"text-align: justify;\">Visitad nuestra Tienda de Libros y encontrareis numerosas <a title=\"Guias de Viaje\" href=\"https:\/\/www.imosver.com\/es\/libros-de\/guias-de-viaje-LN1\/\" target=\"_blank\">Gu\u00edas de Viajes<\/a> en nuestros especial&#8230;\u00a1Prepara la Semana Santa!<\/p>\n","protected":false},"excerpt":{"rendered":"<p>Se acerca Semana Santa, seg\u00fan las estad\u00edsticas, el momento preferido por los espa\u00f1oles para escaparse y viajar. Hoy en d\u00eda los destinos son innumerables y para todos los gustos. Desde el turismo\u00a0 mochilero, hasta el viaje m\u00e1s lujoso. Cruceros, estaciones de esqu\u00ed, ciudades de Europa, parques tem\u00e1ticos con ni\u00f1os, playa, turismo rural, pa\u00edses ex\u00f3ticos,\u00a0 fiestas [&hellip;]<\/p>\n","protected":false},"author":2,"featured_media":0,"comment_status":"open","ping_status":"open","sticky":false,"template":"","format":"standard","meta":{"tdm_status":"","tdm_grid_status":""},"categories":[165],"tags":[256,255,129],"yoast_head":"<!-- This site is optimized with the Yoast SEO plugin v17.2 - https:\/\/yoast.com\/wordpress\/plugins\/seo\/ -->\n<meta name=\"robots\" content=\"index, follow, max-snippet:-1, max-image-preview:large, max-video-preview:-1\" \/>\n<link rel=\"canonical\" href=\"https:\/\/www.imosver.com\/blog\/a-donde-nos-vamos-a-desconectar\/\" \/>\n<meta property=\"og:locale\" content=\"es_ES\" \/>\n<meta property=\"og:type\" content=\"article\" \/>\n<meta property=\"og:title\" content=\"\u00bfA d\u00f3nde nos vamos a desconectar? - Blog imosver\" \/>\n<meta property=\"og:description\" content=\"Se acerca Semana Santa, seg\u00fan las estad\u00edsticas, el momento preferido por los espa\u00f1oles para escaparse y viajar. Hoy en d\u00eda los destinos son innumerables y para todos los gustos. Desde el turismo\u00a0 mochilero, hasta el viaje m\u00e1s lujoso. Cruceros, estaciones de esqu\u00ed, ciudades de Europa, parques tem\u00e1ticos con ni\u00f1os, playa, turismo rural, pa\u00edses ex\u00f3ticos,\u00a0 fiestas [&hellip;]\" \/>\n<meta property=\"og:url\" content=\"https:\/\/www.imosver.com\/blog\/a-donde-nos-vamos-a-desconectar\/\" \/>\n<meta property=\"og:site_name\" content=\"Blog imosver\" \/>\n<meta property=\"article:publisher\" content=\"https:\/\/www.facebook.com\/imosver\" \/>\n<meta property=\"article:published_time\" content=\"2013-03-19T10:18:00+00:00\" \/>\n<meta property=\"article:modified_time\" content=\"2013-03-19T11:58:13+00:00\" \/>\n<meta property=\"og:image\" content=\"https:\/\/www.imosver.com\/blog\/wp-content\/uploads\/2013\/03\/TANDEM-FAMILIAR-PARA-VIAJAR-200x121.jpg\" \/>\n<meta name=\"twitter:card\" content=\"summary_large_image\" \/>\n<meta name=\"twitter:creator\" content=\"@Imosver\" \/>\n<meta name=\"twitter:site\" content=\"@Imosver\" \/>\n<meta name=\"twitter:label1\" content=\"Escrito por\" \/>\n\t<meta name=\"twitter:data1\" content=\"Imosver\" \/>\n\t<meta name=\"twitter:label2\" content=\"Tiempo de lectura\" \/>\n\t<meta name=\"twitter:data2\" content=\"2 minutos\" \/>\n<script type=\"application\/ld+json\" class=\"yoast-schema-graph\">{\"@context\":\"https:\/\/schema.org\",\"@graph\":[{\"@type\":\"Organization\",\"@id\":\"https:\/\/www.imosver.com\/blog\/#organization\",\"name\":\"Imosver\",\"url\":\"https:\/\/www.imosver.com\/blog\/\",\"sameAs\":[\"https:\/\/www.facebook.com\/imosver\",\"https:\/\/www.instagram.com\/imosver\/\",\"https:\/\/www.linkedin.com\/company\/3086458\/admin\/\",\"https:\/\/www.pinterest.es\/imosver\/\",\"https:\/\/twitter.com\/Imosver\"],\"logo\":{\"@type\":\"ImageObject\",\"@id\":\"https:\/\/www.imosver.com\/blog\/#logo\",\"inLanguage\":\"es\",\"url\":\"https:\/\/www.imosver.com\/blog\/wp-content\/uploads\/2026\/01\/logo.png\",\"contentUrl\":\"https:\/\/www.imosver.com\/blog\/wp-content\/uploads\/2026\/01\/logo.png\",\"width\":523,\"height\":120,\"caption\":\"Imosver\"},\"image\":{\"@id\":\"https:\/\/www.imosver.com\/blog\/#logo\"}},{\"@type\":\"WebSite\",\"@id\":\"https:\/\/www.imosver.com\/blog\/#website\",\"url\":\"https:\/\/www.imosver.com\/blog\/\",\"name\":\"Blog imosver\",\"description\":\"Blog Imosver\",\"publisher\":{\"@id\":\"https:\/\/www.imosver.com\/blog\/#organization\"},\"potentialAction\":[{\"@type\":\"SearchAction\",\"target\":{\"@type\":\"EntryPoint\",\"urlTemplate\":\"https:\/\/www.imosver.com\/blog\/?s={search_term_string}\"},\"query-input\":\"required name=search_term_string\"}],\"inLanguage\":\"es\"},{\"@type\":\"ImageObject\",\"@id\":\"https:\/\/www.imosver.com\/blog\/a-donde-nos-vamos-a-desconectar\/#primaryimage\",\"inLanguage\":\"es\",\"url\":\"https:\/\/www.imosver.com\/blog\/wp-content\/uploads\/2013\/03\/TANDEM-FAMILIAR-PARA-VIAJAR.jpg\",\"contentUrl\":\"https:\/\/www.imosver.com\/blog\/wp-content\/uploads\/2013\/03\/TANDEM-FAMILIAR-PARA-VIAJAR.jpg\",\"width\":\"700\",\"height\":\"425\"},{\"@type\":\"WebPage\",\"@id\":\"https:\/\/www.imosver.com\/blog\/a-donde-nos-vamos-a-desconectar\/#webpage\",\"url\":\"https:\/\/www.imosver.com\/blog\/a-donde-nos-vamos-a-desconectar\/\",\"name\":\"\\u00bfA d\\u00f3nde nos vamos a desconectar? - Blog imosver\",\"isPartOf\":{\"@id\":\"https:\/\/www.imosver.com\/blog\/#website\"},\"primaryImageOfPage\":{\"@id\":\"https:\/\/www.imosver.com\/blog\/a-donde-nos-vamos-a-desconectar\/#primaryimage\"},\"datePublished\":\"2013-03-19T10:18:00+00:00\",\"dateModified\":\"2013-03-19T11:58:13+00:00\",\"breadcrumb\":{\"@id\":\"https:\/\/www.imosver.com\/blog\/a-donde-nos-vamos-a-desconectar\/#breadcrumb\"},\"inLanguage\":\"es\",\"potentialAction\":[{\"@type\":\"ReadAction\",\"target\":[\"https:\/\/www.imosver.com\/blog\/a-donde-nos-vamos-a-desconectar\/\"]}]},{\"@type\":\"BreadcrumbList\",\"@id\":\"https:\/\/www.imosver.com\/blog\/a-donde-nos-vamos-a-desconectar\/#breadcrumb\",\"itemListElement\":[{\"@type\":\"ListItem\",\"position\":1,\"name\":\"Portada\",\"item\":\"https:\/\/www.imosver.com\/blog\/\"},{\"@type\":\"ListItem\",\"position\":2,\"name\":\"\\u00bfA d\\u00f3nde nos vamos a desconectar?\"}]},{\"@type\":\"Article\",\"@id\":\"https:\/\/www.imosver.com\/blog\/a-donde-nos-vamos-a-desconectar\/#article\",\"isPartOf\":{\"@id\":\"https:\/\/www.imosver.com\/blog\/a-donde-nos-vamos-a-desconectar\/#webpage\"},\"author\":{\"@id\":\"https:\/\/www.imosver.com\/blog\/#\/schema\/person\/4894cc3afc687758ce752d7938e0519d\"},\"headline\":\"\\u00bfA d\\u00f3nde nos vamos a desconectar?\",\"datePublished\":\"2013-03-19T10:18:00+00:00\",\"dateModified\":\"2013-03-19T11:58:13+00:00\",\"mainEntityOfPage\":{\"@id\":\"https:\/\/www.imosver.com\/blog\/a-donde-nos-vamos-a-desconectar\/#webpage\"},\"wordCount\":495,\"commentCount\":0,\"publisher\":{\"@id\":\"https:\/\/www.imosver.com\/blog\/#organization\"},\"image\":{\"@id\":\"https:\/\/www.imosver.com\/blog\/a-donde-nos-vamos-a-desconectar\/#primaryimage\"},\"thumbnailUrl\":\"https:\/\/www.imosver.com\/blog\/wp-content\/uploads\/2013\/03\/TANDEM-FAMILIAR-PARA-VIAJAR-200x121.jpg\",\"keywords\":[\"gu\\u00eda de viaje\",\"gu\\u00edas\",\"guias de viaje\"],\"articleSection\":[\"Actualidad\"],\"inLanguage\":\"es\",\"potentialAction\":[{\"@type\":\"CommentAction\",\"name\":\"Comment\",\"target\":[\"https:\/\/www.imosver.com\/blog\/a-donde-nos-vamos-a-desconectar\/#respond\"]}]},{\"@type\":\"Person\",\"@id\":\"https:\/\/www.imosver.com\/blog\/#\/schema\/person\/4894cc3afc687758ce752d7938e0519d\",\"name\":\"Imosver\",\"image\":{\"@type\":\"ImageObject\",\"@id\":\"https:\/\/www.imosver.com\/blog\/#personlogo\",\"inLanguage\":\"es\",\"url\":\"https:\/\/secure.gravatar.com\/avatar\/00c6911b29e428161a36327744b2bc61?s=96&r=g\",\"contentUrl\":\"https:\/\/secure.gravatar.com\/avatar\/00c6911b29e428161a36327744b2bc61?s=96&r=g\",\"caption\":\"Imosver\"},\"url\":\"https:\/\/www.imosver.com\/blog\/author\/imosver\/\"}]}<\/script>\n<!-- \/ Yoast SEO plugin. -->","yoast_head_json":{"robots":{"index":"index","follow":"follow","max-snippet":"max-snippet:-1","max-image-preview":"max-image-preview:large","max-video-preview":"max-video-preview:-1"},"canonical":"https:\/\/www.imosver.com\/blog\/a-donde-nos-vamos-a-desconectar\/","og_locale":"es_ES","og_type":"article","og_title":"\u00bfA d\u00f3nde nos vamos a desconectar? - Blog imosver","og_description":"Se acerca Semana Santa, seg\u00fan las estad\u00edsticas, el momento preferido por los espa\u00f1oles para escaparse y viajar. Hoy en d\u00eda los destinos son innumerables y para todos los gustos. Desde el turismo\u00a0 mochilero, hasta el viaje m\u00e1s lujoso. Cruceros, estaciones de esqu\u00ed, ciudades de Europa, parques tem\u00e1ticos con ni\u00f1os, playa, turismo rural, pa\u00edses ex\u00f3ticos,\u00a0 fiestas [&hellip;]","og_url":"https:\/\/www.imosver.com\/blog\/a-donde-nos-vamos-a-desconectar\/","og_site_name":"Blog imosver","article_publisher":"https:\/\/www.facebook.com\/imosver","article_published_time":"2013-03-19T10:18:00+00:00","article_modified_time":"2013-03-19T11:58:13+00:00","og_image":[{"url":"https:\/\/www.imosver.com\/blog\/wp-content\/uploads\/2013\/03\/TANDEM-FAMILIAR-PARA-VIAJAR-200x121.jpg"}],"twitter_card":"summary_large_image","twitter_creator":"@Imosver","twitter_site":"@Imosver","twitter_misc":{"Escrito por":"Imosver","Tiempo de lectura":"2 minutos"},"schema":{"@context":"https:\/\/schema.org","@graph":[{"@type":"Organization","@id":"https:\/\/www.imosver.com\/blog\/#organization","name":"Imosver","url":"https:\/\/www.imosver.com\/blog\/","sameAs":["https:\/\/www.facebook.com\/imosver","https:\/\/www.instagram.com\/imosver\/","https:\/\/www.linkedin.com\/company\/3086458\/admin\/","https:\/\/www.pinterest.es\/imosver\/","https:\/\/twitter.com\/Imosver"],"logo":{"@type":"ImageObject","@id":"https:\/\/www.imosver.com\/blog\/#logo","inLanguage":"es","url":"https:\/\/www.imosver.com\/blog\/wp-content\/uploads\/2026\/01\/logo.png","contentUrl":"https:\/\/www.imosver.com\/blog\/wp-content\/uploads\/2026\/01\/logo.png","width":523,"height":120,"caption":"Imosver"},"image":{"@id":"https:\/\/www.imosver.com\/blog\/#logo"}},{"@type":"WebSite","@id":"https:\/\/www.imosver.com\/blog\/#website","url":"https:\/\/www.imosver.com\/blog\/","name":"Blog imosver","description":"Blog Imosver","publisher":{"@id":"https:\/\/www.imosver.com\/blog\/#organization"},"potentialAction":[{"@type":"SearchAction","target":{"@type":"EntryPoint","urlTemplate":"https:\/\/www.imosver.com\/blog\/?s={search_term_string}"},"query-input":"required name=search_term_string"}],"inLanguage":"es"},{"@type":"ImageObject","@id":"https:\/\/www.imosver.com\/blog\/a-donde-nos-vamos-a-desconectar\/#primaryimage","inLanguage":"es","url":"https:\/\/www.imosver.com\/blog\/wp-content\/uploads\/2013\/03\/TANDEM-FAMILIAR-PARA-VIAJAR.jpg","contentUrl":"https:\/\/www.imosver.com\/blog\/wp-content\/uploads\/2013\/03\/TANDEM-FAMILIAR-PARA-VIAJAR.jpg","width":"700","height":"425"},{"@type":"WebPage","@id":"https:\/\/www.imosver.com\/blog\/a-donde-nos-vamos-a-desconectar\/#webpage","url":"https:\/\/www.imosver.com\/blog\/a-donde-nos-vamos-a-desconectar\/","name":"\u00bfA d\u00f3nde nos vamos a desconectar? - Blog imosver","isPartOf":{"@id":"https:\/\/www.imosver.com\/blog\/#website"},"primaryImageOfPage":{"@id":"https:\/\/www.imosver.com\/blog\/a-donde-nos-vamos-a-desconectar\/#primaryimage"},"datePublished":"2013-03-19T10:18:00+00:00","dateModified":"2013-03-19T11:58:13+00:00","breadcrumb":{"@id":"https:\/\/www.imosver.com\/blog\/a-donde-nos-vamos-a-desconectar\/#breadcrumb"},"inLanguage":"es","potentialAction":[{"@type":"ReadAction","target":["https:\/\/www.imosver.com\/blog\/a-donde-nos-vamos-a-desconectar\/"]}]},{"@type":"BreadcrumbList","@id":"https:\/\/www.imosver.com\/blog\/a-donde-nos-vamos-a-desconectar\/#breadcrumb","itemListElement":[{"@type":"ListItem","position":1,"name":"Portada","item":"https:\/\/www.imosver.com\/blog\/"},{"@type":"ListItem","position":2,"name":"\u00bfA d\u00f3nde nos vamos a desconectar?"}]},{"@type":"Article","@id":"https:\/\/www.imosver.com\/blog\/a-donde-nos-vamos-a-desconectar\/#article","isPartOf":{"@id":"https:\/\/www.imosver.com\/blog\/a-donde-nos-vamos-a-desconectar\/#webpage"},"author":{"@id":"https:\/\/www.imosver.com\/blog\/#\/schema\/person\/4894cc3afc687758ce752d7938e0519d"},"headline":"\u00bfA d\u00f3nde nos vamos a desconectar?","datePublished":"2013-03-19T10:18:00+00:00","dateModified":"2013-03-19T11:58:13+00:00","mainEntityOfPage":{"@id":"https:\/\/www.imosver.com\/blog\/a-donde-nos-vamos-a-desconectar\/#webpage"},"wordCount":495,"commentCount":0,"publisher":{"@id":"https:\/\/www.imosver.com\/blog\/#organization"},"image":{"@id":"https:\/\/www.imosver.com\/blog\/a-donde-nos-vamos-a-desconectar\/#primaryimage"},"thumbnailUrl":"https:\/\/www.imosver.com\/blog\/wp-content\/uploads\/2013\/03\/TANDEM-FAMILIAR-PARA-VIAJAR-200x121.jpg","keywords":["gu\u00eda de viaje","gu\u00edas","guias de viaje"],"articleSection":["Actualidad"],"inLanguage":"es","potentialAction":[{"@type":"CommentAction","name":"Comment","target":["https:\/\/www.imosver.com\/blog\/a-donde-nos-vamos-a-desconectar\/#respond"]}]},{"@type":"Person","@id":"https:\/\/www.imosver.com\/blog\/#\/schema\/person\/4894cc3afc687758ce752d7938e0519d","name":"Imosver","image":{"@type":"ImageObject","@id":"https:\/\/www.imosver.com\/blog\/#personlogo","inLanguage":"es","url":"https:\/\/secure.gravatar.com\/avatar\/00c6911b29e428161a36327744b2bc61?s=96&r=g","contentUrl":"https:\/\/secure.gravatar.com\/avatar\/00c6911b29e428161a36327744b2bc61?s=96&r=g","caption":"Imosver"},"url":"https:\/\/www.imosver.com\/blog\/author\/imosver\/"}]}},"_links":{"self":[{"href":"https:\/\/www.imosver.com\/blog\/wp-json\/wp\/v2\/posts\/874"}],"collection":[{"href":"https:\/\/www.imosver.com\/blog\/wp-json\/wp\/v2\/posts"}],"about":[{"href":"https:\/\/www.imosver.com\/blog\/wp-json\/wp\/v2\/types\/post"}],"author":[{"embeddable":true,"href":"https:\/\/www.imosver.com\/blog\/wp-json\/wp\/v2\/users\/2"}],"replies":[{"embeddable":true,"href":"https:\/\/www.imosver.com\/blog\/wp-json\/wp\/v2\/comments?post=874"}],"version-history":[{"count":4,"href":"https:\/\/www.imosver.com\/blog\/wp-json\/wp\/v2\/posts\/874\/revisions"}],"predecessor-version":[{"id":878,"href":"https:\/\/www.imosver.com\/blog\/wp-json\/wp\/v2\/posts\/874\/revisions\/878"}],"wp:attachment":[{"href":"https:\/\/www.imosver.com\/blog\/wp-json\/wp\/v2\/media?parent=874"}],"wp:term":[{"taxonomy":"category","embeddable":true,"href":"https:\/\/www.imosver.com\/blog\/wp-json\/wp\/v2\/categories?post=874"},{"taxonomy":"post_tag","embeddable":true,"href":"https:\/\/www.imosver.com\/blog\/wp-json\/wp\/v2\/tags?post=874"}],"curies":[{"name":"wp","href":"https:\/\/api.w.org\/{rel}","templated":true}]}}