{"id":995,"date":"2013-04-10T09:21:22","date_gmt":"2013-04-10T09:21:22","guid":{"rendered":"https:\/\/www.imosver.com\/blog\/?p=995"},"modified":"2021-04-07T15:33:17","modified_gmt":"2021-04-07T13:33:17","slug":"especial-comuniones","status":"publish","type":"post","link":"https:\/\/www.imosver.com\/blog\/especial-comuniones\/","title":{"rendered":"Especial Comuniones"},"content":{"rendered":"<p><a href=\"https:\/\/www.imosver.com\/blog\/wp-content\/uploads\/2013\/04\/Especial-Comuniones-Imosver.jpg\"><img loading=\"lazy\" class=\"aligncenter size-full wp-image-996\" title=\"Especial Comuniones Imosver\" src=\"https:\/\/www.imosver.com\/blog\/wp-content\/uploads\/2013\/04\/Especial-Comuniones-Imosver.jpg\" alt=\"\" width=\"710\" height=\"141\" srcset=\"https:\/\/www.imosver.com\/blog\/wp-content\/uploads\/2013\/04\/Especial-Comuniones-Imosver.jpg 710w, https:\/\/www.imosver.com\/blog\/wp-content\/uploads\/2013\/04\/Especial-Comuniones-Imosver-200x39.jpg 200w, https:\/\/www.imosver.com\/blog\/wp-content\/uploads\/2013\/04\/Especial-Comuniones-Imosver-500x99.jpg 500w\" sizes=\"(max-width: 710px) 100vw, 710px\" \/><\/a><\/p>\n<p style=\"text-align: justify;\">Estamos en abril ya y, por tanto, se acerca la<strong> \u00e9poca de las Comuniones<\/strong> de nuestros peque\u00f1os. Dejando de lado el tema religioso, a todos ellos les hace mucha ilusi\u00f3n esta celebraci\u00f3n por tratarse de un d\u00eda en el que son plenamente el centro de atenci\u00f3n.<\/p>\n<p style=\"text-align: justify;\">Pero que lleguen las comuniones tambi\u00e9n significa el tener que <strong>elegir y comprar el regalo<\/strong>. Desde Imosver queremos <strong>aportar ideas<\/strong> para haceros m\u00e1s f\u00e1cil la elecci\u00f3n. De hecho, en nuestra web contamos con el <a title=\"Especial Comuniones\" href=\"https:\/\/www.imosver.com\/es\/especial\/especial-comuniones_46\" target=\"_blank\" rel=\"noopener\">Especial Comuniones<\/a>.<\/p>\n<p style=\"text-align: justify;\">As\u00ed, aunque debido a la crisis hoy en d\u00eda se suele regalar dinero para que la familia pueda cubrir los gastos de la celebraci\u00f3n siempre podemos complementar \u00e9ste con alg\u00fan peque\u00f1o obsequio.<\/p>\n<p style=\"text-align: justify;\">Un <strong>libro<\/strong> no es una mala idea y algunos suelen gustar bastante como <a title=\"Mi Primera Biblia. Historias del Antiguo y Nuevo Testamento\" href=\"https:\/\/www.imosver.com\/es\/libro\/mi-primera-biblia_0039980342\" target=\"_blank\" rel=\"noopener\">Mi Primera Biblia. Historias del Antiguo y Nuevo Testamento<\/a> o <a title=\"Libro de Firmas: Recuerdo de mi Primera Comuni\u00f3n\" href=\"https:\/\/www.imosver.com\/es\/libro\/libro-de-firmas-recuerdo-de-mi-primera-comunion_0969980406\" target=\"_blank\" rel=\"noopener\">Libro de Firmas: Recuerdo de mi Primera Comuni\u00f3n<\/a>. Especialmente el segundo suele encantar, ya que algo que les gusta mucho a los m\u00e1s peque\u00f1os es tener firmas dedicadas de todos sus familiares para ellos. Luego, estar\u00e1n continuamente revis\u00e1ndolo y ense\u00f1\u00e1ndolo.<\/p>\n<p style=\"text-align: justify;\">Adem\u00e1s de los libros espec\u00edficos las <strong>colecciones<\/strong> <strong>de libros<\/strong> tambi\u00e9n tienen mucho \u00e9xito como la de <strong>Diario de Greg<\/strong>. Un retrato c\u00f3mico de la vida, la voz y las costumbres de\u00a0los ni\u00f1os preadolescentes que har\u00e1 a todo\u00a0el mundo troncharse de risa.<\/p>\n<p style=\"text-align: justify;\">Por otro lado, para las ni\u00f1as todo lo relacionado con las <strong>Monster High<\/strong>, por ejemplo, casi seguro triunfar\u00e1, por lo que buscar algo relacionado tambi\u00e9n es muy buena idea.<\/p>\n<p style=\"text-align: justify;\">Por \u00faltimo, no hay que olvidarse de los <strong>juegos de mesa<\/strong>, que tambi\u00e9n vendemos en nuestra tienda online. Los m\u00e1s peque\u00f1os se suelen quedar prendados de los t\u00edpicos <strong>juegos con conector<\/strong> para unir dos dibujos, un dibujo y una palabra, etc. De este estilo hay multitud de ellos, de los animales del mundo, de geograf\u00eda, de idiomas&#8230; Pero adem\u00e1s de estos, hay que recordar que los <strong>puzzles<\/strong> siempre gustan y existen de multitud de cuestiones, desde Spiderman a las propias Monster High. Para terminar, tambi\u00e9n resultan ser una buena idea los peque\u00f1os <strong>ordenadores de aprendizaje<\/strong>, que suelen estar hechos para aprender idiomas.<\/p>\n<p style=\"text-align: justify;\">De todos modos, sea cual sea vuestra elecci\u00f3n, seguro que dedic\u00e1ndole un poco de tiempo acert\u00e1is. Un saludo desde Imosver y \u00a1disfrutad de los peque\u00f1os de la casa!<\/p>\n<p style=\"text-align: justify;\">\n","protected":false},"excerpt":{"rendered":"<p>Estamos en abril ya y, por tanto, se acerca la \u00e9poca de las Comuniones de nuestros peque\u00f1os. Dejando de lado el tema religioso, a todos ellos les hace mucha ilusi\u00f3n esta celebraci\u00f3n por tratarse de un d\u00eda en el que son plenamente el centro de atenci\u00f3n. Pero que lleguen las comuniones tambi\u00e9n significa el tener [&hellip;]<\/p>\n","protected":false},"author":2,"featured_media":0,"comment_status":"open","ping_status":"open","sticky":false,"template":"","format":"standard","meta":{"tdm_status":"","tdm_grid_status":""},"categories":[2858],"tags":[281,2848,282],"yoast_head":"<!-- This site is optimized with the Yoast SEO plugin v17.2 - https:\/\/yoast.com\/wordpress\/plugins\/seo\/ -->\n<meta name=\"robots\" content=\"index, follow, max-snippet:-1, max-image-preview:large, max-video-preview:-1\" \/>\n<link rel=\"canonical\" href=\"https:\/\/www.imosver.com\/blog\/especial-comuniones\/\" \/>\n<meta property=\"og:locale\" content=\"es_ES\" \/>\n<meta property=\"og:type\" content=\"article\" \/>\n<meta property=\"og:title\" content=\"Especial Comuniones - Blog imosver\" \/>\n<meta property=\"og:description\" content=\"Estamos en abril ya y, por tanto, se acerca la \u00e9poca de las Comuniones de nuestros peque\u00f1os. Dejando de lado el tema religioso, a todos ellos les hace mucha ilusi\u00f3n esta celebraci\u00f3n por tratarse de un d\u00eda en el que son plenamente el centro de atenci\u00f3n. Pero que lleguen las comuniones tambi\u00e9n significa el tener [&hellip;]\" \/>\n<meta property=\"og:url\" content=\"https:\/\/www.imosver.com\/blog\/especial-comuniones\/\" \/>\n<meta property=\"og:site_name\" content=\"Blog imosver\" \/>\n<meta property=\"article:publisher\" content=\"https:\/\/www.facebook.com\/imosver\" \/>\n<meta property=\"article:published_time\" content=\"2013-04-10T09:21:22+00:00\" \/>\n<meta property=\"article:modified_time\" content=\"2021-04-07T13:33:17+00:00\" \/>\n<meta property=\"og:image\" content=\"https:\/\/www.imosver.com\/blog\/wp-content\/uploads\/2013\/04\/Especial-Comuniones-Imosver.jpg\" \/>\n<meta name=\"twitter:card\" content=\"summary_large_image\" \/>\n<meta name=\"twitter:creator\" content=\"@Imosver\" \/>\n<meta name=\"twitter:site\" content=\"@Imosver\" \/>\n<meta name=\"twitter:label1\" content=\"Escrito por\" \/>\n\t<meta name=\"twitter:data1\" content=\"Imosver\" \/>\n\t<meta name=\"twitter:label2\" content=\"Tiempo de lectura\" \/>\n\t<meta name=\"twitter:data2\" content=\"2 minutos\" \/>\n<script type=\"application\/ld+json\" class=\"yoast-schema-graph\">{\"@context\":\"https:\/\/schema.org\",\"@graph\":[{\"@type\":\"Organization\",\"@id\":\"https:\/\/www.imosver.com\/blog\/#organization\",\"name\":\"Imosver\",\"url\":\"https:\/\/www.imosver.com\/blog\/\",\"sameAs\":[\"https:\/\/www.facebook.com\/imosver\",\"https:\/\/www.instagram.com\/imosver\/\",\"https:\/\/www.linkedin.com\/company\/3086458\/admin\/\",\"https:\/\/www.pinterest.es\/imosver\/\",\"https:\/\/twitter.com\/Imosver\"],\"logo\":{\"@type\":\"ImageObject\",\"@id\":\"https:\/\/www.imosver.com\/blog\/#logo\",\"inLanguage\":\"es\",\"url\":\"https:\/\/www.imosver.com\/blog\/wp-content\/uploads\/2026\/01\/logo.png\",\"contentUrl\":\"https:\/\/www.imosver.com\/blog\/wp-content\/uploads\/2026\/01\/logo.png\",\"width\":523,\"height\":120,\"caption\":\"Imosver\"},\"image\":{\"@id\":\"https:\/\/www.imosver.com\/blog\/#logo\"}},{\"@type\":\"WebSite\",\"@id\":\"https:\/\/www.imosver.com\/blog\/#website\",\"url\":\"https:\/\/www.imosver.com\/blog\/\",\"name\":\"Blog imosver\",\"description\":\"Blog Imosver\",\"publisher\":{\"@id\":\"https:\/\/www.imosver.com\/blog\/#organization\"},\"potentialAction\":[{\"@type\":\"SearchAction\",\"target\":{\"@type\":\"EntryPoint\",\"urlTemplate\":\"https:\/\/www.imosver.com\/blog\/?s={search_term_string}\"},\"query-input\":\"required name=search_term_string\"}],\"inLanguage\":\"es\"},{\"@type\":\"ImageObject\",\"@id\":\"https:\/\/www.imosver.com\/blog\/especial-comuniones\/#primaryimage\",\"inLanguage\":\"es\",\"url\":\"https:\/\/www.imosver.com\/blog\/wp-content\/uploads\/2013\/04\/Especial-Comuniones-Imosver.jpg\",\"contentUrl\":\"https:\/\/www.imosver.com\/blog\/wp-content\/uploads\/2013\/04\/Especial-Comuniones-Imosver.jpg\",\"width\":\"710\",\"height\":\"141\"},{\"@type\":\"WebPage\",\"@id\":\"https:\/\/www.imosver.com\/blog\/especial-comuniones\/#webpage\",\"url\":\"https:\/\/www.imosver.com\/blog\/especial-comuniones\/\",\"name\":\"Especial Comuniones - Blog imosver\",\"isPartOf\":{\"@id\":\"https:\/\/www.imosver.com\/blog\/#website\"},\"primaryImageOfPage\":{\"@id\":\"https:\/\/www.imosver.com\/blog\/especial-comuniones\/#primaryimage\"},\"datePublished\":\"2013-04-10T09:21:22+00:00\",\"dateModified\":\"2021-04-07T13:33:17+00:00\",\"breadcrumb\":{\"@id\":\"https:\/\/www.imosver.com\/blog\/especial-comuniones\/#breadcrumb\"},\"inLanguage\":\"es\",\"potentialAction\":[{\"@type\":\"ReadAction\",\"target\":[\"https:\/\/www.imosver.com\/blog\/especial-comuniones\/\"]}]},{\"@type\":\"BreadcrumbList\",\"@id\":\"https:\/\/www.imosver.com\/blog\/especial-comuniones\/#breadcrumb\",\"itemListElement\":[{\"@type\":\"ListItem\",\"position\":1,\"name\":\"Portada\",\"item\":\"https:\/\/www.imosver.com\/blog\/\"},{\"@type\":\"ListItem\",\"position\":2,\"name\":\"Especial Comuniones\"}]},{\"@type\":\"Article\",\"@id\":\"https:\/\/www.imosver.com\/blog\/especial-comuniones\/#article\",\"isPartOf\":{\"@id\":\"https:\/\/www.imosver.com\/blog\/especial-comuniones\/#webpage\"},\"author\":{\"@id\":\"https:\/\/www.imosver.com\/blog\/#\/schema\/person\/4894cc3afc687758ce752d7938e0519d\"},\"headline\":\"Especial Comuniones\",\"datePublished\":\"2013-04-10T09:21:22+00:00\",\"dateModified\":\"2021-04-07T13:33:17+00:00\",\"mainEntityOfPage\":{\"@id\":\"https:\/\/www.imosver.com\/blog\/especial-comuniones\/#webpage\"},\"wordCount\":419,\"commentCount\":0,\"publisher\":{\"@id\":\"https:\/\/www.imosver.com\/blog\/#organization\"},\"image\":{\"@id\":\"https:\/\/www.imosver.com\/blog\/especial-comuniones\/#primaryimage\"},\"thumbnailUrl\":\"https:\/\/www.imosver.com\/blog\/wp-content\/uploads\/2013\/04\/Especial-Comuniones-Imosver.jpg\",\"keywords\":[\"Especial Comuniones\",\"Peques y J\\u00f3venes\",\"Regalos Comuni\\u00f3n\"],\"articleSection\":[\"Juvenil\"],\"inLanguage\":\"es\",\"potentialAction\":[{\"@type\":\"CommentAction\",\"name\":\"Comment\",\"target\":[\"https:\/\/www.imosver.com\/blog\/especial-comuniones\/#respond\"]}]},{\"@type\":\"Person\",\"@id\":\"https:\/\/www.imosver.com\/blog\/#\/schema\/person\/4894cc3afc687758ce752d7938e0519d\",\"name\":\"Imosver\",\"image\":{\"@type\":\"ImageObject\",\"@id\":\"https:\/\/www.imosver.com\/blog\/#personlogo\",\"inLanguage\":\"es\",\"url\":\"https:\/\/secure.gravatar.com\/avatar\/00c6911b29e428161a36327744b2bc61?s=96&r=g\",\"contentUrl\":\"https:\/\/secure.gravatar.com\/avatar\/00c6911b29e428161a36327744b2bc61?s=96&r=g\",\"caption\":\"Imosver\"},\"url\":\"https:\/\/www.imosver.com\/blog\/author\/imosver\/\"}]}<\/script>\n<!-- \/ Yoast SEO plugin. -->","yoast_head_json":{"robots":{"index":"index","follow":"follow","max-snippet":"max-snippet:-1","max-image-preview":"max-image-preview:large","max-video-preview":"max-video-preview:-1"},"canonical":"https:\/\/www.imosver.com\/blog\/especial-comuniones\/","og_locale":"es_ES","og_type":"article","og_title":"Especial Comuniones - Blog imosver","og_description":"Estamos en abril ya y, por tanto, se acerca la \u00e9poca de las Comuniones de nuestros peque\u00f1os. Dejando de lado el tema religioso, a todos ellos les hace mucha ilusi\u00f3n esta celebraci\u00f3n por tratarse de un d\u00eda en el que son plenamente el centro de atenci\u00f3n. Pero que lleguen las comuniones tambi\u00e9n significa el tener [&hellip;]","og_url":"https:\/\/www.imosver.com\/blog\/especial-comuniones\/","og_site_name":"Blog imosver","article_publisher":"https:\/\/www.facebook.com\/imosver","article_published_time":"2013-04-10T09:21:22+00:00","article_modified_time":"2021-04-07T13:33:17+00:00","og_image":[{"url":"https:\/\/www.imosver.com\/blog\/wp-content\/uploads\/2013\/04\/Especial-Comuniones-Imosver.jpg"}],"twitter_card":"summary_large_image","twitter_creator":"@Imosver","twitter_site":"@Imosver","twitter_misc":{"Escrito por":"Imosver","Tiempo de lectura":"2 minutos"},"schema":{"@context":"https:\/\/schema.org","@graph":[{"@type":"Organization","@id":"https:\/\/www.imosver.com\/blog\/#organization","name":"Imosver","url":"https:\/\/www.imosver.com\/blog\/","sameAs":["https:\/\/www.facebook.com\/imosver","https:\/\/www.instagram.com\/imosver\/","https:\/\/www.linkedin.com\/company\/3086458\/admin\/","https:\/\/www.pinterest.es\/imosver\/","https:\/\/twitter.com\/Imosver"],"logo":{"@type":"ImageObject","@id":"https:\/\/www.imosver.com\/blog\/#logo","inLanguage":"es","url":"https:\/\/www.imosver.com\/blog\/wp-content\/uploads\/2026\/01\/logo.png","contentUrl":"https:\/\/www.imosver.com\/blog\/wp-content\/uploads\/2026\/01\/logo.png","width":523,"height":120,"caption":"Imosver"},"image":{"@id":"https:\/\/www.imosver.com\/blog\/#logo"}},{"@type":"WebSite","@id":"https:\/\/www.imosver.com\/blog\/#website","url":"https:\/\/www.imosver.com\/blog\/","name":"Blog imosver","description":"Blog Imosver","publisher":{"@id":"https:\/\/www.imosver.com\/blog\/#organization"},"potentialAction":[{"@type":"SearchAction","target":{"@type":"EntryPoint","urlTemplate":"https:\/\/www.imosver.com\/blog\/?s={search_term_string}"},"query-input":"required name=search_term_string"}],"inLanguage":"es"},{"@type":"ImageObject","@id":"https:\/\/www.imosver.com\/blog\/especial-comuniones\/#primaryimage","inLanguage":"es","url":"https:\/\/www.imosver.com\/blog\/wp-content\/uploads\/2013\/04\/Especial-Comuniones-Imosver.jpg","contentUrl":"https:\/\/www.imosver.com\/blog\/wp-content\/uploads\/2013\/04\/Especial-Comuniones-Imosver.jpg","width":"710","height":"141"},{"@type":"WebPage","@id":"https:\/\/www.imosver.com\/blog\/especial-comuniones\/#webpage","url":"https:\/\/www.imosver.com\/blog\/especial-comuniones\/","name":"Especial Comuniones - Blog imosver","isPartOf":{"@id":"https:\/\/www.imosver.com\/blog\/#website"},"primaryImageOfPage":{"@id":"https:\/\/www.imosver.com\/blog\/especial-comuniones\/#primaryimage"},"datePublished":"2013-04-10T09:21:22+00:00","dateModified":"2021-04-07T13:33:17+00:00","breadcrumb":{"@id":"https:\/\/www.imosver.com\/blog\/especial-comuniones\/#breadcrumb"},"inLanguage":"es","potentialAction":[{"@type":"ReadAction","target":["https:\/\/www.imosver.com\/blog\/especial-comuniones\/"]}]},{"@type":"BreadcrumbList","@id":"https:\/\/www.imosver.com\/blog\/especial-comuniones\/#breadcrumb","itemListElement":[{"@type":"ListItem","position":1,"name":"Portada","item":"https:\/\/www.imosver.com\/blog\/"},{"@type":"ListItem","position":2,"name":"Especial Comuniones"}]},{"@type":"Article","@id":"https:\/\/www.imosver.com\/blog\/especial-comuniones\/#article","isPartOf":{"@id":"https:\/\/www.imosver.com\/blog\/especial-comuniones\/#webpage"},"author":{"@id":"https:\/\/www.imosver.com\/blog\/#\/schema\/person\/4894cc3afc687758ce752d7938e0519d"},"headline":"Especial Comuniones","datePublished":"2013-04-10T09:21:22+00:00","dateModified":"2021-04-07T13:33:17+00:00","mainEntityOfPage":{"@id":"https:\/\/www.imosver.com\/blog\/especial-comuniones\/#webpage"},"wordCount":419,"commentCount":0,"publisher":{"@id":"https:\/\/www.imosver.com\/blog\/#organization"},"image":{"@id":"https:\/\/www.imosver.com\/blog\/especial-comuniones\/#primaryimage"},"thumbnailUrl":"https:\/\/www.imosver.com\/blog\/wp-content\/uploads\/2013\/04\/Especial-Comuniones-Imosver.jpg","keywords":["Especial Comuniones","Peques y J\u00f3venes","Regalos Comuni\u00f3n"],"articleSection":["Juvenil"],"inLanguage":"es","potentialAction":[{"@type":"CommentAction","name":"Comment","target":["https:\/\/www.imosver.com\/blog\/especial-comuniones\/#respond"]}]},{"@type":"Person","@id":"https:\/\/www.imosver.com\/blog\/#\/schema\/person\/4894cc3afc687758ce752d7938e0519d","name":"Imosver","image":{"@type":"ImageObject","@id":"https:\/\/www.imosver.com\/blog\/#personlogo","inLanguage":"es","url":"https:\/\/secure.gravatar.com\/avatar\/00c6911b29e428161a36327744b2bc61?s=96&r=g","contentUrl":"https:\/\/secure.gravatar.com\/avatar\/00c6911b29e428161a36327744b2bc61?s=96&r=g","caption":"Imosver"},"url":"https:\/\/www.imosver.com\/blog\/author\/imosver\/"}]}},"_links":{"self":[{"href":"https:\/\/www.imosver.com\/blog\/wp-json\/wp\/v2\/posts\/995"}],"collection":[{"href":"https:\/\/www.imosver.com\/blog\/wp-json\/wp\/v2\/posts"}],"about":[{"href":"https:\/\/www.imosver.com\/blog\/wp-json\/wp\/v2\/types\/post"}],"author":[{"embeddable":true,"href":"https:\/\/www.imosver.com\/blog\/wp-json\/wp\/v2\/users\/2"}],"replies":[{"embeddable":true,"href":"https:\/\/www.imosver.com\/blog\/wp-json\/wp\/v2\/comments?post=995"}],"version-history":[{"count":7,"href":"https:\/\/www.imosver.com\/blog\/wp-json\/wp\/v2\/posts\/995\/revisions"}],"predecessor-version":[{"id":8255,"href":"https:\/\/www.imosver.com\/blog\/wp-json\/wp\/v2\/posts\/995\/revisions\/8255"}],"wp:attachment":[{"href":"https:\/\/www.imosver.com\/blog\/wp-json\/wp\/v2\/media?parent=995"}],"wp:term":[{"taxonomy":"category","embeddable":true,"href":"https:\/\/www.imosver.com\/blog\/wp-json\/wp\/v2\/categories?post=995"},{"taxonomy":"post_tag","embeddable":true,"href":"https:\/\/www.imosver.com\/blog\/wp-json\/wp\/v2\/tags?post=995"}],"curies":[{"name":"wp","href":"https:\/\/api.w.org\/{rel}","templated":true}]}}